{"id":738033,"date":"2024-07-17T13:43:11","date_gmt":"2024-07-17T09:43:11","guid":{"rendered":"https:\/\/arantv.az\/?p=738033"},"modified":"2024-07-17T21:16:14","modified_gmt":"2024-07-17T17:16:14","slug":"gunu-gund%c9%99n-inkisaf-ed%c9%99n-az%c9%99rbaycan-pakistan-munasib%c9%99tl%c9%99ri","status":"publish","type":"post","link":"https:\/\/arantv.az\/?p=738033","title":{"rendered":"G\u00fcn\u00fc g\u00fcnd\u0259n inki\u015faf ed\u0259n Az\u0259rbaycan-Pakistan m\u00fcnasib\u0259tl\u0259ri"},"content":{"rendered":"<p>\u0130yul ay\u0131n\u0131n 11d\u0259 Az\u0259rbaycan Prezidenti c\u0259nab \u0130lham \u018fliyevin Pakistana s\u0259f\u0259ri d\u00fcnya m\u0259tbuat\u0131nda geni\u015f formada i\u015f\u0131qland\u0131r\u0131ld\u0131. D\u00f6vl\u0259timizin ba\u015f\u00e7\u0131s\u0131n\u0131n s\u0259f\u0259r zaman Pakistan h\u0259rbi hava q\u00fcvv\u0259l\u0259rinin q\u0131r\u0131c\u0131 t\u0259yyar\u0259l\u0259ri il\u0259 m\u00fc\u015fayi\u0259t edilm\u0259si v\u0259 x\u00fcsusi \u015f\u0259kild\u0259 qar\u015f\u0131lanmas\u0131 bir daha iki \u00f6lk\u0259 aras\u0131nda y\u00fcks\u0259k \u0259laq\u0259l\u0259rin, eyni zamanda Az\u0259rbaycan d\u00f6vl\u0259tin\u0259 v\u0259 onun uzaqg\u00f6r\u0259n liderin\u0259 x\u00fcsusi h\u00f6rm\u0259tin t\u0259zah\u00fcr\u00fc idi. \u0130ki \u00f6lk\u0259 aras\u0131nda \u0259laq\u0259l\u0259rin tarixi ke\u00e7mi\u015fin\u0259 baxsaq bir daha bu m\u00fcnasib\u0259tl\u0259rin s\u0259mimi dostlu\u011fa s\u00f6yk\u0259ndiyini a\u015fa\u011f\u0131dak\u0131 faktlarla g\u00f6r\u0259rik:<br \/>\n\u00d6lk\u0259miz ikinci d\u0259f\u0259 m\u00fcst\u0259qillik \u0259ld\u0259 etdikd\u0259n sonra onu r\u0259smi olaraq m\u00fcst\u0259qil \u00f6lk\u0259 kimi tan\u0131yan ikinci \u00f6lk\u0259 m\u0259hz Pakistan olmu\u015fdur.<br \/>\nPakistan 30 il\u0259 yax\u0131n reginonda erm\u0259nistan\u0131n Az\u0259rbaycana qar\u015f\u0131 h\u0259yata ke\u00e7irdiyi i\u015f\u011fal\u00e7\u0131l\u0131q v\u0259 terot\u00e7uluq siyas\u0259tin\u0259 qar\u015f\u0131 \u00e7\u0131xan m\u0259hdud sayda \u00f6lk\u0259l\u0259rd\u0259n biridir.<br \/>\nH\u0259m\u00e7inin bu s\u0259b\u0259bd\u0259n erm\u0259nistanla diplomatik \u0259laq\u0259l\u0259r qurmaqdan imtina edilmi\u015fdir.<br \/>\n1993-c\u00fc il aprelin 30-da BMT T\u0259hl\u00fck\u0259sizlik \u015euras\u0131n\u0131n Az\u0259rbaycana dair 822 n\u00f6mr\u0259li q\u0259tnam\u0259si q\u0259bul olundu\u011funda iclasa Pakistan s\u0259drlik edirdi.<br \/>\n1993-c\u00fc ilin mart\u0131nda Pakistan\u0131n Bak\u0131da 1997-ci ilin avqustunda is\u0259 Az\u0259rbaycan\u0131n \u0130slamabadda s\u0259firliyi t\u0259sis edilmi\u015fdir.<br \/>\nPakistan beyn\u0259lxalq s\u0259viyy\u0259d\u0259 davaml\u0131 olaraqa \u00f6lk\u0259mizin \u0259razi b\u00fct\u00f6vl\u00fcy\u00fcn\u00fc d\u0259st\u0259kl\u0259mi\u015fdir.<br \/>\nEyni zamanda V\u0259t\u0259n m\u00fcharib\u0259sind\u0259 \u00f6lk\u0259mizin haqq i\u015fin\u0259 b\u00fct\u00fcn laz\u0131m\u0131 s\u0259viyy\u0259d\u0259 d\u0259st\u0259k ver\u0259n \u00f6lk\u0259l\u0259rd\u0259n biri oldu. B\u00fct\u00fcn bu sadalalan v\u0259 qeyd edilm\u0259y\u0259n dig\u0259r amill\u0259r birdaha iki d\u00f6vl\u0259tin d\u0259rin m\u00fcnasib\u0259tl\u0259rin\u0259 s\u00fcbutdur.<br \/>\n\u00dcmumiyy\u0259tl\u0259 \u00f6lk\u0259miz \u00fc\u00e7\u00fcn \u0259n a\u011fr\u0131l\u0131-ac\u0131l\u0131 m\u0259s\u0259l\u0259 \u00f6z qon\u015fusu erm\u0259nistan t\u0259r\u0259find\u0259n uzun m\u00fcdd\u0259tli i\u015f\u011fal\u00e7\u0131l\u0131q siyas\u0259tin\u0259 m\u0259ruz qalmas\u0131d\u0131r. B\u00fct\u00fcn bu ill\u0259r \u0259rzind\u0259 Az\u0259rbaycan xalq\u0131n\u0131n umummillli lideri Heyd\u0259r \u018fliyev v\u0259 onun kursunun layiqli davam\u00e7\u0131s\u0131 c\u0259nab \u0130lham \u018fliyevin u\u011furlu siyas\u0259ti n\u0259tic\u0259sind\u0259 beyn\u0259lxalq s\u0259viyy\u0259d\u0259 bu m\u0259s\u0259l\u0259nin h\u0259lli il\u0259 ba\u011fl\u0131 q\u0259tnam\u0259l\u0259r q\u0259bul edils\u0259d\u0259 onun icra mexanizmi olmad\u0131. H\u0259tta \u00e7oxlu sayda \u00f6lk\u0259l\u0259r bel\u0259 regionda davam ed\u0259n i\u015f\u011fal\u00e7\u0131l\u0131q siyas\u0259tin\u0259 a\u00e7\u0131q-a\u015fkar v\u0259 b\u0259z\u0259n is\u0259 gizlin \u015f\u0259kild\u0259 d\u0259st\u0259k verdil\u0259r.<br \/>\n2020-ci il sentyabr ay\u0131n\u0131n 27-d\u0259 erm\u0259nistan\u0131n Az\u0259rbayacana qar\u015f\u0131 n\u00f6vb\u0259ti t\u0259xribata \u0259ks-h\u00fccumla ba\u015flanan V\u0259t\u0259n m\u00fcharib\u0259si h\u0259m b\u00fct\u00f6vl\u00fckd\u0259 regionun geo-siyasi v\u0259ziyy\u0259tini d\u0259yi\u015fm\u0259kl\u0259 yeni reall\u0131qlar ortaya \u00e7\u0131xard\u0131. Eyni zamanda bir daha \u00f6lk\u0259mizin beyl\u0259nxalq m\u00fcst\u0259vid\u0259 kiml\u0259rl\u0259 dost kiml\u0259rl\u0259 \u00f6z layiq oldu\u011fu formada m\u00fcnasib\u0259t sa\u011flama\u011fa r\u0259vac verdi.<br \/>\n44 g\u00fcn davam ed\u0259n v\u0259 \u00f6lk\u0259mizin \u00f6z\u00fcn\u00fcn beyn\u0259lxalq \u0259dal\u0259ti b\u0259rpa etm\u0259si il\u0259 yekunla\u015fan bu m\u00fcharib\u0259 bir daha Az\u0259rbaycan\u0131n regionda s\u00fclh t\u0259minat\u00e7\u0131s\u0131 oldu\u011funu b\u00fct\u00fcn d\u00fcnyaya s\u00fcbut etdi.<br \/>\nM\u00fcharib\u0259d\u0259n sonrada dost Pakistan d\u00f6vl\u0259ti bu tarixi Q\u0259l\u0259b\u0259 sevincin\u0259 \u015f\u0259rik oldu\u011funu b\u0259yan etmi\u015fdir.<br \/>\nBu g\u00fcnl\u0259rd\u0259 Az\u0259rbaycan Prezitentinin Pakistana s\u0259f\u0259ri zaman\u0131 ke\u00e7iril\u0259n t\u0259kb\u0259-t\u0259k v\u0259 geni\u015f formatda g\u00f6r\u00fc\u015fl\u0259r v\u0259 imzalanan sazi\u015fl\u0259r, edil\u0259n b\u0259yanatlardan ayd\u0131n \u015f\u0259ild\u0259 g\u00f6r\u00fcn\u00fcr ki bir daha iki \u00f6lk\u0259 aras\u0131nda ticar\u0259t investitsiya, s\u0259naye, enerji, n\u0259qiliyyat v\u0259 dig\u0259r sah\u0259l\u0259rd\u0259 \u0259laq\u0259l\u0259r yeni inki\u015faf m\u0259rh\u0259l\u0259sin\u0259 ke\u00e7ib.<br \/>\nInan\u0131q ki iki \u00f6lk\u0259 aras\u0131nda bu dostluq \u0259laq\u0259l\u0259ri he\u00e7 bir q\u00fcvv\u0259 pozmayacaq.<\/p>\n<p>Liza Cabbarova ,YAP B\u0259rd\u0259 rayon t\u0259\u015fkilat\u0131 f\u0259al\u0131<\/p>\n","protected":false},"excerpt":{"rendered":"<p>\u0130yul ay\u0131n\u0131n 11d\u0259 Az\u0259rbaycan Prezidenti c\u0259nab \u0130lham \u018fliyevin Pakistana s\u0259f\u0259ri d\u00fcnya m\u0259tbuat\u0131nda geni\u015f formada i\u015f\u0131qland\u0131r\u0131ld\u0131. D\u00f6vl\u0259timizin ba\u015f\u00e7\u0131s\u0131n\u0131n s\u0259f\u0259r zaman Pakistan h\u0259rbi hava q\u00fcvv\u0259l\u0259rinin q\u0131r\u0131c\u0131 t\u0259yyar\u0259l\u0259ri il\u0259 m\u00fc\u015fayi\u0259t edilm\u0259si v\u0259 x\u00fcsusi \u015f\u0259kild\u0259 qar\u015f\u0131lanmas\u0131 bir daha iki \u00f6lk\u0259 aras\u0131nda y\u00fcks\u0259k \u0259laq\u0259l\u0259rin, eyni zamanda Az\u0259rbaycan d\u00f6vl\u0259tin\u0259 v\u0259 onun uzaqg\u00f6r\u0259n liderin\u0259 x\u00fcsusi h\u00f6rm\u0259tin t\u0259zah\u00fcr\u00fc idi. \u0130ki \u00f6lk\u0259 aras\u0131nda \u0259laq\u0259l\u0259rin tarixi ke\u00e7mi\u015fin\u0259 baxsaq bir daha bu m\u00fcnasib\u0259tl\u0259rin s\u0259mimi dostlu\u011fa s\u00f6yk\u0259ndiyini a\u015fa\u011f\u0131dak\u0131 faktlarla g\u00f6r\u0259rik: \u00d6lk\u0259miz ikinci d\u0259f\u0259 m\u00fcst\u0259qillik \u0259ld\u0259 etdikd\u0259n sonra onu r\u0259smi olaraq m\u00fcst\u0259qil \u00f6lk\u0259 kimi tan\u0131yan ikinci \u00f6lk\u0259 m\u0259hz Pakistan olmu\u015fdur. Pakistan 30 il\u0259&hellip;<\/p>\n","protected":false},"author":2,"featured_media":738160,"comment_status":"closed","ping_status":"closed","sticky":false,"template":"","format":"standard","meta":{"om_disable_all_campaigns":false,"_monsterinsights_skip_tracking":false,"_monsterinsights_sitenote_active":false,"_monsterinsights_sitenote_note":"","_monsterinsights_sitenote_category":0},"categories":[2],"tags":[],"aioseo_notices":[],"gutentor_comment":0,"rttpg_featured_image_url":{"full":["https:\/\/arantv.az\/wp-content\/uploads\/2024\/07\/cda01c78-8c22-471d-904e-a79ff7924d93.jpg",1080,948,false],"landscape":["https:\/\/arantv.az\/wp-content\/uploads\/2024\/07\/cda01c78-8c22-471d-904e-a79ff7924d93.jpg",1080,948,false],"portraits":["https:\/\/arantv.az\/wp-content\/uploads\/2024\/07\/cda01c78-8c22-471d-904e-a79ff7924d93.jpg",1080,948,false],"thumbnail":["https:\/\/arantv.az\/wp-content\/uploads\/2024\/07\/cda01c78-8c22-471d-904e-a79ff7924d93-500x280.jpg",500,280,true],"medium":["https:\/\/arantv.az\/wp-content\/uploads\/2024\/07\/cda01c78-8c22-471d-904e-a79ff7924d93-416x365.jpg",416,365,true],"large":["https:\/\/arantv.az\/wp-content\/uploads\/2024\/07\/cda01c78-8c22-471d-904e-a79ff7924d93-840x737.jpg",640,562,true],"1536x1536":["https:\/\/arantv.az\/wp-content\/uploads\/2024\/07\/cda01c78-8c22-471d-904e-a79ff7924d93.jpg",1080,948,false],"2048x2048":["https:\/\/arantv.az\/wp-content\/uploads\/2024\/07\/cda01c78-8c22-471d-904e-a79ff7924d93.jpg",1080,948,false],"post-thumbnail":["https:\/\/arantv.az\/wp-content\/uploads\/2024\/07\/cda01c78-8c22-471d-904e-a79ff7924d93-240x172.jpg",240,172,true],"advps-thumb-one":["https:\/\/arantv.az\/wp-content\/uploads\/2024\/07\/cda01c78-8c22-471d-904e-a79ff7924d93-1080x620.jpg",1080,620,true]},"rttpg_author":{"display_name":"V\u00fcsal Rafiqo\u011flu","author_link":"https:\/\/arantv.az\/?author=2"},"rttpg_comment":0,"rttpg_category":"<a href=\"https:\/\/arantv.az\/?cat=2\" rel=\"category\">Region X\u0259b\u0259rl\u0259ri<\/a>","rttpg_excerpt":"\u0130yul ay\u0131n\u0131n 11d\u0259 Az\u0259rbaycan Prezidenti c\u0259nab \u0130lham \u018fliyevin Pakistana s\u0259f\u0259ri d\u00fcnya m\u0259tbuat\u0131nda geni\u015f formada i\u015f\u0131qland\u0131r\u0131ld\u0131. D\u00f6vl\u0259timizin ba\u015f\u00e7\u0131s\u0131n\u0131n s\u0259f\u0259r zaman Pakistan h\u0259rbi hava q\u00fcvv\u0259l\u0259rinin q\u0131r\u0131c\u0131 t\u0259yyar\u0259l\u0259ri il\u0259 m\u00fc\u015fayi\u0259t edilm\u0259si v\u0259 x\u00fcsusi \u015f\u0259kild\u0259 qar\u015f\u0131lanmas\u0131 bir daha iki \u00f6lk\u0259 aras\u0131nda y\u00fcks\u0259k \u0259laq\u0259l\u0259rin, eyni zamanda Az\u0259rbaycan d\u00f6vl\u0259tin\u0259 v\u0259 onun uzaqg\u00f6r\u0259n liderin\u0259 x\u00fcsusi h\u00f6rm\u0259tin t\u0259zah\u00fcr\u00fc idi. \u0130ki \u00f6lk\u0259 aras\u0131nda \u0259laq\u0259l\u0259rin&hellip;","_links":{"self":[{"href":"https:\/\/arantv.az\/index.php?rest_route=\/wp\/v2\/posts\/738033"}],"collection":[{"href":"https:\/\/arantv.az\/index.php?rest_route=\/wp\/v2\/posts"}],"about":[{"href":"https:\/\/arantv.az\/index.php?rest_route=\/wp\/v2\/types\/post"}],"author":[{"embeddable":true,"href":"https:\/\/arantv.az\/index.php?rest_route=\/wp\/v2\/users\/2"}],"replies":[{"embeddable":true,"href":"https:\/\/arantv.az\/index.php?rest_route=%2Fwp%2Fv2%2Fcomments&post=738033"}],"version-history":[{"count":1,"href":"https:\/\/arantv.az\/index.php?rest_route=\/wp\/v2\/posts\/738033\/revisions"}],"predecessor-version":[{"id":738161,"href":"https:\/\/arantv.az\/index.php?rest_route=\/wp\/v2\/posts\/738033\/revisions\/738161"}],"wp:featuredmedia":[{"embeddable":true,"href":"https:\/\/arantv.az\/index.php?rest_route=\/wp\/v2\/media\/738160"}],"wp:attachment":[{"href":"https:\/\/arantv.az\/index.php?rest_route=%2Fwp%2Fv2%2Fmedia&parent=738033"}],"wp:term":[{"taxonomy":"category","embeddable":true,"href":"https:\/\/arantv.az\/index.php?rest_route=%2Fwp%2Fv2%2Fcategories&post=738033"},{"taxonomy":"post_tag","embeddable":true,"href":"https:\/\/arantv.az\/index.php?rest_route=%2Fwp%2Fv2%2Ftags&post=738033"}],"curies":[{"name":"wp","href":"https:\/\/api.w.org\/{rel}","templated":true}]}}