{"id":738043,"date":"2024-07-17T13:47:34","date_gmt":"2024-07-17T09:47:34","guid":{"rendered":"https:\/\/arantv.az\/?p=738043"},"modified":"2024-07-17T13:47:34","modified_gmt":"2024-07-17T09:47:34","slug":"oguzun-yeni-icra-bascisi-kollektiv%c9%99-t%c9%99qdim-olunub","status":"publish","type":"post","link":"https:\/\/arantv.az\/?p=738043","title":{"rendered":"O\u011fuzun yeni icra ba\u015f\u00e7\u0131s\u0131 kollektiv\u0259 t\u0259qdim olunub"},"content":{"rendered":"<p>Az\u0259rbaycan Prezidentinin S\u0259r\u0259ncam\u0131 il\u0259 O\u011fuz Rayon \u0130cra Hakimiyy\u0259tinin ba\u015f\u00e7\u0131s\u0131 t\u0259yin olunan Cavid Teyrun o\u011flu \u018fbdul-Q\u0259dirov bu g\u00fcn kollektiv\u0259 t\u0259qdim olunub.<\/p>\n<p>&#8220;Report&#8221; x\u0259b\u0259r verir ki, onu kollektiv\u0259 Az\u0259rbaycan Prezidentinin k\u00f6m\u0259k\u00e7isi \u2013 \u018frazi-t\u0259\u015fkilat m\u0259s\u0259l\u0259l\u0259ri \u015f\u00f6b\u0259sinin m\u00fcdiri Zeynal Na\u011fd\u0259liyev rayon ictimaiyy\u0259tinin n\u00fcmay\u0259nd\u0259l\u0259rinin i\u015ftirak\u0131 il\u0259 t\u0259qdim edib.<\/p>\n<p>T\u0259qdimatda Z.Na\u011fd\u0259liyev \u00e7\u0131x\u0131\u015f edib v\u0259 \u00f6lk\u0259 ba\u015f\u00e7\u0131s\u0131n\u0131n tap\u015f\u0131r\u0131q v\u0259 t\u00f6vsiy\u0259l\u0259rini \u00e7atd\u0131r\u0131b.<\/p>\n<p>C.\u018fbdul-Q\u0259dirov ona g\u00f6st\u0259ril\u0259n etimada g\u00f6r\u0259 minn\u0259tdarl\u0131q edib.<\/p>\n","protected":false},"excerpt":{"rendered":"<p>Az\u0259rbaycan Prezidentinin S\u0259r\u0259ncam\u0131 il\u0259 O\u011fuz Rayon \u0130cra Hakimiyy\u0259tinin ba\u015f\u00e7\u0131s\u0131 t\u0259yin olunan Cavid Teyrun o\u011flu \u018fbdul-Q\u0259dirov bu g\u00fcn kollektiv\u0259 t\u0259qdim olunub. &#8220;Report&#8221; x\u0259b\u0259r verir ki, onu kollektiv\u0259 Az\u0259rbaycan Prezidentinin k\u00f6m\u0259k\u00e7isi \u2013 \u018frazi-t\u0259\u015fkilat m\u0259s\u0259l\u0259l\u0259ri \u015f\u00f6b\u0259sinin m\u00fcdiri Zeynal Na\u011fd\u0259liyev rayon ictimaiyy\u0259tinin n\u00fcmay\u0259nd\u0259l\u0259rinin i\u015ftirak\u0131 il\u0259 t\u0259qdim edib. T\u0259qdimatda Z.Na\u011fd\u0259liyev \u00e7\u0131x\u0131\u015f edib v\u0259 \u00f6lk\u0259 ba\u015f\u00e7\u0131s\u0131n\u0131n tap\u015f\u0131r\u0131q v\u0259 t\u00f6vsiy\u0259l\u0259rini \u00e7atd\u0131r\u0131b. C.\u018fbdul-Q\u0259dirov ona g\u00f6st\u0259ril\u0259n etimada g\u00f6r\u0259 minn\u0259tdarl\u0131q edib.<\/p>\n","protected":false},"author":2,"featured_media":738044,"comment_status":"closed","ping_status":"closed","sticky":false,"template":"","format":"standard","meta":{"om_disable_all_campaigns":false,"_monsterinsights_skip_tracking":false,"_monsterinsights_sitenote_active":false,"_monsterinsights_sitenote_note":"","_monsterinsights_sitenote_category":0},"categories":[1],"tags":[],"aioseo_notices":[],"gutentor_comment":0,"rttpg_featured_image_url":{"full":["https:\/\/arantv.az\/wp-content\/uploads\/2024\/07\/2649acd081bee334904c8bc5c7b49eec.jpg",850,500,false],"landscape":["https:\/\/arantv.az\/wp-content\/uploads\/2024\/07\/2649acd081bee334904c8bc5c7b49eec.jpg",850,500,false],"portraits":["https:\/\/arantv.az\/wp-content\/uploads\/2024\/07\/2649acd081bee334904c8bc5c7b49eec.jpg",850,500,false],"thumbnail":["https:\/\/arantv.az\/wp-content\/uploads\/2024\/07\/2649acd081bee334904c8bc5c7b49eec-500x280.jpg",500,280,true],"medium":["https:\/\/arantv.az\/wp-content\/uploads\/2024\/07\/2649acd081bee334904c8bc5c7b49eec-621x365.jpg",621,365,true],"large":["https:\/\/arantv.az\/wp-content\/uploads\/2024\/07\/2649acd081bee334904c8bc5c7b49eec-840x494.jpg",640,376,true],"1536x1536":["https:\/\/arantv.az\/wp-content\/uploads\/2024\/07\/2649acd081bee334904c8bc5c7b49eec.jpg",850,500,false],"2048x2048":["https:\/\/arantv.az\/wp-content\/uploads\/2024\/07\/2649acd081bee334904c8bc5c7b49eec.jpg",850,500,false],"post-thumbnail":["https:\/\/arantv.az\/wp-content\/uploads\/2024\/07\/2649acd081bee334904c8bc5c7b49eec-240x172.jpg",240,172,true],"advps-thumb-one":["https:\/\/arantv.az\/wp-content\/uploads\/2024\/07\/2649acd081bee334904c8bc5c7b49eec.jpg",850,500,false]},"rttpg_author":{"display_name":"V\u00fcsal Rafiqo\u011flu","author_link":"https:\/\/arantv.az\/?author=2"},"rttpg_comment":0,"rttpg_category":"<a href=\"https:\/\/arantv.az\/?cat=1\" rel=\"category\">C\u0259miyy\u0259t<\/a>","rttpg_excerpt":"Az\u0259rbaycan Prezidentinin S\u0259r\u0259ncam\u0131 il\u0259 O\u011fuz Rayon \u0130cra Hakimiyy\u0259tinin ba\u015f\u00e7\u0131s\u0131 t\u0259yin olunan Cavid Teyrun o\u011flu \u018fbdul-Q\u0259dirov bu g\u00fcn kollektiv\u0259 t\u0259qdim olunub. &#8220;Report&#8221; x\u0259b\u0259r verir ki, onu kollektiv\u0259 Az\u0259rbaycan Prezidentinin k\u00f6m\u0259k\u00e7isi \u2013 \u018frazi-t\u0259\u015fkilat m\u0259s\u0259l\u0259l\u0259ri \u015f\u00f6b\u0259sinin m\u00fcdiri Zeynal Na\u011fd\u0259liyev rayon ictimaiyy\u0259tinin n\u00fcmay\u0259nd\u0259l\u0259rinin i\u015ftirak\u0131 il\u0259 t\u0259qdim edib. T\u0259qdimatda Z.Na\u011fd\u0259liyev \u00e7\u0131x\u0131\u015f edib v\u0259 \u00f6lk\u0259 ba\u015f\u00e7\u0131s\u0131n\u0131n tap\u015f\u0131r\u0131q v\u0259 t\u00f6vsiy\u0259l\u0259rini \u00e7atd\u0131r\u0131b. C.\u018fbdul-Q\u0259dirov&hellip;","_links":{"self":[{"href":"https:\/\/arantv.az\/index.php?rest_route=\/wp\/v2\/posts\/738043"}],"collection":[{"href":"https:\/\/arantv.az\/index.php?rest_route=\/wp\/v2\/posts"}],"about":[{"href":"https:\/\/arantv.az\/index.php?rest_route=\/wp\/v2\/types\/post"}],"author":[{"embeddable":true,"href":"https:\/\/arantv.az\/index.php?rest_route=\/wp\/v2\/users\/2"}],"replies":[{"embeddable":true,"href":"https:\/\/arantv.az\/index.php?rest_route=%2Fwp%2Fv2%2Fcomments&post=738043"}],"version-history":[{"count":0,"href":"https:\/\/arantv.az\/index.php?rest_route=\/wp\/v2\/posts\/738043\/revisions"}],"wp:featuredmedia":[{"embeddable":true,"href":"https:\/\/arantv.az\/index.php?rest_route=\/wp\/v2\/media\/738044"}],"wp:attachment":[{"href":"https:\/\/arantv.az\/index.php?rest_route=%2Fwp%2Fv2%2Fmedia&parent=738043"}],"wp:term":[{"taxonomy":"category","embeddable":true,"href":"https:\/\/arantv.az\/index.php?rest_route=%2Fwp%2Fv2%2Fcategories&post=738043"},{"taxonomy":"post_tag","embeddable":true,"href":"https:\/\/arantv.az\/index.php?rest_route=%2Fwp%2Fv2%2Ftags&post=738043"}],"curies":[{"name":"wp","href":"https:\/\/api.w.org\/{rel}","templated":true}]}}