{"id":738047,"date":"2024-07-17T13:48:32","date_gmt":"2024-07-17T09:48:32","guid":{"rendered":"https:\/\/arantv.az\/?p=738047"},"modified":"2024-07-17T13:48:32","modified_gmt":"2024-07-17T09:48:32","slug":"sabahin-hava-proqnozu-yagis-yagacaq-sims%c9%99k-caxacaq-4","status":"publish","type":"post","link":"https:\/\/arantv.az\/?p=738047","title":{"rendered":"Sabah\u0131n hava proqnozu: Ya\u011f\u0131\u015f ya\u011facaq, \u015fim\u015f\u0259k \u00e7axacaq"},"content":{"rendered":"<p>B\u0259zi yerl\u0259rd\u0259 iyulun 18-d\u0259 fasil\u0259l\u0259rl\u0259 ya\u011f\u0131\u015f ya\u011faca\u011f\u0131, \u015fim\u015f\u0259k \u00e7axaca\u011f\u0131 g\u00f6zl\u0259nilir.<\/p>\n<p>Bu bar\u0259d\u0259 Musavat.com-a Milli Hidrometeorologiya Xidm\u0259tind\u0259n m\u0259lumat verilib.<\/p>\n<p>Bildirilib ki, Bak\u0131da v\u0259 Ab\u015feron yar\u0131madas\u0131nda hava \u015f\u0259raitinin d\u0259yi\u015fk\u0259n buludlu olaca\u011f\u0131, \u0259sas\u0259n ya\u011fmursuz ke\u00e7\u0259c\u0259yi, lakin g\u00fcn\u00fcn birinci yar\u0131s\u0131nda b\u0259zi yerl\u0259rd\u0259 arabir ya\u011f\u0131\u015f ya\u011faca\u011f\u0131 g\u00f6zl\u0259nilir. S\u0259h\u0259r yar\u0131madan\u0131n b\u0259zi yerl\u0259rind\u0259 q\u0131sam\u00fcdd\u0259tli intensivl\u0259\u015f\u0259c\u0259yi, \u015fim\u015f\u0259k \u00e7axaca\u011f\u0131 ehtimal\u0131 var. M\u00fclayim \u015fimal-q\u0259rb k\u00fcl\u0259yi \u0259s\u0259c\u0259k. Havan\u0131n temperaturu gec\u0259 21-26\u00b0 isti, g\u00fcnd\u00fcz 30-35\u00b0 isti olacaq. Atmosfer t\u0259zyiqi normadan a\u015fa\u011f\u0131 758 mm civ\u0259 s\u00fctunu olacaq. Nisbi r\u00fctub\u0259t gec\u0259 70-80 %, g\u00fcnd\u00fcz 50-60 % olacaq.<\/p>\n<p>Az\u0259rbaycan\u0131n rayonlar\u0131nda b\u0259zi yerl\u0259rd\u0259 fasil\u0259l\u0259rl\u0259 ya\u011f\u0131\u015f ya\u011faca\u011f\u0131, \u015fim\u015f\u0259k \u00e7axaca\u011f\u0131 g\u00f6zl\u0259nilir. \u018fsas\u0259n da\u011fl\u0131q v\u0259 da\u011f\u0259t\u0259yi rayonlarda leysan xarakterli intensiv olaca\u011f\u0131, dolu d\u00fc\u015f\u0259c\u0259yi ehtimal\u0131 var. Gec\u0259 v\u0259 s\u0259h\u0259r b\u0259zi yerl\u0259rd\u0259 z\u0259if duman olacaq. \u015e\u0259rq k\u00fcl\u0259yi \u0259s\u0259c\u0259k.<\/p>\n<p>Havan\u0131n temperaturu gec\u0259 20-25\u00b0 isti, g\u00fcnd\u00fcz 31-36\u00b0 isti, da\u011flarda gec\u0259 12-17\u00b0 isti, g\u00fcnd\u00fcz 18-23\u00b0 isti olacaq.<\/p>\n","protected":false},"excerpt":{"rendered":"<p>B\u0259zi yerl\u0259rd\u0259 iyulun 18-d\u0259 fasil\u0259l\u0259rl\u0259 ya\u011f\u0131\u015f ya\u011faca\u011f\u0131, \u015fim\u015f\u0259k \u00e7axaca\u011f\u0131 g\u00f6zl\u0259nilir. Bu bar\u0259d\u0259 Musavat.com-a Milli Hidrometeorologiya Xidm\u0259tind\u0259n m\u0259lumat verilib. Bildirilib ki, Bak\u0131da v\u0259 Ab\u015feron yar\u0131madas\u0131nda hava \u015f\u0259raitinin d\u0259yi\u015fk\u0259n buludlu olaca\u011f\u0131, \u0259sas\u0259n ya\u011fmursuz ke\u00e7\u0259c\u0259yi, lakin g\u00fcn\u00fcn birinci yar\u0131s\u0131nda b\u0259zi yerl\u0259rd\u0259 arabir ya\u011f\u0131\u015f ya\u011faca\u011f\u0131 g\u00f6zl\u0259nilir. S\u0259h\u0259r yar\u0131madan\u0131n b\u0259zi yerl\u0259rind\u0259 q\u0131sam\u00fcdd\u0259tli intensivl\u0259\u015f\u0259c\u0259yi, \u015fim\u015f\u0259k \u00e7axaca\u011f\u0131 ehtimal\u0131 var. M\u00fclayim \u015fimal-q\u0259rb k\u00fcl\u0259yi \u0259s\u0259c\u0259k. Havan\u0131n temperaturu gec\u0259 21-26\u00b0 isti, g\u00fcnd\u00fcz 30-35\u00b0 isti olacaq. Atmosfer t\u0259zyiqi normadan a\u015fa\u011f\u0131 758 mm civ\u0259 s\u00fctunu olacaq. Nisbi r\u00fctub\u0259t gec\u0259 70-80 %, g\u00fcnd\u00fcz 50-60 % olacaq. Az\u0259rbaycan\u0131n rayonlar\u0131nda b\u0259zi yerl\u0259rd\u0259 fasil\u0259l\u0259rl\u0259 ya\u011f\u0131\u015f ya\u011faca\u011f\u0131,&hellip;<\/p>\n","protected":false},"author":2,"featured_media":738048,"comment_status":"closed","ping_status":"closed","sticky":false,"template":"","format":"standard","meta":{"om_disable_all_campaigns":false,"_monsterinsights_skip_tracking":false,"_monsterinsights_sitenote_active":false,"_monsterinsights_sitenote_note":"","_monsterinsights_sitenote_category":0},"categories":[22],"tags":[],"aioseo_notices":[],"gutentor_comment":0,"rttpg_featured_image_url":{"full":["https:\/\/arantv.az\/wp-content\/uploads\/2024\/07\/2e13b29fb02e025efa89eaecf6acb48e.jpg",850,500,false],"landscape":["https:\/\/arantv.az\/wp-content\/uploads\/2024\/07\/2e13b29fb02e025efa89eaecf6acb48e.jpg",850,500,false],"portraits":["https:\/\/arantv.az\/wp-content\/uploads\/2024\/07\/2e13b29fb02e025efa89eaecf6acb48e.jpg",850,500,false],"thumbnail":["https:\/\/arantv.az\/wp-content\/uploads\/2024\/07\/2e13b29fb02e025efa89eaecf6acb48e-500x280.jpg",500,280,true],"medium":["https:\/\/arantv.az\/wp-content\/uploads\/2024\/07\/2e13b29fb02e025efa89eaecf6acb48e-621x365.jpg",621,365,true],"large":["https:\/\/arantv.az\/wp-content\/uploads\/2024\/07\/2e13b29fb02e025efa89eaecf6acb48e-840x494.jpg",640,376,true],"1536x1536":["https:\/\/arantv.az\/wp-content\/uploads\/2024\/07\/2e13b29fb02e025efa89eaecf6acb48e.jpg",850,500,false],"2048x2048":["https:\/\/arantv.az\/wp-content\/uploads\/2024\/07\/2e13b29fb02e025efa89eaecf6acb48e.jpg",850,500,false],"post-thumbnail":["https:\/\/arantv.az\/wp-content\/uploads\/2024\/07\/2e13b29fb02e025efa89eaecf6acb48e-240x172.jpg",240,172,true],"advps-thumb-one":["https:\/\/arantv.az\/wp-content\/uploads\/2024\/07\/2e13b29fb02e025efa89eaecf6acb48e.jpg",850,500,false]},"rttpg_author":{"display_name":"V\u00fcsal Rafiqo\u011flu","author_link":"https:\/\/arantv.az\/?author=2"},"rttpg_comment":0,"rttpg_category":"<a href=\"https:\/\/arantv.az\/?cat=22\" rel=\"category\">Hava<\/a>","rttpg_excerpt":"B\u0259zi yerl\u0259rd\u0259 iyulun 18-d\u0259 fasil\u0259l\u0259rl\u0259 ya\u011f\u0131\u015f ya\u011faca\u011f\u0131, \u015fim\u015f\u0259k \u00e7axaca\u011f\u0131 g\u00f6zl\u0259nilir. Bu bar\u0259d\u0259 Musavat.com-a Milli Hidrometeorologiya Xidm\u0259tind\u0259n m\u0259lumat verilib. Bildirilib ki, Bak\u0131da v\u0259 Ab\u015feron yar\u0131madas\u0131nda hava \u015f\u0259raitinin d\u0259yi\u015fk\u0259n buludlu olaca\u011f\u0131, \u0259sas\u0259n ya\u011fmursuz ke\u00e7\u0259c\u0259yi, lakin g\u00fcn\u00fcn birinci yar\u0131s\u0131nda b\u0259zi yerl\u0259rd\u0259 arabir ya\u011f\u0131\u015f ya\u011faca\u011f\u0131 g\u00f6zl\u0259nilir. S\u0259h\u0259r yar\u0131madan\u0131n b\u0259zi yerl\u0259rind\u0259 q\u0131sam\u00fcdd\u0259tli intensivl\u0259\u015f\u0259c\u0259yi, \u015fim\u015f\u0259k \u00e7axaca\u011f\u0131 ehtimal\u0131 var. M\u00fclayim \u015fimal-q\u0259rb k\u00fcl\u0259yi&hellip;","_links":{"self":[{"href":"https:\/\/arantv.az\/index.php?rest_route=\/wp\/v2\/posts\/738047"}],"collection":[{"href":"https:\/\/arantv.az\/index.php?rest_route=\/wp\/v2\/posts"}],"about":[{"href":"https:\/\/arantv.az\/index.php?rest_route=\/wp\/v2\/types\/post"}],"author":[{"embeddable":true,"href":"https:\/\/arantv.az\/index.php?rest_route=\/wp\/v2\/users\/2"}],"replies":[{"embeddable":true,"href":"https:\/\/arantv.az\/index.php?rest_route=%2Fwp%2Fv2%2Fcomments&post=738047"}],"version-history":[{"count":0,"href":"https:\/\/arantv.az\/index.php?rest_route=\/wp\/v2\/posts\/738047\/revisions"}],"wp:featuredmedia":[{"embeddable":true,"href":"https:\/\/arantv.az\/index.php?rest_route=\/wp\/v2\/media\/738048"}],"wp:attachment":[{"href":"https:\/\/arantv.az\/index.php?rest_route=%2Fwp%2Fv2%2Fmedia&parent=738047"}],"wp:term":[{"taxonomy":"category","embeddable":true,"href":"https:\/\/arantv.az\/index.php?rest_route=%2Fwp%2Fv2%2Fcategories&post=738047"},{"taxonomy":"post_tag","embeddable":true,"href":"https:\/\/arantv.az\/index.php?rest_route=%2Fwp%2Fv2%2Ftags&post=738047"}],"curies":[{"name":"wp","href":"https:\/\/api.w.org\/{rel}","templated":true}]}}