{"id":738059,"date":"2024-07-17T13:51:41","date_gmt":"2024-07-17T09:51:41","guid":{"rendered":"https:\/\/arantv.az\/?p=738059"},"modified":"2024-07-17T13:51:41","modified_gmt":"2024-07-17T09:51:41","slug":"qarsiliqli-d%c9%99st%c9%99k","status":"publish","type":"post","link":"https:\/\/arantv.az\/?p=738059","title":{"rendered":"Qar\u015f\u0131l\u0131ql\u0131 d\u0259st\u0259k"},"content":{"rendered":"<p>Az\u0259rbaycan Respublikas\u0131n\u0131n Prezidenti c\u0259nab \u0130lham \u018fliyev 11 iyul 2024-c\u00fc il tarixind\u0259 Pakistan \u0130slam Respublikas\u0131nda d\u00f6vl\u0259t s\u0259f\u0259rind\u0259 olmu\u015fdur. S\u0259f\u0259r zaman\u0131 \u0130slamabadda Az\u0259rbaycan Respublikas\u0131 v\u0259 Pakistan \u0130slam Respublikas\u0131 aras\u0131nda bir s\u0131ra s\u0259n\u0259dl\u0259r imzalanm\u0131\u015fd\u0131r. H\u0259m\u00e7inin Az\u0259rbaycan Respublikas\u0131n\u0131n Prezidenti c\u0259nab \u0130lham \u018fliyev \u0130slamabadda Pakistan H\u0259rbi Hava Q\u00fcvv\u0259l\u0259rinin Nur Xan bazas\u0131n\u0131n \u0259razisind\u0259ki \u201cMilli Aerokosmik Elm v\u0259 Texnologiya Park\u0131\u201dnda (NASTR) h\u0259rbi s\u0259rgi il\u0259 d\u0259 tan\u0131\u015f olmu\u015fdur.<\/p>\n<p> 11 iyul  tarixind\u0259 \u0130slamabadda Az\u0259rbaycan Respublikas\u0131n\u0131n Prezidenti c\u0259nab \u0130lham \u018fliyev v\u0259 Pakistan \u0130slam Respublikas\u0131n\u0131n Ba\u015f naziri c\u0259nab M\u0259h\u0259mm\u0259d \u015eahbaz \u015e\u0259rif m\u0259tbuata b\u0259yanatla \u00e7\u0131x\u0131\u015f edibl\u0259r. \u00d6lk\u0259mizin Ba\u015f\u00e7\u0131s\u0131 b\u0259yanat\u0131nda bildirdi ki, iki xalq\u0131n qarda\u015fl\u0131\u011f\u0131 \u0259srl\u0259rl\u0259 bundan \u0259vv\u0259l\u0259 t\u0259sad\u00fcf ed\u0259n, bir-birin\u0259 olan d\u0259rin hissl\u0259rin\u0259 \u0259saslan\u0131r. \u0130ki \u00f6lk\u0259 aras\u0131nda m\u00f6hk\u0259m dostluq v\u0259 qarda\u015fl\u0131q t\u0259m\u0259ll\u0259ri \u00fczr\u0259 qurulmu\u015f strateji t\u0259r\u0259fda\u015fl\u0131q m\u00fcnasib\u0259tl\u0259ri m\u00f6vcuddur. H\u0259r iki \u00f6lk\u0259 h\u0259m ikit\u0259r\u0259fli, h\u0259m d\u0259 \u00e7oxt\u0259r\u0259fli platformalarda bir-birin\u0259 daim d\u0259st\u0259k g\u00f6st\u0259rir v\u0259 \u0259laq\u0259l\u0259rimiz b\u00fct\u00fcn sah\u0259l\u0259rd\u0259  s\u00fcr\u0259tl\u0259 inki\u015faf edir.<\/p>\n<p>Daha sonra c\u0259nab Prezident \u0130lham \u018fliyev Az\u0259rbaycana g\u0259l\u0259n  pakistanl\u0131lar\u0131n say\u0131n\u0131n son ill\u0259r daha da artd\u0131\u011f\u0131n\u0131 v\u0259 Bak\u0131-\u0130slamabad, Bak\u0131-K\u0259ra\u00e7i, Bak\u0131-Lahor  aras\u0131nda birba\u015fa u\u00e7u\u015flar\u0131n\u0131n art\u0131q m\u00fczakir\u0259 edildiyini s\u00f6yl\u0259di.<\/p>\n<p>Az\u0259rbaycan Respublikas\u0131n\u0131n Prezidenti c\u0259nab \u0130lham \u018fliyev Pakistan \u0130slam Respublikas\u0131n\u0131n h\u0259r zaman Az\u0259rbaycan Respublikas\u0131n\u0131n yan\u0131nda oldu\u011funu qeyd ed\u0259r\u0259k bildirmi\u015fdir:  \u201cBiz, b\u00fct\u00fcn Az\u0259rbaycan xalq\u0131 yax\u015f\u0131 bilir ki, i\u015f\u011fal d\u00f6vr\u00fcnd\u0259 Pakistan h\u0259r zaman yan\u0131m\u0131zda olan bir s\u0131ra \u00f6lk\u0259l\u0259rd\u0259n biri olmu\u015fdur. \u0130kinci Qaraba\u011f m\u00fcharib\u0259si \u2013 V\u0259t\u0259n M\u00fcharib\u0259si zaman\u0131 siyasi d\u0259st\u0259k v\u0259 Az\u0259rbaycan\u0131n haql\u0131 m\u00f6vqeyini d\u0259st\u0259kl\u0259y\u0259n Pakistan\u0131n y\u00fcks\u0259kr\u00fctb\u0259li r\u0259smil\u0259rinin birm\u0259nal\u0131 b\u0259yanatlar\u0131 biz\u0259 \u0259lav\u0259 g\u00fcc-q\u00fcvv\u0259t verdi. Pakistan m\u0259hz i\u015f\u011fala g\u00f6r\u0259 Erm\u0259nistanla diplomatik m\u00fcnasib\u0259tl\u0259ri qurmayan \u00f6lk\u0259dir. 2020-ci ilin noyabr\u0131nda Q\u0259l\u0259b\u0259mizi qeyd etdiyimiz zaman xalq\u0131m\u0131z\u0131n \u0259ll\u0259rind\u0259 Az\u0259rbaycan, Pakistan v\u0259 T\u00fcrkiy\u0259nin bayraqlar\u0131 var idi. Bu, bizim m\u00fcnasib\u0259tl\u0259ri unikal edir. Bu g\u00fcn praktiki layih\u0259l\u0259rl\u0259 ba\u011fl\u0131 bu m\u00fcnasib\u0259tl\u0259ri hiss etm\u0259k \u00fc\u00e7\u00fcn m\u00fczakir\u0259 etdikl\u0259rimiz bu b\u00fcn\u00f6vr\u0259y\u0259 \u0259saslan\u0131r.\u201d<\/p>\n<p>Bahar M\u0259mm\u0259dova,<br \/>\nYeni Az\u0259rbaycan Partiyas\u0131 X\u0259tai rayon t\u0259\u015fkilat\u0131n\u0131n &#8220;General \u015e\u0131xlinski 56\/2&#8221; \u00fcnvan\u0131 \u00fczr\u0259 \u0259razi partiya t\u0259\u015fkilat\u0131n\u0131n s\u0259dri<\/p>\n","protected":false},"excerpt":{"rendered":"<p>Az\u0259rbaycan Respublikas\u0131n\u0131n Prezidenti c\u0259nab \u0130lham \u018fliyev 11 iyul 2024-c\u00fc il tarixind\u0259 Pakistan \u0130slam Respublikas\u0131nda d\u00f6vl\u0259t s\u0259f\u0259rind\u0259 olmu\u015fdur. S\u0259f\u0259r zaman\u0131 \u0130slamabadda Az\u0259rbaycan Respublikas\u0131 v\u0259 Pakistan \u0130slam Respublikas\u0131 aras\u0131nda bir s\u0131ra s\u0259n\u0259dl\u0259r imzalanm\u0131\u015fd\u0131r. H\u0259m\u00e7inin Az\u0259rbaycan Respublikas\u0131n\u0131n Prezidenti c\u0259nab \u0130lham \u018fliyev \u0130slamabadda Pakistan H\u0259rbi Hava Q\u00fcvv\u0259l\u0259rinin Nur Xan bazas\u0131n\u0131n \u0259razisind\u0259ki \u201cMilli Aerokosmik Elm v\u0259 Texnologiya Park\u0131\u201dnda (NASTR) h\u0259rbi s\u0259rgi il\u0259 d\u0259 tan\u0131\u015f olmu\u015fdur. 11 iyul tarixind\u0259 \u0130slamabadda Az\u0259rbaycan Respublikas\u0131n\u0131n Prezidenti c\u0259nab \u0130lham \u018fliyev v\u0259 Pakistan \u0130slam Respublikas\u0131n\u0131n Ba\u015f naziri c\u0259nab M\u0259h\u0259mm\u0259d \u015eahbaz \u015e\u0259rif m\u0259tbuata b\u0259yanatla \u00e7\u0131x\u0131\u015f edibl\u0259r. \u00d6lk\u0259mizin Ba\u015f\u00e7\u0131s\u0131 b\u0259yanat\u0131nda bildirdi ki, iki&hellip;<\/p>\n","protected":false},"author":2,"featured_media":738060,"comment_status":"closed","ping_status":"closed","sticky":false,"template":"","format":"standard","meta":{"om_disable_all_campaigns":false,"_monsterinsights_skip_tracking":false,"_monsterinsights_sitenote_active":false,"_monsterinsights_sitenote_note":"","_monsterinsights_sitenote_category":0},"categories":[19],"tags":[],"aioseo_notices":[],"gutentor_comment":0,"rttpg_featured_image_url":{"full":["https:\/\/arantv.az\/wp-content\/uploads\/2024\/07\/967c2ae0172120214723153361511099511.jpg",975,540,false],"landscape":["https:\/\/arantv.az\/wp-content\/uploads\/2024\/07\/967c2ae0172120214723153361511099511.jpg",975,540,false],"portraits":["https:\/\/arantv.az\/wp-content\/uploads\/2024\/07\/967c2ae0172120214723153361511099511.jpg",975,540,false],"thumbnail":["https:\/\/arantv.az\/wp-content\/uploads\/2024\/07\/967c2ae0172120214723153361511099511-500x280.jpg",500,280,true],"medium":["https:\/\/arantv.az\/wp-content\/uploads\/2024\/07\/967c2ae0172120214723153361511099511-660x365.jpg",660,365,true],"large":["https:\/\/arantv.az\/wp-content\/uploads\/2024\/07\/967c2ae0172120214723153361511099511-840x465.jpg",640,354,true],"1536x1536":["https:\/\/arantv.az\/wp-content\/uploads\/2024\/07\/967c2ae0172120214723153361511099511.jpg",975,540,false],"2048x2048":["https:\/\/arantv.az\/wp-content\/uploads\/2024\/07\/967c2ae0172120214723153361511099511.jpg",975,540,false],"post-thumbnail":["https:\/\/arantv.az\/wp-content\/uploads\/2024\/07\/967c2ae0172120214723153361511099511-240x172.jpg",240,172,true],"advps-thumb-one":["https:\/\/arantv.az\/wp-content\/uploads\/2024\/07\/967c2ae0172120214723153361511099511.jpg",975,540,false]},"rttpg_author":{"display_name":"V\u00fcsal Rafiqo\u011flu","author_link":"https:\/\/arantv.az\/?author=2"},"rttpg_comment":0,"rttpg_category":"<a href=\"https:\/\/arantv.az\/?cat=19\" rel=\"category\">G\u00fcnd\u0259m<\/a>","rttpg_excerpt":"Az\u0259rbaycan Respublikas\u0131n\u0131n Prezidenti c\u0259nab \u0130lham \u018fliyev 11 iyul 2024-c\u00fc il tarixind\u0259 Pakistan \u0130slam Respublikas\u0131nda d\u00f6vl\u0259t s\u0259f\u0259rind\u0259 olmu\u015fdur. S\u0259f\u0259r zaman\u0131 \u0130slamabadda Az\u0259rbaycan Respublikas\u0131 v\u0259 Pakistan \u0130slam Respublikas\u0131 aras\u0131nda bir s\u0131ra s\u0259n\u0259dl\u0259r imzalanm\u0131\u015fd\u0131r. H\u0259m\u00e7inin Az\u0259rbaycan Respublikas\u0131n\u0131n Prezidenti c\u0259nab \u0130lham \u018fliyev \u0130slamabadda Pakistan H\u0259rbi Hava Q\u00fcvv\u0259l\u0259rinin Nur Xan bazas\u0131n\u0131n \u0259razisind\u0259ki \u201cMilli Aerokosmik Elm v\u0259 Texnologiya Park\u0131\u201dnda (NASTR) h\u0259rbi&hellip;","_links":{"self":[{"href":"https:\/\/arantv.az\/index.php?rest_route=\/wp\/v2\/posts\/738059"}],"collection":[{"href":"https:\/\/arantv.az\/index.php?rest_route=\/wp\/v2\/posts"}],"about":[{"href":"https:\/\/arantv.az\/index.php?rest_route=\/wp\/v2\/types\/post"}],"author":[{"embeddable":true,"href":"https:\/\/arantv.az\/index.php?rest_route=\/wp\/v2\/users\/2"}],"replies":[{"embeddable":true,"href":"https:\/\/arantv.az\/index.php?rest_route=%2Fwp%2Fv2%2Fcomments&post=738059"}],"version-history":[{"count":0,"href":"https:\/\/arantv.az\/index.php?rest_route=\/wp\/v2\/posts\/738059\/revisions"}],"wp:featuredmedia":[{"embeddable":true,"href":"https:\/\/arantv.az\/index.php?rest_route=\/wp\/v2\/media\/738060"}],"wp:attachment":[{"href":"https:\/\/arantv.az\/index.php?rest_route=%2Fwp%2Fv2%2Fmedia&parent=738059"}],"wp:term":[{"taxonomy":"category","embeddable":true,"href":"https:\/\/arantv.az\/index.php?rest_route=%2Fwp%2Fv2%2Fcategories&post=738059"},{"taxonomy":"post_tag","embeddable":true,"href":"https:\/\/arantv.az\/index.php?rest_route=%2Fwp%2Fv2%2Ftags&post=738059"}],"curies":[{"name":"wp","href":"https:\/\/api.w.org\/{rel}","templated":true}]}}