{"id":738062,"date":"2024-07-17T13:52:18","date_gmt":"2024-07-17T09:52:18","guid":{"rendered":"https:\/\/arantv.az\/?p=738062"},"modified":"2024-07-17T13:52:18","modified_gmt":"2024-07-17T09:52:18","slug":"daha-yeddi-itkin-s%c9%99hidin-d%c9%99fn-m%c9%99rasimi-keciril%c9%99c%c9%99k","status":"publish","type":"post","link":"https:\/\/arantv.az\/?p=738062","title":{"rendered":"Daha yeddi itkin-\u015f\u0259hidin d\u0259fn m\u0259rasimi ke\u00e7iril\u0259c\u0259k"},"content":{"rendered":"<p>Az\u0259rbaycan Respublikas\u0131 \u018fsir v\u0259 itkin d\u00fc\u015fm\u00fc\u015f, girov g\u00f6t\u00fcr\u00fclm\u00fc\u015f v\u0259t\u0259nda\u015flarla \u0259laq\u0259dar D\u00f6vl\u0259t Komissiyas\u0131 itkin-\u015f\u0259hidl\u0259rin d\u0259fn m\u0259rasiml\u0259rin\u0259 dair m\u0259lumat yay\u0131b.<\/p>\n<p>D\u00f6vl\u0259t Komissiyas\u0131ndan \u201c\u0130ki sahil\u201d\u0259 bildirilib ki, iyulun 18-d\u0259 Ayd\u0131n \u018fs\u0259dulla o\u011flu Qurbanov paytaxt\u0131n Sabun\u00e7u rayonunun Ma\u015fta\u011fa q\u0259s\u0259b\u0259sind\u0259ki \u015e\u0259hidl\u0259r xiyaban\u0131nda, Ya\u015far \u018fl\u0259kb\u0259r o\u011flu K\u0259rimov Neft\u00e7ala rayonunun Qaramanl\u0131 k\u0259ndind\u0259, Zahid Bax\u0131\u015f o\u011flu Na\u011f\u0131yev A\u011fdam rayonunun Evo\u011flu k\u0259ndind\u0259, Akif \u0130lyas o\u011flu Abbasov G\u0259nc\u0259 \u015f\u0259h\u0259rind\u0259ki \u015e\u0259hidl\u0259r xiyaban\u0131nda d\u0259fn edil\u0259c\u0259k.<\/p>\n<p>\u0130yulun 19-da is\u0259 R\u0259him \u018flyar o\u011flu R\u0259sulov Sumqay\u0131t \u015f\u0259h\u0259rind\u0259ki \u015e\u0259hidl\u0259r xiyaban\u0131nda, \u0130brahim \u018fl\u0259\u015fr\u0259f o\u011flu V\u0259liyev \u0130mi\u015fli rayonundak\u0131 \u015e\u0259hidl\u0259r xiyaban\u0131nda, B\u0259xtiyar \u018fli\u015f o\u011flu H\u00fcmb\u0259tov Yevlax \u015f\u0259h\u0259rind\u0259ki \u015e\u0259hidl\u0259r xiyaban\u0131nda d\u0259fn olunacaq.<\/p>\n","protected":false},"excerpt":{"rendered":"<p>Az\u0259rbaycan Respublikas\u0131 \u018fsir v\u0259 itkin d\u00fc\u015fm\u00fc\u015f, girov g\u00f6t\u00fcr\u00fclm\u00fc\u015f v\u0259t\u0259nda\u015flarla \u0259laq\u0259dar D\u00f6vl\u0259t Komissiyas\u0131 itkin-\u015f\u0259hidl\u0259rin d\u0259fn m\u0259rasiml\u0259rin\u0259 dair m\u0259lumat yay\u0131b. D\u00f6vl\u0259t Komissiyas\u0131ndan \u201c\u0130ki sahil\u201d\u0259 bildirilib ki, iyulun 18-d\u0259 Ayd\u0131n \u018fs\u0259dulla o\u011flu Qurbanov paytaxt\u0131n Sabun\u00e7u rayonunun Ma\u015fta\u011fa q\u0259s\u0259b\u0259sind\u0259ki \u015e\u0259hidl\u0259r xiyaban\u0131nda, Ya\u015far \u018fl\u0259kb\u0259r o\u011flu K\u0259rimov Neft\u00e7ala rayonunun Qaramanl\u0131 k\u0259ndind\u0259, Zahid Bax\u0131\u015f o\u011flu Na\u011f\u0131yev A\u011fdam rayonunun Evo\u011flu k\u0259ndind\u0259, Akif \u0130lyas o\u011flu Abbasov G\u0259nc\u0259 \u015f\u0259h\u0259rind\u0259ki \u015e\u0259hidl\u0259r xiyaban\u0131nda d\u0259fn edil\u0259c\u0259k. \u0130yulun 19-da is\u0259 R\u0259him \u018flyar o\u011flu R\u0259sulov Sumqay\u0131t \u015f\u0259h\u0259rind\u0259ki \u015e\u0259hidl\u0259r xiyaban\u0131nda, \u0130brahim \u018fl\u0259\u015fr\u0259f o\u011flu V\u0259liyev \u0130mi\u015fli rayonundak\u0131 \u015e\u0259hidl\u0259r xiyaban\u0131nda, B\u0259xtiyar \u018fli\u015f o\u011flu H\u00fcmb\u0259tov Yevlax \u015f\u0259h\u0259rind\u0259ki \u015e\u0259hidl\u0259r xiyaban\u0131nda&hellip;<\/p>\n","protected":false},"author":2,"featured_media":738065,"comment_status":"closed","ping_status":"closed","sticky":false,"template":"","format":"standard","meta":{"om_disable_all_campaigns":false,"_monsterinsights_skip_tracking":false,"_monsterinsights_sitenote_active":false,"_monsterinsights_sitenote_note":"","_monsterinsights_sitenote_category":0},"categories":[1],"tags":[],"aioseo_notices":[],"gutentor_comment":0,"rttpg_featured_image_url":{"full":["https:\/\/arantv.az\/wp-content\/uploads\/2024\/07\/f953ad57166321811340901338810221607.jpg",975,540,false],"landscape":["https:\/\/arantv.az\/wp-content\/uploads\/2024\/07\/f953ad57166321811340901338810221607.jpg",975,540,false],"portraits":["https:\/\/arantv.az\/wp-content\/uploads\/2024\/07\/f953ad57166321811340901338810221607.jpg",975,540,false],"thumbnail":["https:\/\/arantv.az\/wp-content\/uploads\/2024\/07\/f953ad57166321811340901338810221607-500x280.jpg",500,280,true],"medium":["https:\/\/arantv.az\/wp-content\/uploads\/2024\/07\/f953ad57166321811340901338810221607-660x365.jpg",660,365,true],"large":["https:\/\/arantv.az\/wp-content\/uploads\/2024\/07\/f953ad57166321811340901338810221607-840x465.jpg",640,354,true],"1536x1536":["https:\/\/arantv.az\/wp-content\/uploads\/2024\/07\/f953ad57166321811340901338810221607.jpg",975,540,false],"2048x2048":["https:\/\/arantv.az\/wp-content\/uploads\/2024\/07\/f953ad57166321811340901338810221607.jpg",975,540,false],"post-thumbnail":["https:\/\/arantv.az\/wp-content\/uploads\/2024\/07\/f953ad57166321811340901338810221607-240x172.jpg",240,172,true],"advps-thumb-one":["https:\/\/arantv.az\/wp-content\/uploads\/2024\/07\/f953ad57166321811340901338810221607.jpg",975,540,false]},"rttpg_author":{"display_name":"V\u00fcsal Rafiqo\u011flu","author_link":"https:\/\/arantv.az\/?author=2"},"rttpg_comment":0,"rttpg_category":"<a href=\"https:\/\/arantv.az\/?cat=1\" rel=\"category\">C\u0259miyy\u0259t<\/a>","rttpg_excerpt":"Az\u0259rbaycan Respublikas\u0131 \u018fsir v\u0259 itkin d\u00fc\u015fm\u00fc\u015f, girov g\u00f6t\u00fcr\u00fclm\u00fc\u015f v\u0259t\u0259nda\u015flarla \u0259laq\u0259dar D\u00f6vl\u0259t Komissiyas\u0131 itkin-\u015f\u0259hidl\u0259rin d\u0259fn m\u0259rasiml\u0259rin\u0259 dair m\u0259lumat yay\u0131b. D\u00f6vl\u0259t Komissiyas\u0131ndan \u201c\u0130ki sahil\u201d\u0259 bildirilib ki, iyulun 18-d\u0259 Ayd\u0131n \u018fs\u0259dulla o\u011flu Qurbanov paytaxt\u0131n Sabun\u00e7u rayonunun Ma\u015fta\u011fa q\u0259s\u0259b\u0259sind\u0259ki \u015e\u0259hidl\u0259r xiyaban\u0131nda, Ya\u015far \u018fl\u0259kb\u0259r o\u011flu K\u0259rimov Neft\u00e7ala rayonunun Qaramanl\u0131 k\u0259ndind\u0259, Zahid Bax\u0131\u015f o\u011flu Na\u011f\u0131yev A\u011fdam rayonunun Evo\u011flu k\u0259ndind\u0259, Akif \u0130lyas&hellip;","_links":{"self":[{"href":"https:\/\/arantv.az\/index.php?rest_route=\/wp\/v2\/posts\/738062"}],"collection":[{"href":"https:\/\/arantv.az\/index.php?rest_route=\/wp\/v2\/posts"}],"about":[{"href":"https:\/\/arantv.az\/index.php?rest_route=\/wp\/v2\/types\/post"}],"author":[{"embeddable":true,"href":"https:\/\/arantv.az\/index.php?rest_route=\/wp\/v2\/users\/2"}],"replies":[{"embeddable":true,"href":"https:\/\/arantv.az\/index.php?rest_route=%2Fwp%2Fv2%2Fcomments&post=738062"}],"version-history":[{"count":0,"href":"https:\/\/arantv.az\/index.php?rest_route=\/wp\/v2\/posts\/738062\/revisions"}],"wp:featuredmedia":[{"embeddable":true,"href":"https:\/\/arantv.az\/index.php?rest_route=\/wp\/v2\/media\/738065"}],"wp:attachment":[{"href":"https:\/\/arantv.az\/index.php?rest_route=%2Fwp%2Fv2%2Fmedia&parent=738062"}],"wp:term":[{"taxonomy":"category","embeddable":true,"href":"https:\/\/arantv.az\/index.php?rest_route=%2Fwp%2Fv2%2Fcategories&post=738062"},{"taxonomy":"post_tag","embeddable":true,"href":"https:\/\/arantv.az\/index.php?rest_route=%2Fwp%2Fv2%2Ftags&post=738062"}],"curies":[{"name":"wp","href":"https:\/\/api.w.org\/{rel}","templated":true}]}}