{"id":738473,"date":"2024-07-19T11:52:47","date_gmt":"2024-07-19T07:52:47","guid":{"rendered":"https:\/\/arantv.az\/?p=738473"},"modified":"2024-07-19T11:52:47","modified_gmt":"2024-07-19T07:52:47","slug":"b%c9%99rd%c9%99-xank%c9%99ndi-v%c9%99-b%c9%99rd%c9%99-susa-marsrutlari-acilacaq","status":"publish","type":"post","link":"https:\/\/arantv.az\/?p=738473","title":{"rendered":"B\u0259rd\u0259-Xank\u0259ndi v\u0259 B\u0259rd\u0259-\u015eu\u015fa mar\u015frutlar\u0131 a\u00e7\u0131lacaq"},"content":{"rendered":"<p><strong>Qaraba\u011fda \u015f\u0259h\u0259rl\u0259raras\u0131 v\u0259 \u015f\u0259h\u0259rl\u0259rdaxili s\u0259rni\u015finda\u015f\u0131malar\u0131 \u00fc\u00e7\u00fcn i\u015fl\u0259r gedir. \u0130lk olaraq La\u00e7\u0131n, \u015eu\u015fa, Xank\u0259ndi \u015f\u0259h\u0259rl\u0259rinin n\u0259qliyyat t\u0259minat\u0131 t\u0259r\u0259fimizd\u0259n haz\u0131rlan\u0131b.<\/strong><\/p>\n<p>Bu bar\u0259d\u0259 mobillik sah\u0259sind\u0259 qanunvericiliyin t\u0259kmill\u0259\u015fdirilm\u0259si il\u0259 ba\u011fl\u0131 ke\u00e7iril\u0259n brifinq zaman\u0131 Az\u0259rbaycan Yer\u00fcst\u00fc N\u0259qliyyat Agentliyinin (AYNA) \u0130dar\u0259 Hey\u0259tinin s\u0259dri Anar Rzayev bildirib.<\/p>\n<p>O qeyd edib ki, Qaraba\u011f\u0131n n\u0259qliyyat plan\u0131na uy\u011fun olaraq m\u00fcsabiq\u0259l\u0259r d\u0259 elan edilib:<\/p>\n<p>&#8220;Bak\u0131-La\u00e7\u0131n mar\u015frutunu da m\u00fcsabiq\u0259y\u0259 \u00e7\u0131xarm\u0131\u015f\u0131q v\u0259 art\u0131q f\u0259aliyy\u0259t\u0259 ba\u015flayacaq. Bundan ba\u015fqa, B\u0259rd\u0259-Xank\u0259ndi v\u0259 B\u0259rd\u0259-\u015eu\u015fa mar\u015frutlar\u0131n\u0131n a\u00e7\u0131lmas\u0131 da n\u0259z\u0259rd\u0259 tutulur. \u015eu\u015fa A\u011fdam marsrutlar\u0131ndan \u0259lav\u0259 yeni marsrutlar da istifad\u0259y\u0259 veril\u0259c\u0259k&#8221;.<\/p>\n","protected":false},"excerpt":{"rendered":"<p>Qaraba\u011fda \u015f\u0259h\u0259rl\u0259raras\u0131 v\u0259 \u015f\u0259h\u0259rl\u0259rdaxili s\u0259rni\u015finda\u015f\u0131malar\u0131 \u00fc\u00e7\u00fcn i\u015fl\u0259r gedir. \u0130lk olaraq La\u00e7\u0131n, \u015eu\u015fa, Xank\u0259ndi \u015f\u0259h\u0259rl\u0259rinin n\u0259qliyyat t\u0259minat\u0131 t\u0259r\u0259fimizd\u0259n haz\u0131rlan\u0131b. Bu bar\u0259d\u0259 mobillik sah\u0259sind\u0259 qanunvericiliyin t\u0259kmill\u0259\u015fdirilm\u0259si il\u0259 ba\u011fl\u0131 ke\u00e7iril\u0259n brifinq zaman\u0131 Az\u0259rbaycan Yer\u00fcst\u00fc N\u0259qliyyat Agentliyinin (AYNA) \u0130dar\u0259 Hey\u0259tinin s\u0259dri Anar Rzayev bildirib. O qeyd edib ki, Qaraba\u011f\u0131n n\u0259qliyyat plan\u0131na uy\u011fun olaraq m\u00fcsabiq\u0259l\u0259r d\u0259 elan edilib: &#8220;Bak\u0131-La\u00e7\u0131n mar\u015frutunu da m\u00fcsabiq\u0259y\u0259 \u00e7\u0131xarm\u0131\u015f\u0131q v\u0259 art\u0131q f\u0259aliyy\u0259t\u0259 ba\u015flayacaq. Bundan ba\u015fqa, B\u0259rd\u0259-Xank\u0259ndi v\u0259 B\u0259rd\u0259-\u015eu\u015fa mar\u015frutlar\u0131n\u0131n a\u00e7\u0131lmas\u0131 da n\u0259z\u0259rd\u0259 tutulur. \u015eu\u015fa A\u011fdam marsrutlar\u0131ndan \u0259lav\u0259 yeni marsrutlar da istifad\u0259y\u0259 veril\u0259c\u0259k&#8221;.<\/p>\n","protected":false},"author":2,"featured_media":738474,"comment_status":"closed","ping_status":"closed","sticky":false,"template":"","format":"standard","meta":{"om_disable_all_campaigns":false,"_monsterinsights_skip_tracking":false,"_monsterinsights_sitenote_active":false,"_monsterinsights_sitenote_note":"","_monsterinsights_sitenote_category":0},"categories":[1],"tags":[],"aioseo_notices":[],"gutentor_comment":0,"rttpg_featured_image_url":{"full":["https:\/\/arantv.az\/wp-content\/uploads\/2024\/07\/213d921900b4d42f41b66c1753d74310.jpg",870,500,false],"landscape":["https:\/\/arantv.az\/wp-content\/uploads\/2024\/07\/213d921900b4d42f41b66c1753d74310.jpg",870,500,false],"portraits":["https:\/\/arantv.az\/wp-content\/uploads\/2024\/07\/213d921900b4d42f41b66c1753d74310.jpg",870,500,false],"thumbnail":["https:\/\/arantv.az\/wp-content\/uploads\/2024\/07\/213d921900b4d42f41b66c1753d74310-500x280.jpg",500,280,true],"medium":["https:\/\/arantv.az\/wp-content\/uploads\/2024\/07\/213d921900b4d42f41b66c1753d74310-635x365.jpg",635,365,true],"large":["https:\/\/arantv.az\/wp-content\/uploads\/2024\/07\/213d921900b4d42f41b66c1753d74310-840x483.jpg",640,368,true],"1536x1536":["https:\/\/arantv.az\/wp-content\/uploads\/2024\/07\/213d921900b4d42f41b66c1753d74310.jpg",870,500,false],"2048x2048":["https:\/\/arantv.az\/wp-content\/uploads\/2024\/07\/213d921900b4d42f41b66c1753d74310.jpg",870,500,false],"post-thumbnail":["https:\/\/arantv.az\/wp-content\/uploads\/2024\/07\/213d921900b4d42f41b66c1753d74310-240x172.jpg",240,172,true],"advps-thumb-one":["https:\/\/arantv.az\/wp-content\/uploads\/2024\/07\/213d921900b4d42f41b66c1753d74310.jpg",870,500,false]},"rttpg_author":{"display_name":"V\u00fcsal Rafiqo\u011flu","author_link":"https:\/\/arantv.az\/?author=2"},"rttpg_comment":0,"rttpg_category":"<a href=\"https:\/\/arantv.az\/?cat=1\" rel=\"category\">C\u0259miyy\u0259t<\/a>","rttpg_excerpt":"Qaraba\u011fda \u015f\u0259h\u0259rl\u0259raras\u0131 v\u0259 \u015f\u0259h\u0259rl\u0259rdaxili s\u0259rni\u015finda\u015f\u0131malar\u0131 \u00fc\u00e7\u00fcn i\u015fl\u0259r gedir. \u0130lk olaraq La\u00e7\u0131n, \u015eu\u015fa, Xank\u0259ndi \u015f\u0259h\u0259rl\u0259rinin n\u0259qliyyat t\u0259minat\u0131 t\u0259r\u0259fimizd\u0259n haz\u0131rlan\u0131b. Bu bar\u0259d\u0259 mobillik sah\u0259sind\u0259 qanunvericiliyin t\u0259kmill\u0259\u015fdirilm\u0259si il\u0259 ba\u011fl\u0131 ke\u00e7iril\u0259n brifinq zaman\u0131 Az\u0259rbaycan Yer\u00fcst\u00fc N\u0259qliyyat Agentliyinin (AYNA) \u0130dar\u0259 Hey\u0259tinin s\u0259dri Anar Rzayev bildirib. O qeyd edib ki, Qaraba\u011f\u0131n n\u0259qliyyat plan\u0131na uy\u011fun olaraq m\u00fcsabiq\u0259l\u0259r d\u0259 elan edilib: &#8220;Bak\u0131-La\u00e7\u0131n mar\u015frutunu&hellip;","_links":{"self":[{"href":"https:\/\/arantv.az\/index.php?rest_route=\/wp\/v2\/posts\/738473"}],"collection":[{"href":"https:\/\/arantv.az\/index.php?rest_route=\/wp\/v2\/posts"}],"about":[{"href":"https:\/\/arantv.az\/index.php?rest_route=\/wp\/v2\/types\/post"}],"author":[{"embeddable":true,"href":"https:\/\/arantv.az\/index.php?rest_route=\/wp\/v2\/users\/2"}],"replies":[{"embeddable":true,"href":"https:\/\/arantv.az\/index.php?rest_route=%2Fwp%2Fv2%2Fcomments&post=738473"}],"version-history":[{"count":1,"href":"https:\/\/arantv.az\/index.php?rest_route=\/wp\/v2\/posts\/738473\/revisions"}],"predecessor-version":[{"id":738475,"href":"https:\/\/arantv.az\/index.php?rest_route=\/wp\/v2\/posts\/738473\/revisions\/738475"}],"wp:featuredmedia":[{"embeddable":true,"href":"https:\/\/arantv.az\/index.php?rest_route=\/wp\/v2\/media\/738474"}],"wp:attachment":[{"href":"https:\/\/arantv.az\/index.php?rest_route=%2Fwp%2Fv2%2Fmedia&parent=738473"}],"wp:term":[{"taxonomy":"category","embeddable":true,"href":"https:\/\/arantv.az\/index.php?rest_route=%2Fwp%2Fv2%2Fcategories&post=738473"},{"taxonomy":"post_tag","embeddable":true,"href":"https:\/\/arantv.az\/index.php?rest_route=%2Fwp%2Fv2%2Ftags&post=738473"}],"curies":[{"name":"wp","href":"https:\/\/api.w.org\/{rel}","templated":true}]}}