{"id":738485,"date":"2024-07-19T11:59:07","date_gmt":"2024-07-19T07:59:07","guid":{"rendered":"https:\/\/arantv.az\/?p=738485"},"modified":"2024-07-19T11:59:07","modified_gmt":"2024-07-19T07:59:07","slug":"pes%c9%99-t%c9%99hsili-uzr%c9%99-f%c9%99nn-mu%c9%99llimi-v%c9%99-t%c9%99lim-ustalarinin-is%c9%99-q%c9%99bul-musabiq%c9%99si-baslayir","status":"publish","type":"post","link":"https:\/\/arantv.az\/?p=738485","title":{"rendered":"Pe\u015f\u0259 t\u0259hsili \u00fczr\u0259 f\u0259nn m\u00fc\u0259llimi v\u0259 t\u0259lim ustalar\u0131n\u0131n i\u015f\u0259 q\u0259bul m\u00fcsabiq\u0259si ba\u015flay\u0131r"},"content":{"rendered":"<section>\n<div class=\"content lead font-weight-normal\">\n<p>2024\/2025-ci t\u0259dris ili \u00fc\u00e7\u00fcn pe\u015f\u0259 t\u0259hsili m\u00fc\u0259ssis\u0259l\u0259rin\u0259 ixtisas f\u0259nn m\u00fc\u0259llimi v\u0259 istehsalat t\u0259limi ustalar\u0131n\u0131n i\u015f\u0259 q\u0259bul m\u00fcsabiq\u0259si ke\u00e7iril\u0259c\u0259k.<\/p>\n<p>Pe\u015f\u0259 T\u0259hsili \u00fczr\u0259 D\u00f6vl\u0259t Agentliyind\u0259n\u00a0<strong>\u201c\u0130ki sahil\u201d\u0259\u00a0<\/strong>veril\u0259n m\u0259lumata g\u00f6r\u0259, m\u00fcsabiq\u0259 iyulun 22-d\u0259 ba\u015flayacaq.<\/p>\n<p>Qeyd edilib ki, pe\u015f\u0259 t\u0259hsili m\u00fc\u0259ssis\u0259l\u0259rind\u0259 ixtisas f\u0259nn m\u00fc\u0259llimi v\u0259 istehsalat t\u0259limi ustas\u0131 kimi \u00e7al\u0131\u015fmaq ist\u0259y\u0259n \u015f\u0259xsl\u0259r ixtisasla\u015fd\u0131qlar\u0131 istiqam\u0259t \u00fczr\u0259 22-29 iyul tarixl\u0259ri aras\u0131nda https:\/\/portal.edu.az elektron m\u00fcraci\u0259t portal\u0131 vasit\u0259si il\u0259 qeydiyyatdan ke\u00e7m\u0259lidirl\u0259r.<\/p>\n<p>M\u00fcsabiq\u0259 \u00e7\u0259r\u00e7iv\u0259sind\u0259 Bak\u0131 v\u0259 regionlarda yerl\u0259\u015f\u0259n pe\u015f\u0259 t\u0259hsili m\u00fc\u0259ssis\u0259l\u0259ri \u00fczr\u0259 551 ixtisas f\u0259nn m\u00fc\u0259llimi, 574 istehsalat t\u0259limi ustas\u0131, 82 y\u00fcks\u0259k texniki pe\u015f\u0259 t\u0259hsili s\u0259viyy\u0259si \u00fczr\u0259 vakansiya elan olunmas\u0131 proqnozla\u015fd\u0131r\u0131l\u0131r. Cari ild\u0259n etibar\u0259n ilk d\u0259f\u0259 olaraq Nax\u00e7\u0131van Muxtar Respublikas\u0131nda yerl\u0259\u015f\u0259n pe\u015f\u0259 t\u0259hsili m\u00fc\u0259ssis\u0259l\u0259rin\u0259 d\u0259 i\u015f\u0259q\u0259bul prosesi m\u0259rk\u0259zl\u0259\u015fdirilmi\u015f m\u00fcsabiq\u0259 vasit\u0259sil\u0259 apar\u0131l\u0131r.<\/p>\n<p>\u0130xtisas f\u0259nn m\u00fc\u0259lliml\u0259ri v\u0259 istehsalat t\u0259limi ustalar\u0131n\u0131n i\u015f\u0259 q\u0259bulu m\u00fcsabiq\u0259si elektron \u04d9riz\u04d9l\u04d9rin q\u04d9bulu, t\u0259qdim edil\u0259n m\u04d9lumatlar\u0131n m\u00fcsabiq\u04d9nin \u015f\u04d9rtl\u04d9rin\u04d9 uy\u011funlu\u011funun m\u00fcsabiq\u0259 komissiyas\u0131 t\u04d9r\u04d9find\u04d9n yoxlan\u0131lmas\u0131, test imtahan\u0131, vakant yerl\u0259rin se\u00e7ilm\u0259si v\u0259 m\u00fcsahib\u0259 m\u0259rh\u0259l\u0259l\u0259rind\u0259n ibar\u0259tdir.<\/p>\n<p>\u018friz\u0259l\u0259ri t\u0259sdiq edildikd\u0259n sonra, 2 avqust tarixind\u0259, ixtisas f\u0259nn m\u00fc\u0259llimi vakansiyas\u0131 \u00fczr\u0259 m\u00fcraci\u0259t ed\u0259n namiz\u0259dl\u0259r ixtisas modullar\u0131 \u00fczr\u0259 t\u0259hsil proqramlar\u0131na aid 40 sual v\u0259 t\u0259dris metodikas\u0131na v\u0259 t\u0259lim strategiyalar\u0131na aid 20 sual, istehsalat t\u0259limi ustas\u0131 vakansiyas\u0131 \u00fczr\u0259 m\u00fcraci\u0259t ed\u0259n namiz\u0259dl\u0259r t\u0259dris ed\u0259c\u0259yi t\u0259lim modullar\u0131na aid 40 sual, t\u0259lim metodikas\u0131na v\u0259 t\u0259lim strategiyalar\u0131na aid 15 sual, h\u0259m\u00e7inin \u0259m\u0259yin m\u00fchafiz\u0259si, t\u0259hl\u00fck\u0259sizlik texnikas\u0131, sanitar-gigiyena v\u0259 yan\u011f\u0131ndan m\u00fchafiz\u0259 norma v\u0259 qaydalar\u0131na aid 5 sualdan ibar\u0259t test imtahan\u0131nda i\u015ftirak ed\u0259c\u0259kl\u0259r.<\/p>\n<p>\u0130xtisas f\u0259nn m\u00fc\u0259llimi v\u0259 istehsalat t\u0259limi ustas\u0131 \u00fczr\u0259 test imtahan\u0131nda \u00fcmumi 40 bal v\u0259 daha y\u00fcks\u0259k n\u0259tic\u0259 g\u00f6st\u0259r\u0259n m\u00fcraci\u0259t\u00e7il\u0259r vakant yerl\u0259rin se\u00e7imin\u0259 burax\u0131l\u0131r. Namiz\u0259dl\u0259r\u0259 maksimum 8 vakant yer se\u00e7m\u0259k imkan\u0131 verilir.<\/p>\n<p>M\u00fcsahib\u0259 m\u0259rh\u0259l\u0259sind\u0259 namiz\u0259dl\u0259rin \u00fcmumi d\u00fcnyag\u00f6r\u00fc\u015f\u00fc, pe\u015f\u0259 keyfiyy\u0259tl\u0259ri, \u00fcnsiyy\u0259t, t\u0259limi planla\u015fd\u0131rma, t\u0259limin t\u0259\u015fkilind\u0259 istifad\u0259 olunan forma v\u0259 \u00fcsullar\u0131 t\u0259tbiq etm\u0259k bacar\u0131\u011f\u0131 komissiya t\u0259r\u0259find\u0259n yoxlan\u0131l\u0131r. M\u00fcsahib\u0259nin n\u0259tic\u0259sin\u0259 \u0259sas\u0259n namiz\u0259din v\u0259zif\u0259y\u0259 uy\u011fun olub olmamas\u0131 bar\u0259d\u0259 q\u0259rar verilir. M\u00fcraci\u0259t\u00e7il\u0259rin vakant yerl\u0259r\u0259 yerl\u0259\u015fdirilm\u0259si elektron \u0259riz\u0259l\u0259rind\u0259 qeyd etdikl\u0259ri se\u00e7im ard\u0131c\u0131ll\u0131\u011f\u0131 g\u00f6zl\u0259nilm\u0259kl\u0259 apar\u0131lacaq.<\/p>\n<p>Pe\u015f\u0259 t\u0259hsil m\u00fc\u0259ssis\u0259l\u0259rin\u0259 ixtisas f\u0259nn m\u00fc\u0259lliml\u0259rin v\u0259 istehsalat t\u0259limi ustalar\u0131n\u0131n i\u015f\u0259 q\u0259bulu m\u00fcsabiq\u0259sin\u0259 qanunvericilikl\u0259 m\u00fc\u0259yy\u0259nl\u0259\u015fdirilmi\u015f, a\u015fa\u011f\u0131da qeyd edil\u0259n t\u0259l\u0259bl\u0259r\u0259 uy\u011fun namiz\u0259dl\u0259r m\u00fcraci\u0259t ed\u0259 bil\u0259r:<\/p>\n<p>\u0130xtisas f\u0259nn m\u00fc\u0259lliml\u0259ri &#8211; orta ixtisas v\u0259 ya ali t\u0259hsilli v\u0259 ixtisas\u0131 \u00fczr\u0259 istehsalat v\u0259 xidm\u0259t sah\u0259l\u0259rind\u0259 \u0259n az\u0131 1 il \u0259m\u0259k staj\u0131 olan \u015f\u0259xsl\u0259r;<\/p>\n<p>\u0130stehsalat t\u0259limi ustalar\u0131 &#8211; pe\u015f\u0259, orta ixtisas v\u0259 ya ali t\u0259hsilli v\u0259 ixtisas\u0131 \u00fczr\u0259 istehsalat v\u0259 xidm\u0259t sah\u0259l\u0259rind\u0259 \u0259n az\u0131 5 il \u0259m\u0259k staj\u0131 olan \u015f\u0259xsl\u0259r.<\/p>\n<div class=\"clearfix\"><\/div>\n<\/div>\n<div class=\"sharing my-2 row no-gutters d-print-none\"><\/div>\n<div class=\"d-none d-sm-block\"><\/div>\n<\/section>\n<section id=\"new_block_2\" class=\"mt-3 d-print-none\">\n<div class=\"row\">\n<div class=\"col-md-12\"><\/div>\n<\/div>\n<\/section>\n","protected":false},"excerpt":{"rendered":"<p>2024\/2025-ci t\u0259dris ili \u00fc\u00e7\u00fcn pe\u015f\u0259 t\u0259hsili m\u00fc\u0259ssis\u0259l\u0259rin\u0259 ixtisas f\u0259nn m\u00fc\u0259llimi v\u0259 istehsalat t\u0259limi ustalar\u0131n\u0131n i\u015f\u0259 q\u0259bul m\u00fcsabiq\u0259si ke\u00e7iril\u0259c\u0259k. Pe\u015f\u0259 T\u0259hsili \u00fczr\u0259 D\u00f6vl\u0259t Agentliyind\u0259n\u00a0\u201c\u0130ki sahil\u201d\u0259\u00a0veril\u0259n m\u0259lumata g\u00f6r\u0259, m\u00fcsabiq\u0259 iyulun 22-d\u0259 ba\u015flayacaq. Qeyd edilib ki, pe\u015f\u0259 t\u0259hsili m\u00fc\u0259ssis\u0259l\u0259rind\u0259 ixtisas f\u0259nn m\u00fc\u0259llimi v\u0259 istehsalat t\u0259limi ustas\u0131 kimi \u00e7al\u0131\u015fmaq ist\u0259y\u0259n \u015f\u0259xsl\u0259r ixtisasla\u015fd\u0131qlar\u0131 istiqam\u0259t \u00fczr\u0259 22-29 iyul tarixl\u0259ri aras\u0131nda https:\/\/portal.edu.az elektron m\u00fcraci\u0259t portal\u0131 vasit\u0259si il\u0259 qeydiyyatdan ke\u00e7m\u0259lidirl\u0259r. M\u00fcsabiq\u0259 \u00e7\u0259r\u00e7iv\u0259sind\u0259 Bak\u0131 v\u0259 regionlarda yerl\u0259\u015f\u0259n pe\u015f\u0259 t\u0259hsili m\u00fc\u0259ssis\u0259l\u0259ri \u00fczr\u0259 551 ixtisas f\u0259nn m\u00fc\u0259llimi, 574 istehsalat t\u0259limi ustas\u0131, 82 y\u00fcks\u0259k texniki pe\u015f\u0259 t\u0259hsili s\u0259viyy\u0259si \u00fczr\u0259 vakansiya elan olunmas\u0131&hellip;<\/p>\n","protected":false},"author":2,"featured_media":738486,"comment_status":"closed","ping_status":"closed","sticky":false,"template":"","format":"standard","meta":{"om_disable_all_campaigns":false,"_monsterinsights_skip_tracking":false,"_monsterinsights_sitenote_active":false,"_monsterinsights_sitenote_note":"","_monsterinsights_sitenote_category":0},"categories":[1],"tags":[],"aioseo_notices":[],"gutentor_comment":0,"rttpg_featured_image_url":{"full":["https:\/\/arantv.az\/wp-content\/uploads\/2024\/07\/f7cfdde9160024619470945642010078915.jpg",975,540,false],"landscape":["https:\/\/arantv.az\/wp-content\/uploads\/2024\/07\/f7cfdde9160024619470945642010078915.jpg",975,540,false],"portraits":["https:\/\/arantv.az\/wp-content\/uploads\/2024\/07\/f7cfdde9160024619470945642010078915.jpg",975,540,false],"thumbnail":["https:\/\/arantv.az\/wp-content\/uploads\/2024\/07\/f7cfdde9160024619470945642010078915-500x280.jpg",500,280,true],"medium":["https:\/\/arantv.az\/wp-content\/uploads\/2024\/07\/f7cfdde9160024619470945642010078915-660x365.jpg",660,365,true],"large":["https:\/\/arantv.az\/wp-content\/uploads\/2024\/07\/f7cfdde9160024619470945642010078915-840x465.jpg",640,354,true],"1536x1536":["https:\/\/arantv.az\/wp-content\/uploads\/2024\/07\/f7cfdde9160024619470945642010078915.jpg",975,540,false],"2048x2048":["https:\/\/arantv.az\/wp-content\/uploads\/2024\/07\/f7cfdde9160024619470945642010078915.jpg",975,540,false],"post-thumbnail":["https:\/\/arantv.az\/wp-content\/uploads\/2024\/07\/f7cfdde9160024619470945642010078915-240x172.jpg",240,172,true],"advps-thumb-one":["https:\/\/arantv.az\/wp-content\/uploads\/2024\/07\/f7cfdde9160024619470945642010078915.jpg",975,540,false]},"rttpg_author":{"display_name":"V\u00fcsal Rafiqo\u011flu","author_link":"https:\/\/arantv.az\/?author=2"},"rttpg_comment":0,"rttpg_category":"<a href=\"https:\/\/arantv.az\/?cat=1\" rel=\"category\">C\u0259miyy\u0259t<\/a>","rttpg_excerpt":"2024\/2025-ci t\u0259dris ili \u00fc\u00e7\u00fcn pe\u015f\u0259 t\u0259hsili m\u00fc\u0259ssis\u0259l\u0259rin\u0259 ixtisas f\u0259nn m\u00fc\u0259llimi v\u0259 istehsalat t\u0259limi ustalar\u0131n\u0131n i\u015f\u0259 q\u0259bul m\u00fcsabiq\u0259si ke\u00e7iril\u0259c\u0259k. Pe\u015f\u0259 T\u0259hsili \u00fczr\u0259 D\u00f6vl\u0259t Agentliyind\u0259n\u00a0\u201c\u0130ki sahil\u201d\u0259\u00a0veril\u0259n m\u0259lumata g\u00f6r\u0259, m\u00fcsabiq\u0259 iyulun 22-d\u0259 ba\u015flayacaq. Qeyd edilib ki, pe\u015f\u0259 t\u0259hsili m\u00fc\u0259ssis\u0259l\u0259rind\u0259 ixtisas f\u0259nn m\u00fc\u0259llimi v\u0259 istehsalat t\u0259limi ustas\u0131 kimi \u00e7al\u0131\u015fmaq ist\u0259y\u0259n \u015f\u0259xsl\u0259r ixtisasla\u015fd\u0131qlar\u0131 istiqam\u0259t \u00fczr\u0259 22-29 iyul tarixl\u0259ri aras\u0131nda https:\/\/portal.edu.az&hellip;","_links":{"self":[{"href":"https:\/\/arantv.az\/index.php?rest_route=\/wp\/v2\/posts\/738485"}],"collection":[{"href":"https:\/\/arantv.az\/index.php?rest_route=\/wp\/v2\/posts"}],"about":[{"href":"https:\/\/arantv.az\/index.php?rest_route=\/wp\/v2\/types\/post"}],"author":[{"embeddable":true,"href":"https:\/\/arantv.az\/index.php?rest_route=\/wp\/v2\/users\/2"}],"replies":[{"embeddable":true,"href":"https:\/\/arantv.az\/index.php?rest_route=%2Fwp%2Fv2%2Fcomments&post=738485"}],"version-history":[{"count":1,"href":"https:\/\/arantv.az\/index.php?rest_route=\/wp\/v2\/posts\/738485\/revisions"}],"predecessor-version":[{"id":738487,"href":"https:\/\/arantv.az\/index.php?rest_route=\/wp\/v2\/posts\/738485\/revisions\/738487"}],"wp:featuredmedia":[{"embeddable":true,"href":"https:\/\/arantv.az\/index.php?rest_route=\/wp\/v2\/media\/738486"}],"wp:attachment":[{"href":"https:\/\/arantv.az\/index.php?rest_route=%2Fwp%2Fv2%2Fmedia&parent=738485"}],"wp:term":[{"taxonomy":"category","embeddable":true,"href":"https:\/\/arantv.az\/index.php?rest_route=%2Fwp%2Fv2%2Fcategories&post=738485"},{"taxonomy":"post_tag","embeddable":true,"href":"https:\/\/arantv.az\/index.php?rest_route=%2Fwp%2Fv2%2Ftags&post=738485"}],"curies":[{"name":"wp","href":"https:\/\/api.w.org\/{rel}","templated":true}]}}