{"id":739252,"date":"2024-07-22T16:47:49","date_gmt":"2024-07-22T12:47:49","guid":{"rendered":"https:\/\/arantv.az\/?p=739252"},"modified":"2024-07-22T16:47:49","modified_gmt":"2024-07-22T12:47:49","slug":"prezidentd%c9%99n-asan-viza-il%c9%99-bagli-f%c9%99rman","status":"publish","type":"post","link":"https:\/\/arantv.az\/?p=739252","title":{"rendered":"Prezidentd\u0259n &#8220;ASAN Viza&#8221; il\u0259 ba\u011fl\u0131 F\u018fRMAN"},"content":{"rendered":"<p>&#8220;ASAN Viza&#8221; sistemi haqq\u0131nda \u018fsasnam\u0259&#8221;d\u0259 d\u0259yi\u015fiklik edilib.<\/p>\n<p><a href=\"https:\/\/president.az\/az\/articles\/view\/66535\" target=\"_blank\" rel=\"nofollow noopener\"><strong>President.az<\/strong><\/a>\u00a0x\u0259b\u0259r verir ki, bununla ba\u011fl\u0131 Prezident\u00a0<strong>\u0130lham \u018fliyev<\/strong>\u00a0f\u0259rman imzalay\u0131b.<\/p>\n<p>S\u0259r\u0259ncama \u0259sas\u0259n, elektron vizan\u0131n al\u0131nmas\u0131 sisteminin istifad\u0259\u00e7isi olan \u0259cn\u0259bi v\u0259 ya v\u0259t\u0259nda\u015fl\u0131\u011f\u0131 olmayan \u015f\u0259xsin bird\u0259f\u0259lik elektron vizan\u0131n al\u0131nmas\u0131 il\u0259 ba\u011fl\u0131 birba\u015fa m\u00fcraci\u0259t etm\u0259k \u00fc\u00e7\u00fcn daxil etdiyi m\u0259lumatlar siyah\u0131s\u0131nda d\u0259yi\u015fdirilib.<\/p>\n<p>Bel\u0259 ki, h\u0259min b\u00f6lm\u0259d\u0259n &#8220;7.4.14. Erm\u0259nistan Respublikas\u0131 t\u0259r\u0259find\u0259n i\u015f\u011fal edil\u0259n Az\u0259rbaycan Respublikas\u0131n\u0131n Da\u011fl\u0131q Qaraba\u011f v\u0259 dig\u0259r b\u00f6lg\u0259l\u0259rin\u0259 1991-ci ild\u0259n sonra s\u0259f\u0259r edib-etm\u0259m\u0259si bar\u0259d\u0259 m\u0259lumat&#8221; yar\u0131mb\u00f6lm\u0259si \u00e7\u0131xar\u0131l\u0131b.<\/p>\n","protected":false},"excerpt":{"rendered":"<p>&#8220;ASAN Viza&#8221; sistemi haqq\u0131nda \u018fsasnam\u0259&#8221;d\u0259 d\u0259yi\u015fiklik edilib. President.az\u00a0x\u0259b\u0259r verir ki, bununla ba\u011fl\u0131 Prezident\u00a0\u0130lham \u018fliyev\u00a0f\u0259rman imzalay\u0131b. S\u0259r\u0259ncama \u0259sas\u0259n, elektron vizan\u0131n al\u0131nmas\u0131 sisteminin istifad\u0259\u00e7isi olan \u0259cn\u0259bi v\u0259 ya v\u0259t\u0259nda\u015fl\u0131\u011f\u0131 olmayan \u015f\u0259xsin bird\u0259f\u0259lik elektron vizan\u0131n al\u0131nmas\u0131 il\u0259 ba\u011fl\u0131 birba\u015fa m\u00fcraci\u0259t etm\u0259k \u00fc\u00e7\u00fcn daxil etdiyi m\u0259lumatlar siyah\u0131s\u0131nda d\u0259yi\u015fdirilib. Bel\u0259 ki, h\u0259min b\u00f6lm\u0259d\u0259n &#8220;7.4.14. Erm\u0259nistan Respublikas\u0131 t\u0259r\u0259find\u0259n i\u015f\u011fal edil\u0259n Az\u0259rbaycan Respublikas\u0131n\u0131n Da\u011fl\u0131q Qaraba\u011f v\u0259 dig\u0259r b\u00f6lg\u0259l\u0259rin\u0259 1991-ci ild\u0259n sonra s\u0259f\u0259r edib-etm\u0259m\u0259si bar\u0259d\u0259 m\u0259lumat&#8221; yar\u0131mb\u00f6lm\u0259si \u00e7\u0131xar\u0131l\u0131b.<\/p>\n","protected":false},"author":2,"featured_media":739253,"comment_status":"closed","ping_status":"closed","sticky":false,"template":"","format":"standard","meta":{"om_disable_all_campaigns":false,"_monsterinsights_skip_tracking":false,"_monsterinsights_sitenote_active":false,"_monsterinsights_sitenote_note":"","_monsterinsights_sitenote_category":0},"categories":[4],"tags":[],"aioseo_notices":[],"gutentor_comment":0,"rttpg_featured_image_url":{"full":["https:\/\/arantv.az\/wp-content\/uploads\/2024\/07\/1721649342_imzaqerar.jpg",750,478,false],"landscape":["https:\/\/arantv.az\/wp-content\/uploads\/2024\/07\/1721649342_imzaqerar.jpg",750,478,false],"portraits":["https:\/\/arantv.az\/wp-content\/uploads\/2024\/07\/1721649342_imzaqerar.jpg",750,478,false],"thumbnail":["https:\/\/arantv.az\/wp-content\/uploads\/2024\/07\/1721649342_imzaqerar-500x280.jpg",500,280,true],"medium":["https:\/\/arantv.az\/wp-content\/uploads\/2024\/07\/1721649342_imzaqerar-573x365.jpg",573,365,true],"large":["https:\/\/arantv.az\/wp-content\/uploads\/2024\/07\/1721649342_imzaqerar.jpg",640,408,false],"1536x1536":["https:\/\/arantv.az\/wp-content\/uploads\/2024\/07\/1721649342_imzaqerar.jpg",750,478,false],"2048x2048":["https:\/\/arantv.az\/wp-content\/uploads\/2024\/07\/1721649342_imzaqerar.jpg",750,478,false],"post-thumbnail":["https:\/\/arantv.az\/wp-content\/uploads\/2024\/07\/1721649342_imzaqerar-240x172.jpg",240,172,true],"advps-thumb-one":["https:\/\/arantv.az\/wp-content\/uploads\/2024\/07\/1721649342_imzaqerar.jpg",750,478,false]},"rttpg_author":{"display_name":"V\u00fcsal Rafiqo\u011flu","author_link":"https:\/\/arantv.az\/?author=2"},"rttpg_comment":0,"rttpg_category":"<a href=\"https:\/\/arantv.az\/?cat=4\" rel=\"category\">Siyas\u0259t<\/a>","rttpg_excerpt":"&#8220;ASAN Viza&#8221; sistemi haqq\u0131nda \u018fsasnam\u0259&#8221;d\u0259 d\u0259yi\u015fiklik edilib. President.az\u00a0x\u0259b\u0259r verir ki, bununla ba\u011fl\u0131 Prezident\u00a0\u0130lham \u018fliyev\u00a0f\u0259rman imzalay\u0131b. S\u0259r\u0259ncama \u0259sas\u0259n, elektron vizan\u0131n al\u0131nmas\u0131 sisteminin istifad\u0259\u00e7isi olan \u0259cn\u0259bi v\u0259 ya v\u0259t\u0259nda\u015fl\u0131\u011f\u0131 olmayan \u015f\u0259xsin bird\u0259f\u0259lik elektron vizan\u0131n al\u0131nmas\u0131 il\u0259 ba\u011fl\u0131 birba\u015fa m\u00fcraci\u0259t etm\u0259k \u00fc\u00e7\u00fcn daxil etdiyi m\u0259lumatlar siyah\u0131s\u0131nda d\u0259yi\u015fdirilib. Bel\u0259 ki, h\u0259min b\u00f6lm\u0259d\u0259n &#8220;7.4.14. Erm\u0259nistan Respublikas\u0131 t\u0259r\u0259find\u0259n i\u015f\u011fal edil\u0259n Az\u0259rbaycan&hellip;","_links":{"self":[{"href":"https:\/\/arantv.az\/index.php?rest_route=\/wp\/v2\/posts\/739252"}],"collection":[{"href":"https:\/\/arantv.az\/index.php?rest_route=\/wp\/v2\/posts"}],"about":[{"href":"https:\/\/arantv.az\/index.php?rest_route=\/wp\/v2\/types\/post"}],"author":[{"embeddable":true,"href":"https:\/\/arantv.az\/index.php?rest_route=\/wp\/v2\/users\/2"}],"replies":[{"embeddable":true,"href":"https:\/\/arantv.az\/index.php?rest_route=%2Fwp%2Fv2%2Fcomments&post=739252"}],"version-history":[{"count":2,"href":"https:\/\/arantv.az\/index.php?rest_route=\/wp\/v2\/posts\/739252\/revisions"}],"predecessor-version":[{"id":739255,"href":"https:\/\/arantv.az\/index.php?rest_route=\/wp\/v2\/posts\/739252\/revisions\/739255"}],"wp:featuredmedia":[{"embeddable":true,"href":"https:\/\/arantv.az\/index.php?rest_route=\/wp\/v2\/media\/739253"}],"wp:attachment":[{"href":"https:\/\/arantv.az\/index.php?rest_route=%2Fwp%2Fv2%2Fmedia&parent=739252"}],"wp:term":[{"taxonomy":"category","embeddable":true,"href":"https:\/\/arantv.az\/index.php?rest_route=%2Fwp%2Fv2%2Fcategories&post=739252"},{"taxonomy":"post_tag","embeddable":true,"href":"https:\/\/arantv.az\/index.php?rest_route=%2Fwp%2Fv2%2Ftags&post=739252"}],"curies":[{"name":"wp","href":"https:\/\/api.w.org\/{rel}","templated":true}]}}