{"id":739262,"date":"2024-07-22T17:06:25","date_gmt":"2024-07-22T13:06:25","guid":{"rendered":"https:\/\/arantv.az\/?p=739262"},"modified":"2024-07-22T17:06:25","modified_gmt":"2024-07-22T13:06:25","slug":"erm%c9%99nistanin-mina-terroru-sulh-prosesin%c9%99-d%c9%99-mane-olan-s%c9%99b%c9%99b","status":"publish","type":"post","link":"https:\/\/arantv.az\/?p=739262","title":{"rendered":"Erm\u0259nistan\u0131n mina terroru &#8211; s\u00fclh prosesin\u0259 d\u0259 mane olan S\u018fB\u018fB"},"content":{"rendered":"<p><strong>Qaraba\u011f i\u015f\u011faldan azad edils\u0259 d\u0259, bu g\u00fcn h\u0259l\u0259 d\u0259 torpaqlar\u0131m\u0131zdan minalar tam t\u0259mizl\u0259nm\u0259yib. Az\u0259rbaycan t\u0259r\u0259fi prosesi var g\u00fcc\u00fc il\u0259 apar\u0131r. Ancaq m\u0259s\u0259l\u0259y\u0259 mane olan m\u0259qamlar var &#8211; Erm\u0259nistan\u0131n mina x\u0259rit\u0259l\u0259rini verm\u0259m\u0259si v\u0259 m\u00fcharib\u0259 qanunlar\u0131n\u0131 pozaraq bu minalar\u0131 hara, nec\u0259 g\u0259ldi basd\u0131rmas\u0131.<\/strong><\/p>\n<p>Prezident \u0130lham \u018fliyev iyulun 20-d\u0259 2-ci \u015eu\u015fa Qlobal Media Forumundak\u0131 \u201cYalan m\u0259lumatlar\u0131n if\u015fas\u0131: Dezinformasiyaya qar\u015f\u0131 m\u00fcbariz\u0259\u201d m\u00f6vzusunda \u00e7\u0131x\u0131\u015f\u0131nda bir s\u0131ra \u00f6n\u0259mli m\u0259qamlarla yana\u015f\u0131, bu m\u00f6vzuya da toxundu.<\/p>\n<p><strong>\u00d6lk\u0259 ba\u015f\u00e7\u0131s\u0131 bildirdi ki, 2020-ci ild\u0259n bu yana 300-d\u0259n \u00e7ox insan ya h\u0259lak olub, ya da yaralan\u0131b:<\/strong><\/p>\n<p><strong><img loading=\"lazy\" src=\"https:\/\/cdn.musavat.com\/news\/video\/NewFolder\/ali-fotolar\/b4b68f1a-8952-3e58-b3d9-d8c5c878.jpg\" alt=\"b4b68f1a-8952-3e58-b3d9-d8c5c878.jpg (295 KB)\" width=\"750\" height=\"494\" \/><\/strong><\/p>\n<p><em>\u201cT\u0259\u0259ss\u00fcf ki, n\u0259hay\u0259t, Erm\u0259nistan\u0131n biz\u0259 verdiyi mina x\u0259rit\u0259l\u0259ri tamamil\u0259 yarars\u0131zd\u0131r, onlar d\u0259qiq deyil. 2020-ci ilin 10 noyabr tarixli \u00fc\u00e7t\u0259r\u0259fli B\u0259yanat\u0131ndan sonra &#8211; bizim La\u00e7\u0131n d\u0259hlizi \u00fcz\u0259rind\u0259 n\u0259zar\u0259timiz olmad\u0131\u011f\u0131 d\u00f6vrd\u0259 Erm\u0259nistandan mina da\u015f\u0131n\u0131rd\u0131 v\u0259 onlar orada basd\u0131r\u0131l\u0131rd\u0131. \u0130kinci Qaraba\u011f m\u00fcharib\u0259si ba\u015fa \u00e7atd\u0131qdan sonra bel\u0259 onlar biz\u0259 qar\u015f\u0131 mina terroru h\u0259yata ke\u00e7irirdil\u0259r. \u00a0Azad edilmi\u015f \u0259razil\u0259rd\u0259 art\u0131q 8 min\u0259 yax\u0131n \u0259hali ya\u015fay\u0131r. \u0130lin sonuna q\u0259d\u0259r bu r\u0259q\u0259m 20 min\u0259 \u00e7atacaq. Bir ne\u00e7\u0259 ay \u0259vv\u0259l biz 23 binadan ibar\u0259t ya\u015fay\u0131\u015f kompleksini istifad\u0259y\u0259 verdik, \u00fc\u00e7, d\u00f6rd, be\u015fm\u0259rt\u0259b\u0259li binalard\u0131r\u201d.<\/em><\/p>\n<p>T\u0259bii ki, Erm\u0259nistan\u0131n mina terroru s\u00fclh prosesin\u0259 d\u0259 mane olur. Az\u0259rbaycan h\u0259r zaman regionda s\u00fclhd\u0259n yana olub. Ancaq 30 il torpaqlar\u0131m\u0131z\u0131 i\u015f\u011fal alt\u0131nda saxlayan Erm\u0259nistan indi d\u0259 s\u00fclh m\u00fcqavil\u0259sind\u0259n qa\u00e7\u0131r.<\/p>\n<p>Az\u0259rbaycan\u0131n Xarici \u0130\u015fl\u0259r Nazirliyi yanvar\u0131n 21-d\u0259 yayd\u0131\u011f\u0131 m\u0259lumatda bildirmi\u015fdi ki, Erm\u0259nistan t\u0259r\u0259find\u0259n yerl\u0259\u015fdirilmi\u015f minalar g\u00fcnahs\u0131z dinc \u0259hali \u00fc\u00e7\u00fcn t\u0259hl\u00fck\u0259 yaratmaqda davam edir. Qeyd olunub ki, indiy\u0259d\u0259k 342 n\u0259f\u0259r mina terrorunun qurban\u0131 olub. Nazirlik, h\u0259m\u00e7inin b\u0259yan edib ki, h\u0259r k\u0259s mina x\u0259rit\u0259l\u0259ri il\u0259 ba\u011fl\u0131 d\u0259qiq m\u0259lumat almaq \u00fc\u00e7\u00fcn Erm\u0259nistana t\u0259zyiq etm\u0259lidir.<\/p>\n<p>Ancaq biz bu t\u0259zyiqi h\u0259l\u0259 d\u0259 g\u00f6rm\u00fcr\u00fck. \u018fksin\u0259, Fransa kimi d\u00f6vl\u0259tl\u0259r Erm\u0259nistana d\u0259st\u0259k \u00e7\u0131x\u0131rlar. Guya erm\u0259nil\u0259rin hans\u0131sa h\u00fcquqlar\u0131n\u0131n pozulmas\u0131ndan dan\u0131\u015f\u0131rlar.<\/p>\n<p>30 il \u0259rzind\u0259 Az\u0259rbaycan v\u0259t\u0259nda\u015flar\u0131 \u00f6z ata-baba yurdlar\u0131ndan k\u0259nar qal\u0131blar. D\u00f6vl\u0259timiz erm\u0259ni vandall\u0131\u011f\u0131 n\u0259tic\u0259sind\u0259 milyardlarla dollar ziyan g\u00f6r\u00fcb. Bu g\u00fcn biz \u00f6z \u0259rzil\u0259rimizi \u00f6z\u00fcm\u00fcz b\u0259rpa edirik, d\u00f6vl\u0259timiz v\u0259t\u0259nda\u015f\u0131 \u00fc\u00e7\u00fcn i\u015f\u011faldan azad edil\u0259n torpaqlard\u0259 h\u0259r bir \u015f\u0259rait yarad\u0131r. Ancaq n\u0259d\u0259ns\u0259 h\u0259min d\u00f6vl\u0259tl\u0259r bizim h\u00fcquqlar\u0131m\u0131zdan dan\u0131\u015fm\u0131r, d\u00f6vl\u0259timiz\u0259 d\u0259st\u0259k g\u00f6st\u0259rmirl\u0259r. 30 il i\u015f\u011fala susanlar indi d\u0259 mina terroruna susurlar&#8230;<\/p>\n","protected":false},"excerpt":{"rendered":"<p>Qaraba\u011f i\u015f\u011faldan azad edils\u0259 d\u0259, bu g\u00fcn h\u0259l\u0259 d\u0259 torpaqlar\u0131m\u0131zdan minalar tam t\u0259mizl\u0259nm\u0259yib. Az\u0259rbaycan t\u0259r\u0259fi prosesi var g\u00fcc\u00fc il\u0259 apar\u0131r. Ancaq m\u0259s\u0259l\u0259y\u0259 mane olan m\u0259qamlar var &#8211; Erm\u0259nistan\u0131n mina x\u0259rit\u0259l\u0259rini verm\u0259m\u0259si v\u0259 m\u00fcharib\u0259 qanunlar\u0131n\u0131 pozaraq bu minalar\u0131 hara, nec\u0259 g\u0259ldi basd\u0131rmas\u0131. Prezident \u0130lham \u018fliyev iyulun 20-d\u0259 2-ci \u015eu\u015fa Qlobal Media Forumundak\u0131 \u201cYalan m\u0259lumatlar\u0131n if\u015fas\u0131: Dezinformasiyaya qar\u015f\u0131 m\u00fcbariz\u0259\u201d m\u00f6vzusunda \u00e7\u0131x\u0131\u015f\u0131nda bir s\u0131ra \u00f6n\u0259mli m\u0259qamlarla yana\u015f\u0131, bu m\u00f6vzuya da toxundu. \u00d6lk\u0259 ba\u015f\u00e7\u0131s\u0131 bildirdi ki, 2020-ci ild\u0259n bu yana 300-d\u0259n \u00e7ox insan ya h\u0259lak olub, ya da yaralan\u0131b: \u201cT\u0259\u0259ss\u00fcf ki, n\u0259hay\u0259t, Erm\u0259nistan\u0131n biz\u0259&hellip;<\/p>\n","protected":false},"author":2,"featured_media":739263,"comment_status":"closed","ping_status":"closed","sticky":false,"template":"","format":"standard","meta":{"om_disable_all_campaigns":false,"_monsterinsights_skip_tracking":false,"_monsterinsights_sitenote_active":false,"_monsterinsights_sitenote_note":"","_monsterinsights_sitenote_category":0},"categories":[19],"tags":[],"aioseo_notices":[],"gutentor_comment":0,"rttpg_featured_image_url":{"full":["https:\/\/arantv.az\/wp-content\/uploads\/2024\/07\/f3d33c6e28511471209184cb30e353b9.jpg",870,500,false],"landscape":["https:\/\/arantv.az\/wp-content\/uploads\/2024\/07\/f3d33c6e28511471209184cb30e353b9.jpg",870,500,false],"portraits":["https:\/\/arantv.az\/wp-content\/uploads\/2024\/07\/f3d33c6e28511471209184cb30e353b9.jpg",870,500,false],"thumbnail":["https:\/\/arantv.az\/wp-content\/uploads\/2024\/07\/f3d33c6e28511471209184cb30e353b9-500x280.jpg",500,280,true],"medium":["https:\/\/arantv.az\/wp-content\/uploads\/2024\/07\/f3d33c6e28511471209184cb30e353b9-635x365.jpg",635,365,true],"large":["https:\/\/arantv.az\/wp-content\/uploads\/2024\/07\/f3d33c6e28511471209184cb30e353b9-840x483.jpg",640,368,true],"1536x1536":["https:\/\/arantv.az\/wp-content\/uploads\/2024\/07\/f3d33c6e28511471209184cb30e353b9.jpg",870,500,false],"2048x2048":["https:\/\/arantv.az\/wp-content\/uploads\/2024\/07\/f3d33c6e28511471209184cb30e353b9.jpg",870,500,false],"post-thumbnail":["https:\/\/arantv.az\/wp-content\/uploads\/2024\/07\/f3d33c6e28511471209184cb30e353b9-240x172.jpg",240,172,true],"advps-thumb-one":["https:\/\/arantv.az\/wp-content\/uploads\/2024\/07\/f3d33c6e28511471209184cb30e353b9.jpg",870,500,false]},"rttpg_author":{"display_name":"V\u00fcsal Rafiqo\u011flu","author_link":"https:\/\/arantv.az\/?author=2"},"rttpg_comment":0,"rttpg_category":"<a href=\"https:\/\/arantv.az\/?cat=19\" rel=\"category\">G\u00fcnd\u0259m<\/a>","rttpg_excerpt":"Qaraba\u011f i\u015f\u011faldan azad edils\u0259 d\u0259, bu g\u00fcn h\u0259l\u0259 d\u0259 torpaqlar\u0131m\u0131zdan minalar tam t\u0259mizl\u0259nm\u0259yib. Az\u0259rbaycan t\u0259r\u0259fi prosesi var g\u00fcc\u00fc il\u0259 apar\u0131r. Ancaq m\u0259s\u0259l\u0259y\u0259 mane olan m\u0259qamlar var &#8211; Erm\u0259nistan\u0131n mina x\u0259rit\u0259l\u0259rini verm\u0259m\u0259si v\u0259 m\u00fcharib\u0259 qanunlar\u0131n\u0131 pozaraq bu minalar\u0131 hara, nec\u0259 g\u0259ldi basd\u0131rmas\u0131. Prezident \u0130lham \u018fliyev iyulun 20-d\u0259 2-ci \u015eu\u015fa Qlobal Media Forumundak\u0131 \u201cYalan m\u0259lumatlar\u0131n if\u015fas\u0131: Dezinformasiyaya&hellip;","_links":{"self":[{"href":"https:\/\/arantv.az\/index.php?rest_route=\/wp\/v2\/posts\/739262"}],"collection":[{"href":"https:\/\/arantv.az\/index.php?rest_route=\/wp\/v2\/posts"}],"about":[{"href":"https:\/\/arantv.az\/index.php?rest_route=\/wp\/v2\/types\/post"}],"author":[{"embeddable":true,"href":"https:\/\/arantv.az\/index.php?rest_route=\/wp\/v2\/users\/2"}],"replies":[{"embeddable":true,"href":"https:\/\/arantv.az\/index.php?rest_route=%2Fwp%2Fv2%2Fcomments&post=739262"}],"version-history":[{"count":1,"href":"https:\/\/arantv.az\/index.php?rest_route=\/wp\/v2\/posts\/739262\/revisions"}],"predecessor-version":[{"id":739264,"href":"https:\/\/arantv.az\/index.php?rest_route=\/wp\/v2\/posts\/739262\/revisions\/739264"}],"wp:featuredmedia":[{"embeddable":true,"href":"https:\/\/arantv.az\/index.php?rest_route=\/wp\/v2\/media\/739263"}],"wp:attachment":[{"href":"https:\/\/arantv.az\/index.php?rest_route=%2Fwp%2Fv2%2Fmedia&parent=739262"}],"wp:term":[{"taxonomy":"category","embeddable":true,"href":"https:\/\/arantv.az\/index.php?rest_route=%2Fwp%2Fv2%2Fcategories&post=739262"},{"taxonomy":"post_tag","embeddable":true,"href":"https:\/\/arantv.az\/index.php?rest_route=%2Fwp%2Fv2%2Ftags&post=739262"}],"curies":[{"name":"wp","href":"https:\/\/api.w.org\/{rel}","templated":true}]}}