{"id":739299,"date":"2024-07-22T19:35:10","date_gmt":"2024-07-22T15:35:10","guid":{"rendered":"https:\/\/arantv.az\/?p=739299"},"modified":"2024-07-22T19:35:10","modified_gmt":"2024-07-22T15:35:10","slug":"prezidentin-qlobal-media-forumda-cixisi-regionla-bagli-gucl%c9%99r%c9%99-ismarislar-s%c9%99rh","status":"publish","type":"post","link":"https:\/\/arantv.az\/?p=739299","title":{"rendered":"Prezidentin Qlobal Media Forumda \u00e7\u0131x\u0131\u015f\u0131 &#8211; regionla ba\u011fl\u0131 g\u00fccl\u0259r\u0259 ismar\u0131\u015flar &#8211; \u015e\u018fRH"},"content":{"rendered":"<p>Az\u0259rbaycan m\u00fcst\u0259qillik \u0259ld\u0259 etdikd\u0259n sonra ona qar\u015f\u0131 m\u00fcxt\u0259lif sferalarda, x\u00fcsus\u0259n d\u0259 beyn\u0259lxalq k\u00fctl\u0259vi informasiya vasit\u0259l\u0259rind\u0259 qarayaxma kampaniyalar\u0131 apar\u0131l\u0131b. \u00d6lk\u0259mizin \u0259razisinin bir hiss\u0259si i\u015f\u011fal alt\u0131nda olanda bu kampaniya daha intensiv davam etdirilib. H\u0259d\u0259f h\u0259min \u0259razil\u0259rin guya erm\u0259nil\u0259r\u0259 m\u0259xsus oldu\u011funu t\u0259bli\u011f etm\u0259k, beyn\u0259lxalq ictimaiyy\u0259ti buna inand\u0131rmaq, b\u00f6lg\u0259d\u0259 yerl\u0259\u015fdiril\u0259n bu etnik qrup t\u0259msil\u00e7il\u0259rinin r\u0259smi Bak\u0131 t\u0259r\u0259find\u0259n diskriminasiyaya m\u0259ruz qoyuldu\u011funu \u00e7atd\u0131rmaq idi.<\/p>\n<p>Bir s\u0131ra hallarda beyn\u0259lxalq vasit\u0259\u00e7ilik missiyas\u0131n\u0131 h\u0259yata ke\u00e7ir\u0259nl\u0259r v\u0259 onlar\u0131n m\u00fctt\u0259fiql\u0259ri bu yalanlara inanma\u011fa \u00e7al\u0131\u015f\u0131r, erm\u0259nil\u0259r v\u0259 onlar\u0131n havadarlar\u0131n\u0131n t\u0259bli\u011fat\u0131na uyurdular.<\/p>\n<p>El\u0259 AB\u015e-d\u0259 \u201c907-ci d\u00fcz\u0259li\u015f\u201d d\u0259 bu yalan v\u0259 uydurmalar\u0131n n\u0259tic\u0259sind\u0259 q\u0259bul olunmu\u015fdu. Bu, 1992-ci ild\u0259 AB\u015e Konqresi t\u0259r\u0259find\u0259n &#8220;Azadl\u0131\u011fa d\u0259st\u0259k haqq\u0131nda&#8221; akta \u0259lav\u0259 edil\u0259n v\u0259 Az\u0259rbaycana AB\u015e-nin birba\u015fa d\u00f6vl\u0259t yard\u0131m\u0131n\u0131 qada\u011fan ed\u0259n d\u00fcz\u0259li\u015fdir. Bu qada\u011fa Az\u0259rbaycan\u0131 iqtisadi v\u0259 siyasi sabitliyi asanla\u015fd\u0131rmaq \u00fc\u00e7\u00fcn AB\u015e h\u00f6kum\u0259tind\u0259n birba\u015fa yard\u0131m almayan yegan\u0259 postsovet d\u00f6vl\u0259tin\u0259 \u00e7evirmi\u015fdir. S\u0259n\u0259din m\u0259tnind\u0259 bildirilirdi ki, guya Az\u0259rbaycan 1992-ci ild\u0259 \u201cDa\u011fl\u0131q Qaraba\u011f\u0131 i\u015f\u011fal edib\u201d v\u0259 \u201cErm\u0259nistana qar\u015f\u0131 blokada t\u0259tbiq edib\u201d. H\u0259r iki uydurma v\u0259 saxta iddian\u0131n arxas\u0131nda b\u00f6y\u00fck g\u00fccl\u0259r v\u0259 onlar\u0131n \u0259lalt\u0131s\u0131 olmu\u015f K\u0130V dayan\u0131rd\u0131. Onlar torpaqlar\u0131 i\u015f\u011fal edil\u0259n Az\u0259rbaycan\u0131n beyn\u0259lxalq ictimaiyy\u0259t t\u0259r\u0259find\u0259n t\u0259cav\u00fczkar kimi tan\u0131nmas\u0131na \u00e7al\u0131\u015f\u0131rd\u0131lar.<\/p>\n<div class=\"news-image\">\n<div class=\"image\"><img src=\"https:\/\/static.report.az\/photo\/a5627dbf-dca1-3127-9db6-8eaaa9d44d45.jpg\" alt=\"\" \/><img loading=\"lazy\" src=\"https:\/\/cdn.musavat.com\/news\/thumbnails\/9a31abc3724e2514d6244f196aad9eff.jpg\" alt=\"a5627dbf-dca1-3127-9db6-8eaaa9d4 (1).jpg (171 KB)\" width=\"700\" height=\"466\" \/><\/div>\n<\/div>\n<p>Prezident \u0130lham \u018fliyev iyulun 20-d\u0259 2-ci \u015eu\u015fa Qlobal Media Forumundak\u0131 \u201cYalan m\u0259lumatlar\u0131n if\u015fas\u0131: Dezinformasiyaya qar\u015f\u0131 m\u00fcbariz\u0259\u201d m\u00f6vzusunda \u00e7\u0131x\u0131\u015f\u0131nda Az\u0259rbaycan\u0131n uzun ill\u0259r \u0259rzind\u0259 faktlar\u0131n manipulyasiyas\u0131n\u0131n, yanl\u0131\u015f narrativl\u0259rin qurban\u0131 oldu\u011fundan b\u0259hs edib.<\/p>\n<p>D\u00f6vl\u0259t ba\u015f\u00e7\u0131s\u0131 Az\u0259rbaycana qar\u015f\u0131 t\u0259bli\u011fatda erm\u0259ni diasporunun oynad\u0131\u011f\u0131 apar\u0131c\u0131 roldan dan\u0131\u015faraq bildirib: \u201cOnlardan biri Erm\u0259nistan il\u0259 Az\u0259rbaycan aras\u0131nda olan m\u00fcnaqi\u015f\u0259 v\u0259 b\u00fct\u00fcn erm\u0259ni diasporunun s\u0259f\u0259rb\u0259r olmas\u0131 idi. Erm\u0259nip\u0259r\u0259st siyas\u0259t\u00e7il\u0259r, media n\u00fcmay\u0259nd\u0259l\u0259ri Az\u0259rbaycana qar\u015f\u0131 h\u00fccum edirdil\u0259r, Az\u0259rbaycan haqq\u0131nda yanl\u0131\u015f narrativl\u0259r yay\u0131rd\u0131lar v\u0259 Az\u0259rbaycan\u0131 reall\u0131qdan \u00e7ox uzaq bir \u015f\u0259kild\u0259 t\u0259qdim edirdil\u0259r\u201d.<\/p>\n<p>Az\u0259rbaycan ictimaiyy\u0259ti erm\u0259nil\u0259rin, Erm\u0259nistan hakimiyy\u0259tinin onun havadarlar\u0131n\u0131n, h\u0259tta qon\u015fu \u0130ran\u0131n da bel\u0259 t\u0259bli\u011fata uydu\u011funun \u00e7ox \u015fahidi olub. Onlar iddia edirdi ki, guya erm\u0259nil\u0259r &#8220;torpaqlar\u0131ndan&#8221; qovulub. O da sirr deyil ki, r\u0259smi Bak\u0131 Qaraba\u011fdak\u0131 erm\u0259ni sakinl\u0259rin Az\u0259rbaycana inteqrasiyas\u0131na h\u0259mi\u015f\u0259, m\u00fcharib\u0259d\u0259n \u0259vv\u0259l, onun gedi\u015find\u0259 v\u0259 ondan sonra da \u0259h\u0259miyy\u0259t verib.<\/p>\n<p>44 g\u00fcnl\u00fck m\u00fcharib\u0259 bit\u0259r-bitm\u0259z Prezident \u0130lham \u018fliyev BBC-y\u0259 m\u00fcsahib\u0259 verib. H\u0259min s\u00f6hb\u0259td\u0259 Az\u0259rbaycana qar\u015f\u0131 dezinformasiya v\u0259 ba\u015fqa narrativl\u0259rin t\u0259zah\u00fcrl\u0259ri var;<\/p>\n<div class=\"news-image\">\n<div class=\"image\"><img src=\"https:\/\/static.report.az\/photo\/4e331ec8-e888-3aaf-80cd-d901695035c4.jpg\" alt=\"\" \/><img loading=\"lazy\" src=\"https:\/\/cdn.musavat.com\/news\/thumbnails\/463b094dfe55b920f71d862506f892d0.jpg\" alt=\"4e331ec8-e888-3aaf-80cd-d9016950.jpg (290 KB)\" width=\"700\" height=\"355\" \/><\/div>\n<\/div>\n<p><strong>BBC<\/strong>: Prezident \u018fliyev, erm\u0259nil\u0259rin orada Sizin v\u0259t\u0259nda\u015flar\u0131n\u0131z kimi ya\u015fayacaqlar\u0131n\u0131 deyirsiniz. Siz bu yax\u0131nlarda demisiniz v\u0259 m\u0259n burada sizd\u0259n sitat g\u0259tirir\u0259m: &#8220;onlar \u00e7\u0131xmasalar, biz onlar\u0131 iti qovan kimi qovaca\u011f\u0131q&#8221;. Bu b\u0259yanatla insanlar \u00e7\u0259tin ki, \u00f6zl\u0259rini t\u0259hl\u00fck\u0259siz hiss etsinl\u0259r.<\/p>\n<p><strong>\u0130lham \u018fliyev<\/strong>: Xeyr, xeyr, xeyr, xahi\u015f edir\u0259m, m\u0259nim b\u0259yanatlar\u0131ma d\u0259qiqlikl\u0259 yana\u015f\u0131n. M\u0259n bunu dedikd\u0259 bizim \u0259razil\u0259ri i\u015f\u011fal etm\u0259y\u0259 davam ed\u0259nl\u0259ri n\u0259z\u0259rd\u0259 tuturdum. M\u0259n Erm\u0259nistan\u0131n h\u0259rbi-siyasi r\u0259hb\u0259rliyini n\u0259z\u0259rd\u0259 tuturdum. M\u0259n Da\u011fl\u0131q Qaraba\u011f\u0131n d\u0131rnaqaras\u0131 &#8220;h\u00f6kum\u0259tini&#8221;, bu cinay\u0259tkar xuntan\u0131 n\u0259z\u0259rd\u0259 tuturdum, hans\u0131 ki, yeri g\u0259lmi\u015fk\u0259n, art\u0131q qa\u00e7\u0131b gedib. M\u0259n\u0259 m\u0259lumat verilib ki, Da\u011fl\u0131q Qaraba\u011f\u0131n d\u0131rnaqaras\u0131 &#8220;r\u0259hb\u0259ri&#8221; art\u0131q \u0130r\u0259vandad\u0131r. M\u0259n erm\u0259ni xalq\u0131n\u0131 yox, onlar\u0131 n\u0259z\u0259rd\u0259 tuturdum\u201d.<\/p>\n<p>Bu, r\u0259smi Bak\u0131n\u0131n m\u00f6vqeyinin t\u0259hrif olunmas\u0131na dair \u0259n bariz \u00f6rn\u0259kdir.<\/p>\n<p>Prezident \u015eu\u015fada b\u0259hs etdiyimiz t\u0259dbird\u0259ki \u00e7\u0131x\u0131\u015f\u0131nda Az\u0259rbaycan\u0131n bu kimi dezinformasiyalara m\u0259ruz qald\u0131\u011f\u0131n\u0131 vur\u011fulay\u0131b: \u201cVaxt ke\u00e7dikc\u0259 Q\u0259rbd\u0259 siyasi dair\u0259l\u0259rd\u0259 reall\u0131q daha \u00e7ox \u00fcz\u0259 \u00e7\u0131x\u0131r v\u0259 Az\u0259rbaycana b\u0259rab\u0259r t\u0259r\u0259fda\u015f kimi yana\u015f\u0131l\u0131r. Biz ist\u0259rdik ki, Az\u0259rbaycanda v\u0259 regionda ba\u015f ver\u0259n hadis\u0259l\u0259r obyektiv \u015f\u0259kild\u0259 i\u015f\u0131qland\u0131r\u0131ls\u0131n\u201d.<\/p>\n<p>Qaraba\u011f v\u0259 \u0259traf rayonlar\u0131n i\u015f\u011fal\u00e7\u0131lardan t\u0259mizl\u0259nm\u0259si C\u0259nubi Qafqazda yeni geosiyasi v\u0259ziyy\u0259tin yaranmas\u0131na da s\u0259b\u0259b olub. Art\u0131q b\u00f6lg\u0259y\u0259 \u0259n\u0259n\u0259vi m\u00fcnasib\u0259t d\u0259 d\u0259yi\u015fib. C\u0259nubi Qafqaz iki \u0259sr\u0259 yax\u0131n bir m\u00fcdd\u0259td\u0259 Rusiyan\u0131n birba\u015fa n\u00fcfuz dair\u0259sind\u0259 olub. Bu m\u0259s\u0259l\u0259d\u0259 Az\u0259rbaycan \u0259vv\u0259ll\u0259r oldu\u011fu kimi, yen\u0259 d\u0259 hadis\u0259l\u0259rin \u00f6n\u00fcnd\u0259dir. C\u0259nubi Qafqazda yegan\u0259 d\u00f6vl\u0259tdir ki, \u00f6z \u0259razisind\u0259 h\u0259r hans\u0131 s\u0259b\u0259bd\u0259n ba\u015fqa \u00f6lk\u0259nin qo\u015fununu yerl\u0259\u015fdirm\u0259yib. S\u00fclhm\u0259raml\u0131 \u015f\u0259klind\u0259 2020-ci ilin noyabr\u0131nda Az\u0259rbaycan\u0131n azad edilmi\u015f \u0259razil\u0259rin\u0259 yerl\u0259\u015fdiril\u0259n Rusiya h\u0259rb\u00e7il\u0259ri is\u0259 art\u0131q bu \u00f6lk\u0259ni t\u0259rk edib.<\/p>\n<p>Bu da b\u00f6lg\u0259d\u0259 r\u0259smi Bak\u0131n\u0131n y\u00fcr\u00fctd\u00fcy\u00fc xarici siyasi kursunun d\u0259qiqliyinin g\u00f6st\u0259ricisidir.<\/p>\n<div class=\"news-image\">\n<div class=\"image\"><img src=\"https:\/\/static.report.az\/photo\/b4b68f1a-8952-3e58-b3d9-d8c5c878adc8.jpg\" alt=\"\" \/><img loading=\"lazy\" src=\"https:\/\/cdn.musavat.com\/news\/thumbnails\/3f131252a3ac3b6b2005eb8263ecd800.jpg\" alt=\"b4b68f1a-8952-3e58-b3d9-d8c5c878.jpg (295 KB)\" width=\"700\" height=\"461\" \/><\/div>\n<\/div>\n<p>Prezident bildirib: \u201cBiz C\u0259nubi Qafqaz regionunda tarixi transformasiyan\u0131n \u015fahidiyik, tarixi-geosiyasi d\u0259yi\u015fiklikl\u0259r ba\u015f verir\u201d.<\/p>\n<p>Regionda yeni t\u0259r\u0259fda\u015flar, \u0259m\u0259kda\u015fl\u0131qlar realla\u015f\u0131r. Az\u0259rbaycan\u0131n T\u00fcrkiy\u0259, Rusiya, \u00c7in v\u0259 Q\u0259rb \u00f6lk\u0259l\u0259ri il\u0259 ikit\u0259r\u0259fli \u0259m\u0259kda\u015fl\u0131\u011fa dair strateji v\u0259 m\u00fctt\u0259fiqlikl\u0259 ba\u011fl\u0131 m\u00fcqavil\u0259l\u0259ri bunu t\u0259sdiql\u0259yir. X\u0259z\u0259r d\u0259nizind\u0259n ke\u00e7\u0259c\u0259k Orta d\u0259hliz, \u015eimal-C\u0259nub n\u0259qliyyat d\u0259hlizi v\u0259 s. buna xidm\u0259t edir.<\/p>\n<p>\u018fvv\u0259lki ill\u0259rl\u0259 m\u00fcqayis\u0259d\u0259 birlikl\u0259r\u0259 yana\u015fman\u0131n mahiyy\u0259ti v\u0259 ona \u00fczvl\u00fcy\u0259 can atmaq c\u0259hdl\u0259ri f\u0259rqlidir. Bu bax\u0131mdan, d\u00f6vl\u0259t ba\u015f\u00e7\u0131s\u0131 vur\u011fulay\u0131b ki, \u0259n\u0259n\u0259vi ittifaqlar bir q\u0259d\u0259r z\u0259ifl\u0259yib v\u0259 yeni \u0259m\u0259kda\u015fl\u0131q formatlar\u0131 meydana g\u0259lib.<\/p>\n<p>Torpaqlar i\u015f\u011fal alt\u0131nda olanda Q\u0259rbd\u0259n Az\u0259rbaycan qar\u015f\u0131 yersiz t\u0259zyiql\u0259r edilirdi. \u0130\u015f\u011fal\u00e7\u0131 Erm\u0259nistana sanksiya t\u0259tbiq olunmurdu. \u018fksin\u0259, onlara yard\u0131mlar\u0131n da aras\u0131 k\u0259silmirdi. Bu proses indi d\u0259 davam edir. Az\u0259rbaycan\u0131n tarixi torpaqlar\u0131n\u0131 h\u0259l\u0259 d\u0259 i\u015f\u011fal alt\u0131nda saxlayan, 300 min Q\u0259rbi az\u0259rbaycanl\u0131n\u0131 zorla v\u0259t\u0259nda\u015fl\u0131qdan m\u0259hrum ed\u0259n, h\u0259r f\u00fcrs\u0259td\u0259 s\u0259rh\u0259dyan\u0131 \u0259razil\u0259rd\u0259 v\u0259ziyy\u0259ti g\u0259rginl\u0259\u015fdir\u0259n Erm\u0259nistan\u0131 Q\u0259rb yen\u0259 m\u00fckfatland\u0131r\u0131r, onlara maliyy\u0259, h\u0259rbi yard\u0131mlar edilir. Bu azm\u0131\u015f kimi, hesabatlarda Az\u0259rbaycanla ba\u011fl\u0131 m\u0259s\u0259l\u0259l\u0259rd\u0259 \u0259n\u0259n\u0259vi t\u0259hrif\u00e7ilik davam etdirilir.<\/p>\n<p>Prezident bu m\u0259s\u0259l\u0259y\u0259 toxunaraq deyib: \u201cNatamam, qeyri-d\u0259qiq v\u0259 manipulyasiya edilmi\u015f hesabatlar Q\u0259rbd\u0259n qaynaqlan\u0131r. O, g\u00fcnd\u0259lik h\u0259yat\u0131m\u0131za \u00e7evrilir. T\u0259\u0259cc\u00fcbl\u0259nirdik, m\u0259yus olurduq, indi is\u0259 bigan\u0259 yana\u015f\u0131r\u0131q\u201d.<\/p>\n<p>D\u00f6vl\u0259t ba\u015f\u00e7\u0131s\u0131 bununla da onlar\u0131n q\u0259r\u0259zli davran\u0131\u015f\u0131na Az\u0259rbaycan\u0131n ad\u0259t etdiyini v\u0259 \u0259h\u0259miyy\u0259t verm\u0259diyini bildirib. Torpaqlar\u0131 i\u015f\u011fal alt\u0131nda olanda r\u0259smi Bak\u0131n\u0131 \u201ci\u015f\u011fal\u00e7\u0131l\u0131qda\u201d ittiham ed\u0259nl\u0259rd\u0259n indi n\u0259 g\u00f6zl\u0259m\u0259k olar? \u018flb\u0259tt\u0259, bunlar reall\u0131\u011f\u0131 g\u00f6rm\u0259kd\u0259n m\u0259hrum olanlard\u0131r. Onlara bir d\u0259f\u0259 komanda verilib. Sonra \u201cgeri \u00e7\u0259kilin\u201d dem\u0259yibl\u0259r dey\u0259, h\u0259l\u0259 tutduqlar\u0131n\u0131 buraxm\u0131rlar.<\/p>\n<p>\u0130lham \u018fliyev zaman \u00f6td\u00fckc\u0259 onlar\u0131n m\u0259s\u0259l\u0259l\u0259r\u0259 m\u00fcnasib\u0259tinin d\u0259yi\u015fdiyini d\u0259 qeyd edib: \u201cQ\u0259rb siyasi dair\u0259l\u0259rind\u0259 reall\u0131q daha \u00e7ox \u00fcz\u0259 \u00e7\u0131x\u0131r v\u0259 Az\u0259rbaycana b\u0259rab\u0259r t\u0259r\u0259fda\u015f kimi yana\u015f\u0131l\u0131r\u201d.<\/p>\n<div class=\"news-image\">\n<div class=\"image\"><img src=\"https:\/\/static.report.az\/photo\/27c82062-0357-378a-b4e5-2ec779babd70.jpg\" alt=\"\" \/><img loading=\"lazy\" src=\"https:\/\/cdn.musavat.com\/news\/thumbnails\/1b2ea73a82336f79764d79b48fcf2daa.jpg\" alt=\"517178f1-59d1-3cbe-a6bc-8925b2f7.jpg (293 KB)\" width=\"700\" height=\"414\" \/><\/div>\n<\/div>\n<p>D\u00fcnya \u00e7ox ki\u00e7ikdir. \u00d6z\u00fcn\u0259 h\u00f6rm\u0259t ed\u0259n ist\u0259nil\u0259n K\u0130V, yaxud informasiya m\u0259nb\u0259yi obyektiv, q\u0259r\u0259zsiz, do\u011fru, balansl\u0131 informasiya yayma\u011fa borcludur. Onlar\u0131n \u0259ks istiqam\u0259td\u0259 f\u0259aliyy\u0259t g\u00f6st\u0259rm\u0259si pe\u015f\u0259 \u0259xlaq kodeksin\u0259 zidd olmaqla yana\u015f\u0131, m\u0259nb\u0259nin etibardan d\u00fc\u015fm\u0259si il\u0259 n\u0259tic\u0259l\u0259nir.<\/p>\n<p>Fikrimizc\u0259, Prezident \u0130lham \u018fliyev d\u0259 bu kimi faktorlar\u0131 n\u0259z\u0259r\u0259 alaraq vur\u011fulay\u0131b: \u201c\u0130st\u0259rdik ki, Az\u0259rbaycanda v\u0259 regionda ba\u015f ver\u0259n hadis\u0259l\u0259r obyektiv \u015f\u0259kild\u0259 i\u015f\u0131qland\u0131r\u0131ls\u0131n\u201d.<\/p>\n<p>Builki \u015eu\u015fa Forumu h\u0259m d\u0259 tarixidir. \u00c7\u00fcnki Az\u0259rbaycan\u0131n \u0259razi b\u00fct\u00f6vl\u00fcy\u00fc t\u0259min olunub.<\/p>\n<p>D\u00f6vl\u0259t ba\u015f\u00e7\u0131s\u0131 \u0259n\u0259n\u0259vi ittifaqlar bir q\u0259d\u0259r z\u0259ifl\u0259y\u0259r\u0259k, yeni \u0259m\u0259kda\u015fl\u0131q formatlar\u0131 meydana g\u0259ldiyind\u0259n s\u00f6z a\u00e7araq deyib: \u201c\u018flb\u0259tt\u0259, \u00f6t\u0259n ilin sentyabr\u0131nda \u0259razi b\u00fct\u00f6vl\u00fcy\u00fcm\u00fcz\u00fcn v\u0259 suverenliyimizin tam b\u0259rpas\u0131 \u0259n m\u00fch\u00fcm hadis\u0259dir. Bu, t\u0259kc\u0259 birinci v\u0259 ikinci Forum aras\u0131nda deyil, \u00fcmumiyy\u0259tl\u0259 m\u00fcasir tariximizd\u0259 m\u00fch\u00fcm hadis\u0259 oldu\u201d.<\/p>\n<p>Prezident \u015eu\u015fa Qlobal Media Forumunda K\u0130V n\u00fcmay\u0259nd\u0259l\u0259ri il\u0259 yana\u015f\u0131, region \u00f6lk\u0259l\u0259rin\u0259, beyn\u0259lxalq ictimaiyy\u0259t\u0259, habel\u0259 C\u0259nubi Qafqazda maraqlar\u0131n\u0131n t\u0259min olunmas\u0131n\u0131 ist\u0259y\u0259n, buna can atan d\u00f6vl\u0259tl\u0259r\u0259 \u201cyenil\u0259nm\u0259\u201d, &#8220;t\u0259hrifl\u0259rd\u0259n ar\u0131nma&#8221;, \u201creall\u0131\u011f\u0131n q\u0259bul olunmas\u0131\u201d kimi ismar\u0131\u015flar g\u00f6nd\u0259rib.<\/p>\n<p><strong>S\u0259dr\u0259ddin Soltan,<\/strong><br \/>\n<strong>Report.az<\/strong><\/p>\n","protected":false},"excerpt":{"rendered":"<p>Az\u0259rbaycan m\u00fcst\u0259qillik \u0259ld\u0259 etdikd\u0259n sonra ona qar\u015f\u0131 m\u00fcxt\u0259lif sferalarda, x\u00fcsus\u0259n d\u0259 beyn\u0259lxalq k\u00fctl\u0259vi informasiya vasit\u0259l\u0259rind\u0259 qarayaxma kampaniyalar\u0131 apar\u0131l\u0131b. \u00d6lk\u0259mizin \u0259razisinin bir hiss\u0259si i\u015f\u011fal alt\u0131nda olanda bu kampaniya daha intensiv davam etdirilib. H\u0259d\u0259f h\u0259min \u0259razil\u0259rin guya erm\u0259nil\u0259r\u0259 m\u0259xsus oldu\u011funu t\u0259bli\u011f etm\u0259k, beyn\u0259lxalq ictimaiyy\u0259ti buna inand\u0131rmaq, b\u00f6lg\u0259d\u0259 yerl\u0259\u015fdiril\u0259n bu etnik qrup t\u0259msil\u00e7il\u0259rinin r\u0259smi Bak\u0131 t\u0259r\u0259find\u0259n diskriminasiyaya m\u0259ruz qoyuldu\u011funu \u00e7atd\u0131rmaq idi. Bir s\u0131ra hallarda beyn\u0259lxalq vasit\u0259\u00e7ilik missiyas\u0131n\u0131 h\u0259yata ke\u00e7ir\u0259nl\u0259r v\u0259 onlar\u0131n m\u00fctt\u0259fiql\u0259ri bu yalanlara inanma\u011fa \u00e7al\u0131\u015f\u0131r, erm\u0259nil\u0259r v\u0259 onlar\u0131n havadarlar\u0131n\u0131n t\u0259bli\u011fat\u0131na uyurdular. El\u0259 AB\u015e-d\u0259 \u201c907-ci d\u00fcz\u0259li\u015f\u201d d\u0259 bu yalan v\u0259 uydurmalar\u0131n n\u0259tic\u0259sind\u0259 q\u0259bul&hellip;<\/p>\n","protected":false},"author":2,"featured_media":739300,"comment_status":"closed","ping_status":"closed","sticky":false,"template":"","format":"standard","meta":{"om_disable_all_campaigns":false,"_monsterinsights_skip_tracking":false,"_monsterinsights_sitenote_active":false,"_monsterinsights_sitenote_note":"","_monsterinsights_sitenote_category":0},"categories":[4],"tags":[],"aioseo_notices":[],"gutentor_comment":0,"rttpg_featured_image_url":{"full":["https:\/\/arantv.az\/wp-content\/uploads\/2024\/07\/f5f560dde3714f644cf0dfee7ddee2d0.jpg",850,500,false],"landscape":["https:\/\/arantv.az\/wp-content\/uploads\/2024\/07\/f5f560dde3714f644cf0dfee7ddee2d0.jpg",850,500,false],"portraits":["https:\/\/arantv.az\/wp-content\/uploads\/2024\/07\/f5f560dde3714f644cf0dfee7ddee2d0.jpg",850,500,false],"thumbnail":["https:\/\/arantv.az\/wp-content\/uploads\/2024\/07\/f5f560dde3714f644cf0dfee7ddee2d0-500x280.jpg",500,280,true],"medium":["https:\/\/arantv.az\/wp-content\/uploads\/2024\/07\/f5f560dde3714f644cf0dfee7ddee2d0-621x365.jpg",621,365,true],"large":["https:\/\/arantv.az\/wp-content\/uploads\/2024\/07\/f5f560dde3714f644cf0dfee7ddee2d0-840x494.jpg",640,376,true],"1536x1536":["https:\/\/arantv.az\/wp-content\/uploads\/2024\/07\/f5f560dde3714f644cf0dfee7ddee2d0.jpg",850,500,false],"2048x2048":["https:\/\/arantv.az\/wp-content\/uploads\/2024\/07\/f5f560dde3714f644cf0dfee7ddee2d0.jpg",850,500,false],"post-thumbnail":["https:\/\/arantv.az\/wp-content\/uploads\/2024\/07\/f5f560dde3714f644cf0dfee7ddee2d0-240x172.jpg",240,172,true],"advps-thumb-one":["https:\/\/arantv.az\/wp-content\/uploads\/2024\/07\/f5f560dde3714f644cf0dfee7ddee2d0.jpg",850,500,false]},"rttpg_author":{"display_name":"V\u00fcsal Rafiqo\u011flu","author_link":"https:\/\/arantv.az\/?author=2"},"rttpg_comment":0,"rttpg_category":"<a href=\"https:\/\/arantv.az\/?cat=4\" rel=\"category\">Siyas\u0259t<\/a>","rttpg_excerpt":"Az\u0259rbaycan m\u00fcst\u0259qillik \u0259ld\u0259 etdikd\u0259n sonra ona qar\u015f\u0131 m\u00fcxt\u0259lif sferalarda, x\u00fcsus\u0259n d\u0259 beyn\u0259lxalq k\u00fctl\u0259vi informasiya vasit\u0259l\u0259rind\u0259 qarayaxma kampaniyalar\u0131 apar\u0131l\u0131b. \u00d6lk\u0259mizin \u0259razisinin bir hiss\u0259si i\u015f\u011fal alt\u0131nda olanda bu kampaniya daha intensiv davam etdirilib. H\u0259d\u0259f h\u0259min \u0259razil\u0259rin guya erm\u0259nil\u0259r\u0259 m\u0259xsus oldu\u011funu t\u0259bli\u011f etm\u0259k, beyn\u0259lxalq ictimaiyy\u0259ti buna inand\u0131rmaq, b\u00f6lg\u0259d\u0259 yerl\u0259\u015fdiril\u0259n bu etnik qrup t\u0259msil\u00e7il\u0259rinin r\u0259smi Bak\u0131 t\u0259r\u0259find\u0259n diskriminasiyaya m\u0259ruz&hellip;","_links":{"self":[{"href":"https:\/\/arantv.az\/index.php?rest_route=\/wp\/v2\/posts\/739299"}],"collection":[{"href":"https:\/\/arantv.az\/index.php?rest_route=\/wp\/v2\/posts"}],"about":[{"href":"https:\/\/arantv.az\/index.php?rest_route=\/wp\/v2\/types\/post"}],"author":[{"embeddable":true,"href":"https:\/\/arantv.az\/index.php?rest_route=\/wp\/v2\/users\/2"}],"replies":[{"embeddable":true,"href":"https:\/\/arantv.az\/index.php?rest_route=%2Fwp%2Fv2%2Fcomments&post=739299"}],"version-history":[{"count":1,"href":"https:\/\/arantv.az\/index.php?rest_route=\/wp\/v2\/posts\/739299\/revisions"}],"predecessor-version":[{"id":739301,"href":"https:\/\/arantv.az\/index.php?rest_route=\/wp\/v2\/posts\/739299\/revisions\/739301"}],"wp:featuredmedia":[{"embeddable":true,"href":"https:\/\/arantv.az\/index.php?rest_route=\/wp\/v2\/media\/739300"}],"wp:attachment":[{"href":"https:\/\/arantv.az\/index.php?rest_route=%2Fwp%2Fv2%2Fmedia&parent=739299"}],"wp:term":[{"taxonomy":"category","embeddable":true,"href":"https:\/\/arantv.az\/index.php?rest_route=%2Fwp%2Fv2%2Fcategories&post=739299"},{"taxonomy":"post_tag","embeddable":true,"href":"https:\/\/arantv.az\/index.php?rest_route=%2Fwp%2Fv2%2Ftags&post=739299"}],"curies":[{"name":"wp","href":"https:\/\/api.w.org\/{rel}","templated":true}]}}