{"id":739311,"date":"2024-07-22T19:39:21","date_gmt":"2024-07-22T15:39:21","guid":{"rendered":"https:\/\/arantv.az\/?p=739311"},"modified":"2024-07-22T19:39:21","modified_gmt":"2024-07-22T15:39:21","slug":"ugurlu-enerji-siyas%c9%99timiz","status":"publish","type":"post","link":"https:\/\/arantv.az\/?p=739311","title":{"rendered":"U\u011furlu enerji siyas\u0259timiz"},"content":{"rendered":"<p>\u018fsas\u0131 \u00dcmummilli Liderimiz Heyd\u0259r \u018fliyev t\u0259r\u0259find\u0259n qoyulmu\u015f Az\u0259rbaycan Respublikas\u0131n\u0131n enerji siyas\u0259ti m\u00f6ht\u0259r\u0259m C\u0259nab \u0130lham \u018fliyev t\u0259r\u0259find\u0259n u\u011furla davam etdirilm\u0259kd\u0259dir. \u00d6lk\u0259mizin xarici siyas\u0259t kursunun \u015fax\u0259l\u0259ndirilm\u0259si biz\u0259 Avropan\u0131n, Asiyan\u0131n v\u0259 dig\u0259r qit\u0259l\u0259rin apar\u0131c\u0131 d\u00f6vl\u0259tl\u0259ri il\u0259 qar\u015f\u0131l\u0131ql\u0131 faydal\u0131 \u0259m\u0259kda\u015fl\u0131q m\u00fcnasib\u0259tl\u0259ri qurma\u011fa imkan yarad\u0131r. M\u00fcz\u0259ff\u0259r Ali Ba\u015f Komandan C\u0259nab \u0130lham \u018fliyev b\u00fct\u00fcn beyn\u0259lxalq toplant\u0131larda v\u0259 Forumlarda bu istiqam\u0259td\u0259 planl\u0131, m\u0259qs\u0259dy\u00f6nl\u00fc v\u0259 ard\u0131c\u0131l f\u0259aliyy\u0259t g\u00f6st\u0259rir. Az\u0259rbaycan Respublikas\u0131n\u0131n son ill\u0259rd\u0259 beyn\u0259lxalq n\u00fcfuzunun y\u00fcks\u0259lm\u0259sind\u0259 he\u00e7 \u015f\u00fcbh\u0259siz ki, d\u00f6vl\u0259t ba\u015f\u00e7\u0131m\u0131z\u0131n m\u00fcst\u0259sna \u0259m\u0259yi var. 2022-ci ilin fevral ay\u0131ndan sonra d\u00fcnyada ba\u015f ver\u0259n prosesl\u0259r beyn\u0259lxalq m\u00fcnasib\u0259tl\u0259r\u0259 yeni \u00e7alarlar g\u0259tirmi\u015fdir. Bu d\u00f6vrd\u0259n sonra x\u00fcsusil\u0259 t\u0259hl\u00fck\u0259sizlik m\u0259s\u0259l\u0259l\u0259ri aktualla\u015fm\u0131\u015fd\u0131r. Az\u0259rbaycan Respublikas\u0131n\u0131n Avropan\u0131n enerji t\u0259hl\u00fck\u0259sizliyind\u0259 m\u00fch\u00fcm rola malik bir \u00f6lk\u0259y\u0259 \u00e7evrilm\u0259si beyn\u0259lxalq al\u0259md\u0259 \u00f6lk\u0259mizin \u00e7\u0259kisini, siyasi n\u00fcfuzunu daha da y\u00fcks\u0259kl\u0259r\u0259 qald\u0131r\u0131r.<\/p>\n<p>18 iyul 2024-c\u00fc il tarixind\u0259 C\u0259nab \u0130lham \u018fliyevin Oksfordda \u201cAvropa Siyasi Birliyi\u201dnin 4-c\u00fc Zirv\u0259 toplant\u0131s\u0131 \u00e7\u0259r\u00e7iv\u0259sind\u0259 \u201cEnerji v\u0259 ba\u011flant\u0131\u201d m\u00f6vzusunda d\u0259yirmi masadak\u0131 \u00e7\u0131x\u0131\u015f\u0131nda yer alan m\u00fcdd\u0259alar Az\u0259rbaycan Respublikas\u0131n\u0131n t\u0259chizat\u00e7\u0131 \u00f6lk\u0259 kimi \u0259h\u0259miyy\u0259tini bir daha t\u0259sdiql\u0259mi\u015f oldu. D\u00f6vl\u0259t ba\u015f\u00e7\u0131m\u0131z \u00f6z \u00e7\u0131x\u0131\u015f\u0131nda bildirdi ki, beyn\u0259lxalq\u00a0 \u0259h\u0259miyy\u0259tli enerji layih\u0259l\u0259rinin reall\u0131\u011fa \u00e7evrilm\u0259si il\u0259 regional iqtisadi inki\u015faf\u0131n apar\u0131c\u0131 q\u00fcvv\u0259sin\u0259 v\u0259 Avratlantik m\u0259kan\u0131n enerji t\u0259hl\u00fck\u0259sizliyinin t\u0259minat\u00e7\u0131s\u0131na \u00e7evril\u0259n, iqtisadi art\u0131m\u0131n s\u00fcr\u0259tin\u0259 g\u00f6r\u0259 d\u00fcnya d\u00f6vl\u0259tl\u0259ri aras\u0131nda liderliyini qoruyan Az\u0259rbaycan\u0131n\u00a0 inki\u015faf\u00a0 strategiyas\u0131\u00a0 qabaqc\u0131l t\u0259cr\u00fcb\u0259 kimi n\u00fcmun\u0259\u00a0 g\u00f6st\u0259rilir.\u00a0 \u00d6lk\u0259mizin y\u00fcr\u00fctd\u00fcy\u00fc enerji siyas\u0259ti dostlu\u011fa v\u0259 \u0259m\u0259kda\u015fl\u0131\u011fa xidm\u0259t edir. Avropa \u0130ttifaq\u0131na daxil olan 27 d\u00f6vl\u0259tin maraqlar\u0131na uy\u011fun olan Az\u0259rbaycan Respublikas\u0131n\u0131n enerji siyas\u0259ti b\u00f6lg\u0259d\u0259 regional \u0259m\u0259kda\u015fl\u0131\u011f\u0131n geni\u015fl\u0259nm\u0259si \u00fc\u00e7\u00fcn\u00a0 etibarl\u0131 t\u0259minatd\u0131r.<\/p>\n<p>D\u00f6vl\u0259timiz t\u0259r\u0259find\u0259n regional \u00e7\u0259r\u00e7iv\u0259d\u0259 qurulan \u0259m\u0259kda\u015fl\u0131q ill\u0259r ke\u00e7dikc\u0259 beyn\u0259lxalq miqyas ald\u0131. \u00c7oxlar\u0131na \u0259fsan\u0259 kimi g\u00f6r\u00fcn\u0259n BTC v\u0259 BT\u018f neft-qaz k\u0259m\u0259rl\u0259rinin reall\u0131\u011fa \u00e7evrilm\u0259si il\u0259 Az\u0259rbaycan regional inki\u015faf\u0131n apar\u0131c\u0131 q\u00fcvv\u0259sin\u0259 \u00e7evrildi. \u00d6lk\u0259mizin i\u015ftirak\u00e7\u0131s\u0131 v\u0259 t\u0259\u015f\u0259bb\u00fcs\u00e7\u00fcs\u00fc oldu\u011fu enerji layih\u0259l\u0259rinin u\u011furlu icras\u0131 n\u0259tic\u0259sind\u0259 d\u00f6vl\u0259tl\u0259r, xalqlar aras\u0131nda k\u00f6rp\u00fc daha da m\u00f6hk\u0259ml\u0259ndi, yeni t\u0259r\u0259fda\u015flar qazand\u0131q. \u00dc\u00e7 ild\u0259n art\u0131qd\u0131r ki,\u00a0 Az\u0259rbaycan\u00a0 m\u00fch\u00fcm qaz t\u0259chizat\u00e7\u0131s\u0131na \u00e7evrilib. \u00c7oxt\u0259r\u0259fli \u0259m\u0259kda\u015fl\u0131\u011f\u0131n ba\u015flan\u011f\u0131c\u0131 kimi d\u0259y\u0259rl\u0259ndiril\u0259n C\u0259nub Qaz D\u0259hlizi layih\u0259sinin 2018-ci ild\u0259 r\u0259smi a\u00e7\u0131l\u0131\u015f\u0131 oldu. H\u0259min ilin iyun ay\u0131nda bu layih\u0259nin \u0259sas t\u0259rkib hiss\u0259l\u0259rind\u0259n olan TANAP istifad\u0259y\u0259 verildi. 2020-ci ilin 31 dekabr tarixind\u0259 is\u0259 TAP istismara verildi.<\/p>\n<p>M\u00fcasir d\u00fcnyan\u0131n reall\u0131qlar\u0131n\u0131 n\u0259z\u0259rd\u0259n ke\u00e7ir\u0259rk\u0259n ayd\u0131n g\u00f6r\u00fcn\u00fcr ki, enerji t\u0259hl\u00fck\u0259sizliyi hal-haz\u0131rda \u0259n aktual m\u0259s\u0259l\u0259l\u0259rd\u0259n biridir. Az\u0259rbaycan\u00a0 \u00f6z n\u00f6vb\u0259sind\u0259 Avropa \u00fc\u00e7\u00fcn etibarl\u0131 v\u0259 g\u0259l\u0259c\u0259k perspektivl\u0259r v\u0259d ed\u0259n bir t\u0259r\u0259fda\u015fd\u0131r. C\u0259nab \u0130lham \u018fliyevin uzaqg\u00f6r\u0259n siyas\u0259ti say\u0259sind\u0259 Az\u0259rbaycan Respublikas\u0131 Avropa \u00f6lk\u0259l\u0259ri il\u0259 enerji t\u0259minat\u0131 sah\u0259sind\u0259 \u0259m\u0259kda\u015fl\u0131q bax\u0131m\u0131ndan b\u00fct\u00fcn laz\u0131mi add\u0131mlar\u0131 at\u0131r v\u0259 bundan sonra da atacaq. U\u011furlu enerji siyas\u0259timiz qar\u015f\u0131dak\u0131 ill\u0259rd\u0259 Az\u0259rbaycan\u0131n milli t\u0259hl\u00fck\u0259sizlik maraqlar\u0131na m\u00fch\u00fcm t\u00f6hf\u0259l\u0259r ver\u0259c\u0259k.<\/p>\n<p><img src=\"https:\/\/ikisahil.az\/upload\/\/2024\/07\/22\/\/-b3ba8f1b172165780191812474910983927.jpg\" alt=\"\" \/><\/p>\n<p>Vasif S\u0259fiyarov,<\/p>\n<p>YAP Sumqay\u0131t \u015f\u0259h\u0259r t\u0259\u015fkilat\u0131n\u0131n m\u0259sl\u0259h\u0259t\u00e7is<\/p>\n","protected":false},"excerpt":{"rendered":"<p>\u018fsas\u0131 \u00dcmummilli Liderimiz Heyd\u0259r \u018fliyev t\u0259r\u0259find\u0259n qoyulmu\u015f Az\u0259rbaycan Respublikas\u0131n\u0131n enerji siyas\u0259ti m\u00f6ht\u0259r\u0259m C\u0259nab \u0130lham \u018fliyev t\u0259r\u0259find\u0259n u\u011furla davam etdirilm\u0259kd\u0259dir. \u00d6lk\u0259mizin xarici siyas\u0259t kursunun \u015fax\u0259l\u0259ndirilm\u0259si biz\u0259 Avropan\u0131n, Asiyan\u0131n v\u0259 dig\u0259r qit\u0259l\u0259rin apar\u0131c\u0131 d\u00f6vl\u0259tl\u0259ri il\u0259 qar\u015f\u0131l\u0131ql\u0131 faydal\u0131 \u0259m\u0259kda\u015fl\u0131q m\u00fcnasib\u0259tl\u0259ri qurma\u011fa imkan yarad\u0131r. M\u00fcz\u0259ff\u0259r Ali Ba\u015f Komandan C\u0259nab \u0130lham \u018fliyev b\u00fct\u00fcn beyn\u0259lxalq toplant\u0131larda v\u0259 Forumlarda bu istiqam\u0259td\u0259 planl\u0131, m\u0259qs\u0259dy\u00f6nl\u00fc v\u0259 ard\u0131c\u0131l f\u0259aliyy\u0259t g\u00f6st\u0259rir. Az\u0259rbaycan Respublikas\u0131n\u0131n son ill\u0259rd\u0259 beyn\u0259lxalq n\u00fcfuzunun y\u00fcks\u0259lm\u0259sind\u0259 he\u00e7 \u015f\u00fcbh\u0259siz ki, d\u00f6vl\u0259t ba\u015f\u00e7\u0131m\u0131z\u0131n m\u00fcst\u0259sna \u0259m\u0259yi var. 2022-ci ilin fevral ay\u0131ndan sonra d\u00fcnyada ba\u015f ver\u0259n prosesl\u0259r beyn\u0259lxalq m\u00fcnasib\u0259tl\u0259r\u0259 yeni \u00e7alarlar g\u0259tirmi\u015fdir. Bu&hellip;<\/p>\n","protected":false},"author":2,"featured_media":739312,"comment_status":"closed","ping_status":"closed","sticky":false,"template":"","format":"standard","meta":{"om_disable_all_campaigns":false,"_monsterinsights_skip_tracking":false,"_monsterinsights_sitenote_active":false,"_monsterinsights_sitenote_note":"","_monsterinsights_sitenote_category":0},"categories":[19],"tags":[],"aioseo_notices":[],"gutentor_comment":0,"rttpg_featured_image_url":{"full":["https:\/\/arantv.az\/wp-content\/uploads\/2024\/07\/7c93ebe8172165792669266657510533496.jpg",975,540,false],"landscape":["https:\/\/arantv.az\/wp-content\/uploads\/2024\/07\/7c93ebe8172165792669266657510533496.jpg",975,540,false],"portraits":["https:\/\/arantv.az\/wp-content\/uploads\/2024\/07\/7c93ebe8172165792669266657510533496.jpg",975,540,false],"thumbnail":["https:\/\/arantv.az\/wp-content\/uploads\/2024\/07\/7c93ebe8172165792669266657510533496-500x280.jpg",500,280,true],"medium":["https:\/\/arantv.az\/wp-content\/uploads\/2024\/07\/7c93ebe8172165792669266657510533496-660x365.jpg",660,365,true],"large":["https:\/\/arantv.az\/wp-content\/uploads\/2024\/07\/7c93ebe8172165792669266657510533496-840x465.jpg",640,354,true],"1536x1536":["https:\/\/arantv.az\/wp-content\/uploads\/2024\/07\/7c93ebe8172165792669266657510533496.jpg",975,540,false],"2048x2048":["https:\/\/arantv.az\/wp-content\/uploads\/2024\/07\/7c93ebe8172165792669266657510533496.jpg",975,540,false],"post-thumbnail":["https:\/\/arantv.az\/wp-content\/uploads\/2024\/07\/7c93ebe8172165792669266657510533496-240x172.jpg",240,172,true],"advps-thumb-one":["https:\/\/arantv.az\/wp-content\/uploads\/2024\/07\/7c93ebe8172165792669266657510533496.jpg",975,540,false]},"rttpg_author":{"display_name":"V\u00fcsal Rafiqo\u011flu","author_link":"https:\/\/arantv.az\/?author=2"},"rttpg_comment":0,"rttpg_category":"<a href=\"https:\/\/arantv.az\/?cat=19\" rel=\"category\">G\u00fcnd\u0259m<\/a>","rttpg_excerpt":"\u018fsas\u0131 \u00dcmummilli Liderimiz Heyd\u0259r \u018fliyev t\u0259r\u0259find\u0259n qoyulmu\u015f Az\u0259rbaycan Respublikas\u0131n\u0131n enerji siyas\u0259ti m\u00f6ht\u0259r\u0259m C\u0259nab \u0130lham \u018fliyev t\u0259r\u0259find\u0259n u\u011furla davam etdirilm\u0259kd\u0259dir. \u00d6lk\u0259mizin xarici siyas\u0259t kursunun \u015fax\u0259l\u0259ndirilm\u0259si biz\u0259 Avropan\u0131n, Asiyan\u0131n v\u0259 dig\u0259r qit\u0259l\u0259rin apar\u0131c\u0131 d\u00f6vl\u0259tl\u0259ri il\u0259 qar\u015f\u0131l\u0131ql\u0131 faydal\u0131 \u0259m\u0259kda\u015fl\u0131q m\u00fcnasib\u0259tl\u0259ri qurma\u011fa imkan yarad\u0131r. M\u00fcz\u0259ff\u0259r Ali Ba\u015f Komandan C\u0259nab \u0130lham \u018fliyev b\u00fct\u00fcn beyn\u0259lxalq toplant\u0131larda v\u0259 Forumlarda bu istiqam\u0259td\u0259 planl\u0131,&hellip;","_links":{"self":[{"href":"https:\/\/arantv.az\/index.php?rest_route=\/wp\/v2\/posts\/739311"}],"collection":[{"href":"https:\/\/arantv.az\/index.php?rest_route=\/wp\/v2\/posts"}],"about":[{"href":"https:\/\/arantv.az\/index.php?rest_route=\/wp\/v2\/types\/post"}],"author":[{"embeddable":true,"href":"https:\/\/arantv.az\/index.php?rest_route=\/wp\/v2\/users\/2"}],"replies":[{"embeddable":true,"href":"https:\/\/arantv.az\/index.php?rest_route=%2Fwp%2Fv2%2Fcomments&post=739311"}],"version-history":[{"count":1,"href":"https:\/\/arantv.az\/index.php?rest_route=\/wp\/v2\/posts\/739311\/revisions"}],"predecessor-version":[{"id":739313,"href":"https:\/\/arantv.az\/index.php?rest_route=\/wp\/v2\/posts\/739311\/revisions\/739313"}],"wp:featuredmedia":[{"embeddable":true,"href":"https:\/\/arantv.az\/index.php?rest_route=\/wp\/v2\/media\/739312"}],"wp:attachment":[{"href":"https:\/\/arantv.az\/index.php?rest_route=%2Fwp%2Fv2%2Fmedia&parent=739311"}],"wp:term":[{"taxonomy":"category","embeddable":true,"href":"https:\/\/arantv.az\/index.php?rest_route=%2Fwp%2Fv2%2Fcategories&post=739311"},{"taxonomy":"post_tag","embeddable":true,"href":"https:\/\/arantv.az\/index.php?rest_route=%2Fwp%2Fv2%2Ftags&post=739311"}],"curies":[{"name":"wp","href":"https:\/\/api.w.org\/{rel}","templated":true}]}}