{"id":739317,"date":"2024-07-22T19:43:14","date_gmt":"2024-07-22T15:43:14","guid":{"rendered":"https:\/\/arantv.az\/?p=739317"},"modified":"2024-07-22T19:43:14","modified_gmt":"2024-07-22T15:43:14","slug":"pomidorun-qiym%c9%99ti-n%c9%99-vaxt-dus%c9%99c%c9%99k","status":"publish","type":"post","link":"https:\/\/arantv.az\/?p=739317","title":{"rendered":"Pomidorun qiym\u0259ti n\u0259 vaxt d\u00fc\u015f\u0259c\u0259k?"},"content":{"rendered":"<p>&#8220;Qar\u015f\u0131dak\u0131 g\u00fcnl\u0259rd\u0259 pomidorun qiym\u0259tinin azalaca\u011f\u0131na inanm\u0131ram&#8221;.<\/p>\n<p>Bunu &#8220;Qaynarinfo&#8221;ya a\u00e7\u0131qlamas\u0131nda iqtisad\u00e7\u0131-ekspert \u018fli \u018flirzayev deyib.<\/p>\n<p><img loading=\"lazy\" class=\"inner-photo\" src=\"https:\/\/images.oxu.az\/2024\/07\/22\/minYv4zxrpf76wi702An8VMn2pu0RbER2hV0GXMT:640.jpg\" alt=\"\" width=\"640\" height=\"428\" \/><\/p>\n<p>O bildirib ki, qiym\u0259tin enm\u0259si inzibati yolla idar\u0259 olunmur:<\/p>\n<p>&#8220;Qiym\u0259ti bazar idar\u0259 edir. M\u0259hsul bol olanda onun al\u0131c\u0131l\u0131q qabiliyy\u0259ti d\u0259 y\u00fcks\u0259k olur. Bel\u0259 olarsa, qiym\u0259tin azalmas\u0131 realla\u015far. T\u0259l\u0259bl\u0259 t\u0259klif aras\u0131nda tarazl\u0131q m\u00fcnasib\u0259ti yoxdursa, onda qiym\u0259tin qalxma, yaxud da enm\u0259 hallar\u0131 ba\u015f ver\u0259c\u0259k&#8221;.<\/p>\n<p>\u018fli \u018flirzayev hesab edir ki, d\u00f6vl\u0259t ist\u0259s\u0259, pomidorun qiym\u0259tini stabil saxlaya bil\u0259r:<\/p>\n<p>&#8220;D\u00f6vl\u0259t m\u00fc\u0259yy\u0259n sah\u0259l\u0259r\u0259 subsidiya ver\u0259 bil\u0259r, onun x\u0259rcinin bir hiss\u0259sini d\u00f6vl\u0259t \u00f6d\u0259s\u0259, o zaman qiym\u0259tl\u0259rd\u0259 enm\u0259 olar. Bu g\u00fcn t\u0259k pomidor deyil, b\u00fct\u00fcn m\u0259hsullar\u0131n qiym\u0259ti art\u0131r. Buna s\u0259b\u0259b h\u0259m d\u00fcnyada m\u0259hsulun idxal\u0131n\u0131n d\u0259y\u0259rinin artmas\u0131, h\u0259m d\u0259 Az\u0259rbaycanda b\u0259zi m\u0259hsullar\u0131n istehsal\u0131n\u0131n az olmas\u0131d\u0131r. Benzinin qiym\u0259ti qalx\u0131rsa bu bir ba\u015fa m\u0259hsullar\u0131n sat\u0131\u015f\u0131na t\u0259sir edir. Benzinin qiym\u0259ti art\u0131b, ona g\u00f6r\u0259 d\u0259 b\u00fct\u00fcn m\u0259hsullar\u0131n qiym\u0259ti qa\u00e7\u0131lmazd\u0131r&#8221;.<\/p>\n<p>\u018fli \u018flirzayev qiym\u0259tl\u0259rin getdikc\u0259 artaca\u011f\u0131n\u0131 \u0259lav\u0259 edib:<\/p>\n<p>&#8220;Amma bunun bir t\u0259nziml\u0259m\u0259 siyas\u0259ti d\u0259 var. Bel\u0259 olanda \u0259halinin g\u0259lirl\u0259ri, pensiyalar artmal\u0131d\u0131r&#8221;.<\/p>\n","protected":false},"excerpt":{"rendered":"<p>&#8220;Qar\u015f\u0131dak\u0131 g\u00fcnl\u0259rd\u0259 pomidorun qiym\u0259tinin azalaca\u011f\u0131na inanm\u0131ram&#8221;. Bunu &#8220;Qaynarinfo&#8221;ya a\u00e7\u0131qlamas\u0131nda iqtisad\u00e7\u0131-ekspert \u018fli \u018flirzayev deyib. O bildirib ki, qiym\u0259tin enm\u0259si inzibati yolla idar\u0259 olunmur: &#8220;Qiym\u0259ti bazar idar\u0259 edir. M\u0259hsul bol olanda onun al\u0131c\u0131l\u0131q qabiliyy\u0259ti d\u0259 y\u00fcks\u0259k olur. Bel\u0259 olarsa, qiym\u0259tin azalmas\u0131 realla\u015far. T\u0259l\u0259bl\u0259 t\u0259klif aras\u0131nda tarazl\u0131q m\u00fcnasib\u0259ti yoxdursa, onda qiym\u0259tin qalxma, yaxud da enm\u0259 hallar\u0131 ba\u015f ver\u0259c\u0259k&#8221;. \u018fli \u018flirzayev hesab edir ki, d\u00f6vl\u0259t ist\u0259s\u0259, pomidorun qiym\u0259tini stabil saxlaya bil\u0259r: &#8220;D\u00f6vl\u0259t m\u00fc\u0259yy\u0259n sah\u0259l\u0259r\u0259 subsidiya ver\u0259 bil\u0259r, onun x\u0259rcinin bir hiss\u0259sini d\u00f6vl\u0259t \u00f6d\u0259s\u0259, o zaman qiym\u0259tl\u0259rd\u0259 enm\u0259 olar. Bu g\u00fcn t\u0259k pomidor deyil, b\u00fct\u00fcn&hellip;<\/p>\n","protected":false},"author":2,"featured_media":739318,"comment_status":"closed","ping_status":"closed","sticky":false,"template":"","format":"standard","meta":{"om_disable_all_campaigns":false,"_monsterinsights_skip_tracking":false,"_monsterinsights_sitenote_active":false,"_monsterinsights_sitenote_note":"","_monsterinsights_sitenote_category":0},"categories":[1],"tags":[],"aioseo_notices":[],"gutentor_comment":0,"rttpg_featured_image_url":{"full":["https:\/\/arantv.az\/wp-content\/uploads\/2024\/07\/1721661116_4626492.png",690,462,false],"landscape":["https:\/\/arantv.az\/wp-content\/uploads\/2024\/07\/1721661116_4626492.png",690,462,false],"portraits":["https:\/\/arantv.az\/wp-content\/uploads\/2024\/07\/1721661116_4626492.png",690,462,false],"thumbnail":["https:\/\/arantv.az\/wp-content\/uploads\/2024\/07\/1721661116_4626492-500x280.png",500,280,true],"medium":["https:\/\/arantv.az\/wp-content\/uploads\/2024\/07\/1721661116_4626492-545x365.png",545,365,true],"large":["https:\/\/arantv.az\/wp-content\/uploads\/2024\/07\/1721661116_4626492.png",640,429,false],"1536x1536":["https:\/\/arantv.az\/wp-content\/uploads\/2024\/07\/1721661116_4626492.png",690,462,false],"2048x2048":["https:\/\/arantv.az\/wp-content\/uploads\/2024\/07\/1721661116_4626492.png",690,462,false],"post-thumbnail":["https:\/\/arantv.az\/wp-content\/uploads\/2024\/07\/1721661116_4626492-240x172.png",240,172,true],"advps-thumb-one":["https:\/\/arantv.az\/wp-content\/uploads\/2024\/07\/1721661116_4626492.png",690,462,false]},"rttpg_author":{"display_name":"V\u00fcsal Rafiqo\u011flu","author_link":"https:\/\/arantv.az\/?author=2"},"rttpg_comment":0,"rttpg_category":"<a href=\"https:\/\/arantv.az\/?cat=1\" rel=\"category\">C\u0259miyy\u0259t<\/a>","rttpg_excerpt":"&#8220;Qar\u015f\u0131dak\u0131 g\u00fcnl\u0259rd\u0259 pomidorun qiym\u0259tinin azalaca\u011f\u0131na inanm\u0131ram&#8221;. Bunu &#8220;Qaynarinfo&#8221;ya a\u00e7\u0131qlamas\u0131nda iqtisad\u00e7\u0131-ekspert \u018fli \u018flirzayev deyib. O bildirib ki, qiym\u0259tin enm\u0259si inzibati yolla idar\u0259 olunmur: &#8220;Qiym\u0259ti bazar idar\u0259 edir. M\u0259hsul bol olanda onun al\u0131c\u0131l\u0131q qabiliyy\u0259ti d\u0259 y\u00fcks\u0259k olur. Bel\u0259 olarsa, qiym\u0259tin azalmas\u0131 realla\u015far. T\u0259l\u0259bl\u0259 t\u0259klif aras\u0131nda tarazl\u0131q m\u00fcnasib\u0259ti yoxdursa, onda qiym\u0259tin qalxma, yaxud da enm\u0259 hallar\u0131 ba\u015f ver\u0259c\u0259k&#8221;.&hellip;","_links":{"self":[{"href":"https:\/\/arantv.az\/index.php?rest_route=\/wp\/v2\/posts\/739317"}],"collection":[{"href":"https:\/\/arantv.az\/index.php?rest_route=\/wp\/v2\/posts"}],"about":[{"href":"https:\/\/arantv.az\/index.php?rest_route=\/wp\/v2\/types\/post"}],"author":[{"embeddable":true,"href":"https:\/\/arantv.az\/index.php?rest_route=\/wp\/v2\/users\/2"}],"replies":[{"embeddable":true,"href":"https:\/\/arantv.az\/index.php?rest_route=%2Fwp%2Fv2%2Fcomments&post=739317"}],"version-history":[{"count":1,"href":"https:\/\/arantv.az\/index.php?rest_route=\/wp\/v2\/posts\/739317\/revisions"}],"predecessor-version":[{"id":739319,"href":"https:\/\/arantv.az\/index.php?rest_route=\/wp\/v2\/posts\/739317\/revisions\/739319"}],"wp:featuredmedia":[{"embeddable":true,"href":"https:\/\/arantv.az\/index.php?rest_route=\/wp\/v2\/media\/739318"}],"wp:attachment":[{"href":"https:\/\/arantv.az\/index.php?rest_route=%2Fwp%2Fv2%2Fmedia&parent=739317"}],"wp:term":[{"taxonomy":"category","embeddable":true,"href":"https:\/\/arantv.az\/index.php?rest_route=%2Fwp%2Fv2%2Fcategories&post=739317"},{"taxonomy":"post_tag","embeddable":true,"href":"https:\/\/arantv.az\/index.php?rest_route=%2Fwp%2Fv2%2Ftags&post=739317"}],"curies":[{"name":"wp","href":"https:\/\/api.w.org\/{rel}","templated":true}]}}