{"id":739332,"date":"2024-07-22T23:12:35","date_gmt":"2024-07-22T19:12:35","guid":{"rendered":"https:\/\/arantv.az\/?p=739332"},"modified":"2024-07-22T23:12:35","modified_gmt":"2024-07-22T19:12:35","slug":"h%c9%99min-gun-mutl%c9%99q-g%c9%99l%c9%99c%c9%99k-s%c9%99rh","status":"publish","type":"post","link":"https:\/\/arantv.az\/?p=739332","title":{"rendered":"H\u0259min g\u00fcn m\u00fctl\u0259q g\u0259l\u0259c\u0259k &#8211; \u015e\u018fRH"},"content":{"rendered":"<p><em><strong>D\u00f6vl\u0259t ba\u015f\u00e7\u0131s\u0131 \u0130lham \u018fliyev \u201cYalan m\u0259lumatlar\u0131n if\u015fas\u0131: Dezinformasiyaya qar\u015f\u0131 m\u00fcbariz\u0259\u201d m\u00f6vzusunda 2-ci \u015eu\u015fa Qlobal Media Forumunda bir daha bildirdi\u00a0 ki, Erm\u0259nistan r\u0259hb\u0259rliyinin siyasi irad\u0259sin\u0259, b\u0259yan etdiyi demokratiya v\u0259 qanunun aliliyi prinsipl\u0259rin\u0259 sadiqliyin\u0259 \u00fcmid b\u0259sl\u0259yirik<\/strong><\/em><\/p>\n<p>50-y\u0259 yax\u0131n \u00f6lk\u0259d\u0259n 150-d\u0259n \u00e7ox xarici qona\u011f\u0131n, o c\u00fcml\u0259d\u0259n 30-a yax\u0131n \u00f6lk\u0259nin informasiya agentliyi, 3 beyn\u0259lxalq t\u0259\u015fkilat v\u0259 82 media qurumunun qat\u0131ld\u0131\u011f\u0131 2-ci \u015eu\u015fa Qlobal Media Forumu m\u00fch\u00fcm m\u0259qamlarla, d\u00f6vl\u0259t ba\u015f\u00e7\u0131s\u0131 \u0130lham \u018fliyevin s\u0259sl\u0259ndirdiyi \u00e7a\u011f\u0131r\u0131\u015flarla diqq\u0259td\u0259 oldu. Art\u0131q \u0259n\u0259n\u0259y\u0259 \u00e7evril\u0259n bu Forum h\u0259qiq\u0259tl\u0259rimizin beyn\u0259lxalq ictimaiyy\u0259t\u0259 \u00e7atd\u0131r\u0131lmas\u0131nda n\u00f6vb\u0259ti platforma oldu. C\u0259nab \u0130lham \u018fliyev 30 illik i\u015f\u011fal d\u00f6vr\u00fcn\u00fcn reall\u0131qlar\u0131ndan, tarixi h\u0259qiq\u0259tl\u0259rd\u0259n, az\u0259rbaycanl\u0131lar\u0131n\u00a0 zaman-zaman erm\u0259nil\u0259rin soyq\u0131r\u0131m\u0131 v\u0259 deportasiya siyas\u0259tin\u0259 m\u0259ruz qalmas\u0131ndan, erm\u0259nil\u0259rin tarixi saxtala\u015fd\u0131rmaq c\u0259hdl\u0259rind\u0259n, bir s\u00f6zl\u0259, h\u0259qiq\u0259tl\u0259rin inkar edil\u0259r\u0259k dezinformasiyalar\u0131n daha geni\u015f miqyas almas\u0131ndan b\u0259hs ed\u0259r\u0259k\u00a0 bu reall\u0131\u011f\u0131 t\u0259sdiql\u0259di ki, tariz real faktlara, h\u0259qiq\u0259tl\u0259r\u0259 s\u00f6yk\u0259nir. D\u00f6vl\u0259timizin ba\u015f\u00e7\u0131s\u0131 dezinformasiyalar\u0131n yay\u0131lmas\u0131 fonunda Az\u0259rbaycan\u0131n i\u015f\u011fala m\u0259ruz qalan t\u0259r\u0259f olsa da i\u015f\u011fal\u00e7\u0131 kimi t\u0259qdim edilm\u0259sind\u0259n t\u0259\u0259ss\u00fcfl\u0259ndiyni bildirdi.<\/p>\n<p>Bu yalanlar \u00f6lk\u0259miz\u0259 qar\u015f\u0131 sanksiyalar\u0131n t\u0259tbiq olunmas\u0131na yol a\u00e7d\u0131. 1992-ci ild\u0259 AB\u015e Konqresinin \u201cAzadl\u0131\u011f\u0131 M\u00fcdafi\u0259 Akt\u0131na\u201d \u0259dal\u0259tsiz 907-ci d\u00fcz\u0259li\u015fi \u0259lav\u0259 etm\u0259si bunun bariz n\u00fcmun\u0259sidir. H\u0259min \u0259dal\u0259tsiz q\u0259rar i\u015f\u011fal\u00e7\u0131 \u00f6lk\u0259l\u0259r\u0259 qar\u015f\u0131 t\u0259tbiq edilir. Erm\u0259nil\u0259r v\u0259 erm\u0259ni diasporunun bel\u0259 bir q\u0259rar\u0131n \u00f6lk\u0259miz\u0259 t\u0259tbiq olunmas\u0131nda mara\u011f\u0131 Az\u0259rbaycan\u0131 iqtisadi c\u0259h\u0259td\u0259n z\u0259ifl\u0259tm\u0259k, bu v\u0259 ya dig\u0259r \u00f6lk\u0259d\u0259n as\u0131l\u0131 v\u0259ziyy\u0259t\u0259 salmaq idi. Az\u0259rbaycan 10 il bu \u0259dal\u0259tsiz q\u0259rar\u0131n t\u0259tbiqi \u015f\u0259raitind\u0259 ya\u015fad\u0131. Bu ill\u0259r \u0259rzind\u0259 n\u0259inki iqtisadi c\u0259h\u0259td\u0259n z\u0259ifl\u0259di, \u0259ksin\u0259 daha da inki\u015faf \u00a0ed\u0259r\u0259k dayan\u0131ql\u0131 inki\u015faf\u0131 il\u0259 d\u00fcnyan\u0131n diqq\u0259tind\u0259 oldu. 2001-ci il 11 sentyabrda AB\u015e-da\u00a0 ba\u015f ver\u0259n terror akt\u0131, eyni zamanda,\u00a0 Az\u0259rbaycan diplomatiyas\u0131n\u0131n u\u011furlar\u0131 n\u0259tic\u0259sind\u0259 AB\u015e h\u00f6kum\u0259ti q\u0259rar\u0131n \u0259dal\u0259tsizliyini t\u0259sdiql\u0259y\u0259r\u0259k f\u0259aliyy\u0259tinin bir illik dondurulmas\u0131 bar\u0259d\u0259 q\u0259rar q\u0259bul etdi. Bu g\u00fcn\u0259d\u0259k h\u0259min q\u0259rar\u0131n bird\u0259f\u0259lik l\u0259\u011fvinin \u00e7\u0259tin\u0259 d\u00fc\u015fm\u0259si \u00e7oxsayl\u0131 suallar\u0131n yaranmas\u0131na s\u0259b\u0259b olmaya bilm\u0259z.<\/p>\n<p>D\u00f6vl\u0259t ba\u015f\u00e7\u0131s\u0131 \u0130lham \u018fliyev s\u00f6z\u00fcged\u0259n Forumda dezinformasiyalar\u0131n n\u0259tic\u0259si olaraq \u00f6lk\u0259mizin m\u0259ruz qald\u0131\u011f\u0131\u00a0 sanksiyalara y\u00f6n\u0259ld\u0259r\u0259k bildirdi ki, bu, absurd bir v\u0259ziyy\u0259tdir ki, humanitar b\u00f6hrana m\u0259ruz qalan, bir milyon qa\u00e7q\u0131n\u0131 olan, i\u015f\u011fal edilmi\u015f \u0259razil\u0259ri tamamil\u0259 da\u011f\u0131d\u0131lan bir \u00f6lk\u0259 sanksiyalara m\u0259ruz qalm\u0131\u015fd\u0131r: \u201cO zaman bizim beyn\u0259lxalq media \u015f\u0259b\u0259k\u0259l\u0259rin\u0259 o q\u0259d\u0259r d\u0259 \u00e7\u0131x\u0131\u015f imkan\u0131m\u0131z yox idi. Biz m\u00fcst\u0259qilliyini yeni b\u0259rpa etmi\u015f \u00f6lk\u0259 idik v\u0259 biz ciddi s\u0259yl\u0259r g\u00f6st\u0259rm\u0259li idik. Biz\u0259 el\u0259 g\u0259lirdi ki, mesaj\u0131m\u0131z\u0131 \u00e7atd\u0131ra bilmirik. Biz \u00f6z\u00fcm\u00fcz\u00fc g\u00fcnahland\u0131r\u0131rd\u0131q, resurslar\u0131m\u0131z\u0131 s\u0259f\u0259rb\u0259r edirdik, beyn\u0259lxalq ictimaiyy\u0259ti maarifl\u0259ndirirdik. Daha sonra biz d\u0259rk etdik ki, bir \u00e7ox insanlar, m\u00fcxt\u0259lif f\u0259rdl\u0259r bizim mesajlar\u0131 e\u015fitm\u0259k ist\u0259mir, onlar v\u0259ziyy\u0259ti tamamil\u0259 f\u0259rqli \u015f\u0259kild\u0259 t\u0259qdim etm\u0259k ist\u0259yir. Ona g\u00f6r\u0259 d\u0259 bu m\u0259s\u0259l\u0259y\u0259 yana\u015fman\u0131n \u0259n yax\u015f\u0131 yolu budur: 30 il m\u00fcst\u0259qil olan \u00f6lk\u0259 n\u0259 ed\u0259 bil\u0259r? Sizin kimi \u015f\u0259xsl\u0259ri Bak\u0131ya v\u0259 b\u00f6lg\u0259l\u0259rimiz\u0259 d\u0259v\u0259t etm\u0259k v\u0259 bizim n\u0259 i\u015fl\u0259r g\u00f6rd\u00fcy\u00fcm\u00fcz\u00fc, planlar\u0131m\u0131z\u0131 t\u0259qdim etm\u0259k, g\u00f6zl\u0259ntil\u0259rimizi siz\u0259 \u00e7atd\u0131rmaqd\u0131r ki, biz d\u00f6vl\u0259t quruculu\u011funda n\u0259l\u0259r\u0259 nail olmu\u015fuq. M\u0259hz bu, \u0259n s\u0259m\u0259r\u0259li \u00fcsuldur.\u201d<\/p>\n<p>44 g\u00fcn davam ed\u0259n v\u0259 Az\u0259rbaycan\u0131n q\u0259l\u0259b\u0259si il\u0259 ba\u015fa \u00e7atan \u0130kinci Qaraba\u011f m\u00fcharib\u0259si bir \u00e7ox m\u0259qamlara i\u015f\u0131q sald\u0131. Bir daha\u00a0 t\u0259sdiql\u0259ndi ki, d\u00fcnya ikili standartlardan yaxa qurtara bilmir, \u0259dal\u0259t meyar\u0131 zamana v\u0259 m\u0259kana g\u00f6r\u0259 t\u0259tbiq edil\u0259r\u0259k maraqlar\u0131n arxas\u0131nda \u0259riyir, \u00f6lk\u0259l\u0259r aras\u0131nda\u00a0 m\u00fcnasib\u0259tl\u0259rd\u0259 \u00ab\u0259b\u0259di dost yox, \u0259b\u0259di maraqlar\u00bb prinsipi \u0259sas g\u00f6t\u00fcr\u00fcl\u00fcr, \u0259n \u0259sas\u0131 d\u0259yi\u015f\u0259n d\u00fcnyada g\u00fcc amili \u00f6nd\u0259 dayan\u0131r. Az\u0259rbaycan b\u00fct\u00fcn hallarda beyn\u0259lxalq h\u00fcququn norma v\u0259 prinsipl\u0259rini \u0259sas g\u00f6t\u00fcr\u00fcr, 30 il\u0259 yax\u0131n davam ed\u0259n\u00a0 Qaraba\u011f \u00a0m\u00fcnaqi\u015f\u0259sinin Az\u0259rbaycan\u0131n \u0259razi b\u00fct\u00f6vl\u00fcy\u00fc \u00e7\u0259r\u00e7iv\u0259sind\u0259 h\u0259llin\u0259 nail olmaq \u00fc\u00e7\u00fcn ist\u0259r dan\u0131\u015f\u0131qlar yolu il\u0259, ist\u0259rs\u0259 d\u0259\u00a0 iqtisadi imkanlara s\u00f6yk\u0259n\u0259r\u0259k ordumuzun maddi-texniki bazas\u0131n\u0131 m\u00f6hk\u0259ml\u0259ndir\u0259r\u0259k laz\u0131m g\u0259l\u0259rs\u0259, \u00a0h\u0259rb meydan\u0131nda m\u00fcbariz\u0259y\u0259 haz\u0131rl\u0131q h\u0259yata ke\u00e7irdi. D\u00f6vl\u0259timizin ba\u015f\u00e7\u0131s\u0131 \u0130lham \u018fliyev bu reall\u0131\u011f\u0131 da daim \u00f6n\u0259 \u00e7\u0259kir ki,\u00a0d\u00fcnya d\u0259yi\u015fir, m\u00fcnasib\u0259tl\u0259r d\u0259yi\u015fir, beyn\u0259lxalq h\u00fcquq i\u015fl\u0259mir, g\u00fcc amili \u00f6n\u0259 \u00e7\u0131x\u0131r, \u201ckim g\u00fccl\u00fcd\u00fcr o da haql\u0131d\u0131r\u201d prinsipi \u00fcst\u00fcnl\u00fck t\u0259\u015fkil edir: \u00abB\u00fct\u00fcn bunlar\u0131 m\u0259nim \u00e7\u0131x\u0131\u015flar\u0131mda g\u00f6rm\u0259k olar. \u00c7\u00fcnki m\u0259n beyn\u0259lxalq v\u0259ziyy\u0259ti d\u00fczg\u00fcn t\u0259hlil etmi\u015f\u0259m. Dem\u0259k ist\u0259mir\u0259m ki, biz d\u0259 bu yolla ged\u0259k. Yox. Bizim yolumuz \u0259dal\u0259t yoludur v\u0259 beyn\u0259lxalq h\u00fcquq yoludur. Biz beyn\u0259lxalq h\u00fcququn k\u0259nar\u0131nda bir i\u015f g\u00f6rm\u0259mi\u015fik. Ancaq demi\u015f\u0259m ki, g\u00fcc amili \u00f6n plana \u00e7\u0131x\u0131r v\u0259 biz buna haz\u0131r olmal\u0131y\u0131q v\u0259 haz\u0131rl\u0131q i\u015fl\u0259ri gedirdi, b\u00fct\u00fcn bu ill\u0259r \u0259rzind\u0259, h\u0259m iqtisadi sah\u0259d\u0259, h\u0259m beyn\u0259lxalq m\u00fcnasib\u0259tl\u0259r sah\u0259sind\u0259, ilk n\u00f6vb\u0259d\u0259, ordu quruculu\u011fu sah\u0259sind\u0259. Bu g\u00fcc\u00fc toplad\u0131q, laz\u0131m olan anda vurduq, \u0259zdik d\u00fc\u015fm\u0259nin ba\u015f\u0131n\u0131. El\u0259 \u0259zdik ki, onu \u0259b\u0259di yadda saxlayacaq, \u0259b\u0259di. O dam\u011fan\u0131 vurduq. Az\u0259rbaycan xalq\u0131 m\u00fcz\u0259ff\u0259r xalqd\u0131r. Az\u0259rbaycan Ordusu m\u00fcz\u0259ff\u0259r ordudur. Biz d\u00f6y\u00fc\u015f meydan\u0131nda q\u0259l\u0259b\u0259 qazanm\u0131\u015f\u0131q, siyasi m\u00fcst\u0259vid\u0259 q\u0259l\u0259b\u0259 qazanm\u0131\u015f\u0131q, torpaqlar\u0131m\u0131z\u0131 i\u015f\u011fal\u00e7\u0131lardan azad etmi\u015fik.\u00bb<\/p>\n<p>Az\u0259rbaycan Ordusu g\u00fcc\u00fc, q\u00fcdr\u0259ti say\u0259sind\u0259\u00a0 beyn\u0259lxalq h\u00fcququn m\u00f6vcudlu\u011funu b\u00fct\u00fcn apar\u0131c\u0131 d\u00f6vl\u0259tl\u0259r\u0259, n\u00fcfuzlu beyn\u0259lxalq t\u0259\u015fkilatlara \u00e7atd\u0131rd\u0131. Az\u0259rbaycan yeni reall\u0131qlar yaratd\u0131. O reall\u0131qlar\u0131 ki, erm\u0259ni yalanlar\u0131, mifi da\u011f\u0131d\u0131ld\u0131, d\u00fcnyaya g\u00f6st\u0259rildi ki, yenilm\u0259z ordu Az\u0259rbaycan Ordusu, m\u0259\u011flubedilm\u0259z xalq Az\u0259rbaycan xalq\u0131d\u0131r, bu torpaqlar\u0131n sahibi bizik, g\u0259lmi\u015fik v\u0259 burada \u0259b\u0259di olaca\u011f\u0131q. \u00a0Az\u0259rbaycan \u0259dal\u0259ti, haqq\u0131 b\u0259rpa ed\u0259r\u0259k d\u00fcnyaya s\u00f6z\u00fcn \u0259sl m\u0259nas\u0131nda tarix, h\u00fcquq d\u0259rsi ke\u00e7di. H\u0259l\u0259 d\u0259 bu g\u00fcn\u0259 q\u0259d\u0259r Erm\u0259nistana d\u0259st\u0259kl\u0259rind\u0259n \u0259l \u00e7\u0259km\u0259y\u0259n d\u00f6vl\u0259tl\u0259r reall\u0131qda n\u0259 q\u0259d\u0259r yanl\u0131\u015f olduqlar\u0131n\u0131n f\u0259rqind\u0259dirl\u0259r. Qaraba\u011f\u0131n Az\u0259rbaycan\u0131n ayr\u0131lmaz t\u0259rkib\u00a0 hiss\u0259si oldu\u011fu BMT T\u0259hl\u00fck\u0259sizlik \u015euras\u0131n\u0131n q\u0259bul etdiyi 4 q\u0259tnam\u0259d\u0259 \u00f6z \u0259ksini tap\u0131b ki, bu s\u0259n\u0259dl\u0259rin d\u0259 q\u0259bulunda AB\u015e, Fransa v\u0259 Rusiya qurumun daimi \u00fczvl\u0259ri kimi i\u015ftirak edibl\u0259r. Dem\u0259k, m\u00fcnaqi\u015f\u0259nin h\u0259lli prosesinin\u00a0 30 il\u0259 q\u0259d\u0259r uzanmas\u0131nda i\u015f\u011fal\u00e7\u0131 Erm\u0259nistanla yana\u015f\u0131, problemin h\u0259llind\u0259 vasit\u0259\u00e7ilik missiyas\u0131n\u0131 yerin\u0259 yetir\u0259n, haz\u0131rda tarixin arxivin\u0259 at\u0131lan \u00a0AT\u018fT-in Minsk qrupunun h\u0259ms\u0259drl\u0259ri d\u0259 az m\u0259suliyy\u0259t da\u015f\u0131m\u0131rlar. D\u00f6vl\u0259t ba\u015f\u00e7\u0131s\u0131 \u0130lham \u018fliyev Forumdak\u0131 \u00e7\u0131x\u0131\u015f\u0131nda tarixin arxivin\u0259 at\u0131lm\u0131\u015f AT\u018fT-in Minck qrupunun f\u0259aliyy\u0259tsizliyin\u0259 d\u0259 diqq\u0259ti y\u00f6n\u0259ltdi.<\/p>\n<p>\u018fvv\u0259ld\u0259 d\u0259 qeyd etdiyimiz kimi, Az\u0259rbaycan Z\u0259f\u0259ri il\u0259 \u00a0yeni reall\u0131qlar yaratd\u0131.\u00a0 M\u00fcasir d\u00f6vrd\u0259 qloballa\u015fma prosesl\u0259ri h\u0259r \u015feyd\u0259n \u0259vv\u0259l beyn\u0259lxalq m\u00fcnasib\u0259tl\u0259rin m\u00f6hk\u0259ml\u0259nm\u0259si, \u00f6lk\u0259l\u0259r aras\u0131nda \u0259laq\u0259l\u0259rin geni\u015fl\u0259nm\u0259si, ayr\u0131-ayr\u0131 xalqlar\u0131n m\u0259d\u0259niyy\u0259tind\u0259 \u00fcmumi elementl\u0259rin artmas\u0131 il\u0259 s\u0259ciyy\u0259l\u0259nir. Bu kimi yax\u0131nla\u015fmalar t\u0259bii ki, beyn\u0259lxalq h\u00fcquq normalar\u0131n\u0131n, eyni zamanda, demokratik d\u0259y\u0259rl\u0259rin \u00f6nd\u0259 saxlan\u0131lmas\u0131n\u0131 bir z\u0259rur\u0259t\u0259 \u00e7evirir. Bizl\u0259r\u0259 b\u0259lli, amma d\u00fcnyaya \u201csirr\u201d olan bu sual\u0131n \u0259n d\u00fczg\u00fcn cavab\u0131 son hadis\u0259l\u0259rin gedi\u015find\u0259 b\u00fct\u00fcn t\u0259fsilat\u0131 il\u0259 a\u00e7\u0131qland\u0131. Bir daha t\u0259sdiq olundu ki, \u00a0d\u00fcnya n\u0259 vaxtad\u0259k \u00a0\u00a0h\u00fcquq problemini ya\u015fayacaq, maraqlar \u0259dal\u0259ti \u00fcst\u0259l\u0259y\u0259c\u0259k, bu kimi yana\u015fmalar davaml\u0131 olacaq.<\/p>\n<p>Az\u0259rbaycan\u0131n xarici siyas\u0259tind\u0259 Q\u0259rb v\u0259 Avropa istiqam\u0259tinin x\u00fcsusi yeri vard\u0131r. Avropa \u0130ttifaq\u0131na \u00fczv olan b\u00f6y\u00fck v\u0259 n\u00fcfuzlu d\u00f6vl\u0259tl\u0259rl\u0259 qar\u015f\u0131l\u0131ql\u0131 \u0259m\u0259kda\u015fl\u0131q daim inki\u015faf etdirilir. Avropa \u0130ttifaq\u0131 il\u0259 m\u00fcnasib\u0259tl\u0259rin sa\u011flam t\u0259m\u0259l \u0259sas\u0131nda qurulmas\u0131n\u0131n n\u0259tic\u0259sidir ki, \u00f6lk\u0259miz haz\u0131rda bu t\u0259\u015fkilat\u0131n bir \u00e7ox proqramlar\u0131nda f\u0259al i\u015ftirak edir. Az\u0259rbaycan Avropa \u0130ttifaq\u0131n\u0131n m\u00fch\u00fcm t\u0259r\u0259fda\u015f\u0131 kimi q\u0259bul olunur. 2018-ci ild\u0259 imzalanan \u00abT\u0259r\u0259fda\u015fl\u0131q prioritetl\u0259ri\u00bb adl\u0131 s\u0259n\u0259d b\u00fct\u00fcn sah\u0259l\u0259rd\u0259 m\u00f6vcud durumu \u00f6z\u00fcnd\u0259 ehtiva edir. \u00a0Az\u0259rbaycan d\u00f6vl\u0259tinin xarici siyas\u0259tind\u0259 bu prinsip \u0259sas yer tutur ki, b\u00f6y\u00fckl\u00fcy\u00fcnd\u0259n, ki\u00e7ikliyind\u0259n as\u0131l\u0131 olmayaraq, b\u00fct\u00fcn d\u00f6vl\u0259tl\u0259rl\u0259 b\u0259rab\u0259rh\u00fcquqlu, qar\u015f\u0131l\u0131ql\u0131 h\u00f6rm\u0259t v\u0259 maraqlar prinsipi \u0259sas\u0131nda m\u00fcnasib\u0259tl\u0259r qurulur v\u0259 inki\u015faf etdirilir. \u018fn \u0259sas\u0131, Az\u0259rbaycan he\u00e7 bir d\u00f6vl\u0259tin daxili i\u015fin\u0259 m\u00fcdaxil\u0259 etmir, eyni zamanda, \u00f6z daxili i\u015fin\u0259 m\u00fcdaxil\u0259ni yolverilm\u0259z hesab edir. C\u0259nab \u00a0\u0130lham \u018fliyevin Prezident kimi \u00a0AB\u015e-a ilk s\u0259f\u0259ri zaman\u0131 jurnalistin \u201cSiz AB\u015e qar\u015f\u0131s\u0131nda hans\u0131 \u00f6hd\u0259liyi g\u00f6t\u00fcrm\u00fcs\u00fcn\u00fcz\u201d sual\u0131na cavab\u0131n\u0131 xat\u0131rlatmaq bug\u00fcn\u00fcm\u00fcz \u00fc\u00e7\u00fcn d\u0259 aktuald\u0131r. \u00d6lk\u0259 Prezidenti bildirmi\u015fdi ki, Az\u0259rbaycan\u0131n he\u00e7 bir d\u00f6vl\u0259t qar\u015f\u0131s\u0131nda \u00f6hd\u0259liyi yoxdur. \u018flaq\u0259l\u0259rimizi qar\u015f\u0131l\u0131ql\u0131 h\u00f6rm\u0259t v\u0259 maraqlar prinsipi \u0259sas\u0131nda inki\u015faf etdiririk.<\/p>\n<p>Sentyabr\u0131n 27-d\u0259n ba\u015flayaraq 44 g\u00fcn davam ed\u0259n \u0130kinci Qaraba\u011f m\u00fcharib\u0259si \u00a0i\u015f\u011fal alt\u0131nda olan torpaqlar\u0131m\u0131z\u0131n azad olunmas\u0131 sevincini,\u00a0 ya\u015fatmaqla yana\u015f\u0131, eyni zamanda, 30 ild\u0259 ka\u011f\u0131z \u00fcz\u0259rind\u0259 qalan b\u0259yanatlar\u0131n sad\u0259c\u0259 s\u00f6z olaraq deyildiyini t\u0259sdiql\u0259di. \u00a0Erm\u0259nistan\u0131n ba\u015f naziri Nikol Pa\u015finyan\u0131n 44 g\u00fcnl\u00fck \u0130kinci Qaraba\u011f m\u00fcharib\u0259sinin getdiyi d\u00f6vrd\u0259 BBC telekanal\u0131nda yay\u0131mlanan \u201cHARDTalk\u201d verili\u015find\u0259 suallar\u0131 cavabland\u0131rark\u0259n \u00a0\u00f6z\u00fcn\u00fc nec\u0259 \u00a0biab\u0131r etdiyini xat\u0131rlayaq. \u00a0Erm\u0259nistan\u0131n ba\u015f naziri jurnalistin beyn\u0259lxalq h\u00fcquq normalar\u0131na istinad \u0259sas\u0131nda \u00fcnvanlad\u0131\u011f\u0131 suallar\u0131 cavabland\u0131rark\u0259n beyn\u0259lxalq h\u00fcququn norma v\u0259 prinsipl\u0259rinin m\u00f6vcudlu\u011fundan x\u0259b\u0259rsiz oldu\u011funu n\u00fcmayi\u015f etdirm\u0259kl\u0259 a\u00e7\u0131q-a\u015fkar bildirdi ki, bug\u00fcn\u0259d\u0259k t\u00f6r\u0259tdiyi t\u0259xribat \u0259m\u0259ll\u0259rin\u0259 g\u00f6r\u0259 he\u00e7 bir t\u0259zyiql\u0259 \u00fczl\u0259\u015fm\u0259m\u0259l\u0259ri dem\u0259k olar ki, d\u00fcnyada \u00fcmumiyy\u0259tl\u0259, h\u00fcquq amilinin yoxlu\u011funa i\u015far\u0259dir. N.Pa\u015finyana bu etiraf\u0131ndan sonra da d\u00fcnya d\u00f6vl\u0259tl\u0259ri, n\u00fcfuzlu beyn\u0259lxalq t\u0259\u015fkilatlar h\u0259r hans\u0131sa t\u0259zyiq \u00a0g\u00f6st\u0259rm\u0259dis\u0259, \u00a0art\u0131q bu, \u0259dal\u0259t meyar\u0131n\u0131n maraqlar\u0131n arxas\u0131nda s\u00fcr\u0259tl\u0259 \u0259ridiyin\u0259 \u015f\u00fcbh\u0259 yeri qoymad\u0131.<\/p>\n<p>Az\u0259rbaycan\u0131n d\u00f6y\u00fc\u015f meydan\u0131ndak\u0131 q\u0259l\u0259b\u0259si siyasi m\u00fcst\u0259vid\u0259 q\u0259l\u0259b\u0259sini \u015f\u0259rtl\u0259ndirdi. \u00a0Baxmayaraq ki, Az\u0259rbaycan daim s\u00fclh dan\u0131\u015f\u0131qlar\u0131n\u0131n t\u0259r\u0259fdar\u0131 oldu\u011funu b\u0259yan edib. H\u0259tta m\u00fcharib\u0259nin davam etdiyi g\u00fcnl\u0259rd\u0259 d\u0259 c\u0259nab \u0130lham \u018fliyev bildirmi\u015fdir ki, Erm\u0259nistan t\u0259r\u0259fin ir\u0259li s\u00fcrd\u00fcy\u00fcm\u00fcz \u015f\u0259rtl\u0259ri q\u0259bul etdiyi t\u0259qdird\u0259 dan\u0131\u015f\u0131qlar masas\u0131 \u0259traf\u0131nda oturma\u011fa haz\u0131r\u0131q. Erm\u0259nistan\u0131n ba\u015f naziri Nikol Pa\u015finyan m\u00fcnaqi\u015f\u0259nin diplomatik h\u0259llinin m\u00fcmk\u00fcn olmad\u0131\u011f\u0131n\u0131 bildirs\u0259 d\u0259, Az\u0259rbaycan Ordusunun g\u00fcc\u00fc qar\u015f\u0131s\u0131nda diz \u00e7\u00f6k\u0259r\u0259k m\u0259lum B\u0259yanat\u0131 imzalama\u011fa m\u0259cbur edildi. Bir m\u0259qam\u0131 da unutmayaq ki,\u00a0 i\u015f\u011fal\u00e7\u0131 d\u00f6vl\u0259tin siyas\u0259tind\u0259 qon\u015fu d\u00f6vl\u0259tl\u0259r\u0259 qar\u015f\u0131 \u0259sass\u0131z torpaq iddias\u0131, terroru d\u0259st\u0259kl\u0259m\u0259k kimi cinay\u0259t \u0259m\u0259ll\u0259ri \u0259sas yer tutursa v\u0259 d\u00fcnya buna g\u00f6z yumursa, r\u0259hb\u0259rlikd\u0259 ko\u00e7aryanlar\u0131n, sarkisyanlar\u0131n, pa\u015finyanlar\u0131n t\u0259msil olunmas\u0131ndan as\u0131l\u0131 olmayaraq, daim beyn\u0259lxalq h\u00fcququn norma v\u0259 prinsipl\u0259ri kobud \u015f\u0259kild\u0259 pozulacaq, i\u015f\u011fal\u00e7\u0131 Erm\u0259nistan utanmadan guya haql\u0131 oldu\u011funu b\u0259yan ed\u0259c\u0259k, ona d\u0259st\u0259k fonunda beyn\u0259lxalq t\u0259\u015fkilatlar\u0131n, b\u00f6y\u00fck d\u00f6vl\u0259tl\u0259rin m\u00f6vqeyin\u0259 inams\u0131zl\u0131q yaranacaq, bir s\u00f6zl\u0259, \u0259dal\u0259t meyar\u0131 \u00f6z\u00fc-\u00f6zl\u00fcy\u00fcnd\u0259 b\u00fct\u00fcn \u00f6lk\u0259l\u0259r\u0259 demokratiya d\u0259rsi ke\u00e7\u0259n d\u00f6vl\u0259tl\u0259rin maraqlar\u0131na uy\u011fun olaraq v\u0259 onlar\u0131n i\u015ftirak\u0131 il\u0259 \u0259riy\u0259c\u0259k. Az\u0259rbaycan n\u0259inki regionu, eyni zamanda, d\u00fcnyan\u0131 \u00a0erm\u0259ni fa\u015fizmind\u0259n xilas etdi.<\/p>\n<p>B\u00fct\u00fcn bu m\u0259qamlar d\u00f6vl\u0259t ba\u015f\u00e7\u0131s\u0131 \u0130lham \u018fliyevin Forum i\u015ftirak\u00e7\u0131lar\u0131n\u0131n suallar\u0131na cavab\u0131nda \u00f6z \u0259ksini tapd\u0131. \u0130\u015f\u011fal\u00e7\u0131 Erm\u0259nistan h\u0259r zaman demokratik d\u0259y\u0259rl\u0259r\u0259, beyn\u0259lxalq h\u00fcququn norma v\u0259 prinsipl\u0259rin\u0259 h\u00f6rm\u0259tsizliyi il\u0259 diqq\u0259t \u00e7\u0259kir, d\u00fcnya is\u0259 susma\u011f\u0131nda davam edir. Amma d\u00fcnya unudur ki, bir cinay\u0259tin c\u0259zas\u0131z qalmas\u0131 dig\u0259r cinay\u0259t\u0259 yol a\u00e7\u0131r. Nec\u0259 ki, tarixin b\u00fct\u00fcn d\u00f6vrl\u0259rind\u0259 az\u0259rbaycanl\u0131lara v\u0259 t\u00fcrkl\u0259r\u0259 qar\u015f\u0131 soyq\u0131r\u0131m\u0131 v\u0259 deportasiya siyas\u0259ti h\u0259yata ke\u00e7ir\u0259n Erm\u0259nistana buna g\u00f6r\u0259 he\u00e7 bir t\u0259zyiq g\u00f6st\u0259rilm\u0259diyind\u0259n 1988-ci ild\u0259 \u0259sass\u0131z torpaq iddias\u0131n\u0131n n\u0259tic\u0259si olaraq Az\u0259rbaycan \u0259razil\u0259rinin 20 faizini \u00a0i\u015f\u011fal etdi,\u00a0 \u00a0bir milyondan \u00e7ox soyda\u015f\u0131m\u0131z\u0131 \u00f6z do\u011fma yurd-yuvalar\u0131ndan did\u0259rgin sald\u0131, h\u0259m\u00e7inin qarda\u015f T\u00fcrkiy\u0259y\u0259 qar\u015f\u0131 \u0259sass\u0131z \u00aberm\u0259ni soyq\u0131r\u0131m\u0131\u00bb iddias\u0131n\u0131 ir\u0259li s\u00fcrd\u00fc. D\u00f6vl\u0259timizin ba\u015f\u00e7\u0131s\u0131 \u0130lham \u018fliyevin qeyd etdiyi kimi, \u00a0qon\u015fularla normal m\u00fcnasib\u0259t qura bilm\u0259y\u0259n \u00f6lk\u0259 nec\u0259 inki\u015faf ed\u0259 bil\u0259r?<\/p>\n<p>Az\u0259rbaycan \u00f6z \u0259razi b\u00fct\u00f6vl\u00fcy\u00fcn\u00fc b\u0259rpa etdi. Bundan sonra inki\u015faf yolunda \u00a0daha s\u00fcr\u0259tl\u0259 ged\u0259c\u0259k. M\u00fcz\u0259ff\u0259r Ali Ba\u015f Komandan \u0130lham \u018fliyevin\u00a0 r\u0259hb\u0259rliyi il\u0259 \u00a0Az\u0259rbaycan Ordusunun g\u00fcc\u00fc say\u0259sind\u0259 i\u015f\u011faldan azad edilmi\u015f torpaqlar\u0131m\u0131zda yeni h\u0259yat ba\u015flay\u0131b. \u00d6t\u0259n il suverenliyimizin tam b\u0259rpa edilm\u0259si il\u0259 yeni reall\u0131qlar yarand\u0131. C\u0259nab \u0130lham \u018fliyev Forumdak\u0131 \u00e7\u0131x\u0131\u015f\u0131nda bu m\u0259qama da diqq\u0259t y\u00f6n\u0259ltdi. Bildirdi ki, \u0259razi b\u00fct\u00f6vl\u00fcy\u00fcm\u00fcz\u00fcn v\u0259 suverenliyimizin tam b\u0259rpas\u0259n m\u00fch\u00fcm hadis\u0259dir. T\u0259kc\u0259 bu, birinci v\u0259 ikinci Forum aras\u0131nda deyil, \u00fcmumiyy\u0259tl\u0259, m\u00fcasir tariximizd\u0259 m\u00fch\u00fcm hadis\u0259 oldu. Bundan \u0259lav\u0259 bir \u00e7ox hadis\u0259l\u0259r ba\u015f verdi v\u0259 b\u00fct\u00fcn bu hadis\u0259l\u0259r regionu daha proqnozla\u015fd\u0131r\u0131labil\u0259n ed\u0259c\u0259k.<\/p>\n<p>C\u0259nab \u0130lham \u018fliyev Forumda \u201cAz\u0259rbaycanl\u0131lar \u00f6z V\u0259t\u0259nl\u0259rini &#8211; Q\u0259rbi Az\u0259rbaycan\u0131 g\u00f6r\u0259c\u0259kl\u0259rmi\u201d sual\u0131n\u0131 da cavabland\u0131rd\u0131.\u00a0 D\u00f6vl\u0259timizin ba\u015f\u00e7\u0131s\u0131 \u00f6nc\u0259 tarix\u0259 n\u0259z\u0259r sald\u0131. Bildirdi ki, az\u0259rbaycanl\u0131lar h\u0259l\u0259 XX \u0259srin \u0259vv\u0259ll\u0259rind\u0259 &#8211; 1918-ci ild\u0259 v\u0259\u00a0 \u0130kinci D\u00fcnya m\u00fcharib\u0259sind\u0259n d\u0259rhal sonra \u00a0Q\u0259rb \u00f6lk\u0259l\u0259rind\u0259 ya\u015fayan erm\u0259nil\u0259rin Erm\u0259nistana k\u00f6\u00e7\u00fcr\u00fclm\u0259si v\u0259 onlar\u0131n yerl\u0259\u015fdirilm\u0259si kimi tam d\u00fc\u015f\u00fcn\u00fclm\u00fc\u015f bir b\u0259han\u0259 il\u0259 indiki Erm\u0259nistan \u0259razisind\u0259n deportasiyaya m\u0259ruz qal\u0131blar. O vaxt, 1940-1950-ci ill\u0259rd\u0259 sovet h\u00f6kum\u0259ti t\u0259r\u0259find\u0259n bir ne\u00e7\u0259 q\u0259rar q\u0259bul edildi v\u0259 y\u00fcz minl\u0259rl\u0259 insan Q\u0259rbi Az\u0259rbaycanda ya\u015fad\u0131qlar\u0131, m\u0259skunla\u015fd\u0131qlar\u0131 \u0259razil\u0259rd\u0259n s\u00fcrg\u00fcn olundu. Ya\u015fay\u0131\u015f \u00fc\u00e7\u00fcn yarars\u0131z, Z\u0259ng\u0259zur, G\u00f6y\u00e7\u0259 v\u0259 dig\u0259r yerl\u0259rd\u0259ki t\u0259bii-iqlim \u015f\u0259raitind\u0259n tamamil\u0259 f\u0259rqli olan K\u00fcr-Araz oval\u0131\u011f\u0131na deportasiya edildi. Onlar\u0131n \u00e7oxu, sad\u0259c\u0259, d\u00f6z\u0259 bilm\u0259yib v\u0259 v\u0259fat edib: \u201cH\u0259m d\u0259, prinsipc\u0259 h\u0259r \u015fey, \u0259lb\u0259tt\u0259, 1980-ci ill\u0259rin sonlar\u0131nda ba\u015f ver\u0259n etnik t\u0259mizl\u0259m\u0259d\u0259n ba\u015flad\u0131. \u00c7\u00fcnki yen\u0259 d\u0259 sual\u0131n\u0131z\u0131n \u0259vv\u0259lind\u0259 yalan r\u0259vay\u0259tl\u0259rl\u0259 ba\u011fl\u0131 dediyiniz o \u015f\u0259rhl\u0259r\u0259 qay\u0131daraq, b\u00fct\u00fcn bunlar bar\u0259d\u0259 Q\u0259rbin, o c\u00fcml\u0259d\u0259n Rusiyan\u0131n, 1990-c\u0131 ill\u0259rin Rusiyas\u0131n\u0131n media m\u0259kan\u0131nda dan\u0131\u015f\u0131lmay\u0131b. Onlar bu bar\u0259d\u0259 susublar. Qafan b\u00f6lg\u0259sind\u0259 v\u0259 ba\u015fqa rayonlarda az\u0259rbaycanl\u0131lar\u0131n Erm\u0259nistan \u0259razisind\u0259n v\u0259h\u015fic\u0259sin\u0259 deportasiyas\u0131 haqq\u0131nda tamamil\u0259 susark\u0259n, Erm\u0259nistan\u0131n yalan hekay\u0259sin\u0259 dair y\u00fcz faizli birt\u0259r\u0259fli meyil var idi. Prinsipc\u0259, el\u0259 h\u0259r \u015fey d\u0259 buradan ba\u015flad\u0131. Bu, sonradan b\u00f6y\u00fck yan\u011f\u0131na \u00e7evril\u0259n q\u0131\u011f\u0131lc\u0131m idi. Bel\u0259likl\u0259, xalq\u0131m\u0131z deportasiyan\u0131n b\u00fct\u00fcn \u0259zablar\u0131n\u0131 ya\u015fad\u0131.\u201d<\/p>\n<p>\u201cKonkret suala g\u0259ldikd\u0259 is\u0259, m\u0259n \u0259min\u0259m ki, h\u0259min g\u00fcn m\u00fctl\u0259q g\u0259l\u0259c\u0259k\u201d s\u00f6yl\u0259y\u0259n d\u00f6vl\u0259timizin ba\u015f\u00e7\u0131s\u0131 bildirdi ki, \u0259lb\u0259tt\u0259, Erm\u0259nistan r\u0259hb\u0259rliyinin siyasi irad\u0259sin\u0259, b\u0259yan etdiyi demokratiya v\u0259 qanunun aliliyi prinsipl\u0259rin\u0259 sadiqliyin\u0259 \u00fcmid b\u0259sl\u0259yirik.<\/p>\n<p>G\u00f6r\u00fcnd\u00fcy\u00fc kimi, 2-ci \u015eu\u015fa Qlobal Media Forumu g\u00fcn\u00fcm\u00fcz\u00fcn \u0259sas \u00e7a\u011f\u0131r\u0131\u015flar\u0131 \u0259traf\u0131nda geni\u015f fikir m\u00fcbadil\u0259sinin apar\u0131lmasas\u0131 il\u0259 tarix\u0259 yaz\u0131ld\u0131.\u00a0 Az\u0259rbaycan b\u00fct\u00fcn hallarda \u0259dal\u0259tin v\u0259 beyn\u0259lxalq h\u00fcququn yan\u0131nda oldu\u011funu t\u0259sdiql\u0259yir.<\/p>\n<p><em><strong>Yegan\u0259 \u018fliyeva, \u0130ki sahil\u201d<\/strong><\/em><\/p>\n","protected":false},"excerpt":{"rendered":"<p>D\u00f6vl\u0259t ba\u015f\u00e7\u0131s\u0131 \u0130lham \u018fliyev \u201cYalan m\u0259lumatlar\u0131n if\u015fas\u0131: Dezinformasiyaya qar\u015f\u0131 m\u00fcbariz\u0259\u201d m\u00f6vzusunda 2-ci \u015eu\u015fa Qlobal Media Forumunda bir daha bildirdi\u00a0 ki, Erm\u0259nistan r\u0259hb\u0259rliyinin siyasi irad\u0259sin\u0259, b\u0259yan etdiyi demokratiya v\u0259 qanunun aliliyi prinsipl\u0259rin\u0259 sadiqliyin\u0259 \u00fcmid b\u0259sl\u0259yirik 50-y\u0259 yax\u0131n \u00f6lk\u0259d\u0259n 150-d\u0259n \u00e7ox xarici qona\u011f\u0131n, o c\u00fcml\u0259d\u0259n 30-a yax\u0131n \u00f6lk\u0259nin informasiya agentliyi, 3 beyn\u0259lxalq t\u0259\u015fkilat v\u0259 82 media qurumunun qat\u0131ld\u0131\u011f\u0131 2-ci \u015eu\u015fa Qlobal Media Forumu m\u00fch\u00fcm m\u0259qamlarla, d\u00f6vl\u0259t ba\u015f\u00e7\u0131s\u0131 \u0130lham \u018fliyevin s\u0259sl\u0259ndirdiyi \u00e7a\u011f\u0131r\u0131\u015flarla diqq\u0259td\u0259 oldu. Art\u0131q \u0259n\u0259n\u0259y\u0259 \u00e7evril\u0259n bu Forum h\u0259qiq\u0259tl\u0259rimizin beyn\u0259lxalq ictimaiyy\u0259t\u0259 \u00e7atd\u0131r\u0131lmas\u0131nda n\u00f6vb\u0259ti platforma oldu. C\u0259nab \u0130lham \u018fliyev 30 illik i\u015f\u011fal d\u00f6vr\u00fcn\u00fcn&hellip;<\/p>\n","protected":false},"author":2,"featured_media":739333,"comment_status":"closed","ping_status":"closed","sticky":false,"template":"","format":"standard","meta":{"om_disable_all_campaigns":false,"_monsterinsights_skip_tracking":false,"_monsterinsights_sitenote_active":false,"_monsterinsights_sitenote_note":"","_monsterinsights_sitenote_category":0},"categories":[19],"tags":[],"aioseo_notices":[],"gutentor_comment":0,"rttpg_featured_image_url":{"full":["https:\/\/arantv.az\/wp-content\/uploads\/2024\/07\/7e8750d4172165876218424673510322400.jpg",975,540,false],"landscape":["https:\/\/arantv.az\/wp-content\/uploads\/2024\/07\/7e8750d4172165876218424673510322400.jpg",975,540,false],"portraits":["https:\/\/arantv.az\/wp-content\/uploads\/2024\/07\/7e8750d4172165876218424673510322400.jpg",975,540,false],"thumbnail":["https:\/\/arantv.az\/wp-content\/uploads\/2024\/07\/7e8750d4172165876218424673510322400-500x280.jpg",500,280,true],"medium":["https:\/\/arantv.az\/wp-content\/uploads\/2024\/07\/7e8750d4172165876218424673510322400-660x365.jpg",660,365,true],"large":["https:\/\/arantv.az\/wp-content\/uploads\/2024\/07\/7e8750d4172165876218424673510322400-840x465.jpg",640,354,true],"1536x1536":["https:\/\/arantv.az\/wp-content\/uploads\/2024\/07\/7e8750d4172165876218424673510322400.jpg",975,540,false],"2048x2048":["https:\/\/arantv.az\/wp-content\/uploads\/2024\/07\/7e8750d4172165876218424673510322400.jpg",975,540,false],"post-thumbnail":["https:\/\/arantv.az\/wp-content\/uploads\/2024\/07\/7e8750d4172165876218424673510322400-240x172.jpg",240,172,true],"advps-thumb-one":["https:\/\/arantv.az\/wp-content\/uploads\/2024\/07\/7e8750d4172165876218424673510322400.jpg",975,540,false]},"rttpg_author":{"display_name":"V\u00fcsal Rafiqo\u011flu","author_link":"https:\/\/arantv.az\/?author=2"},"rttpg_comment":0,"rttpg_category":"<a href=\"https:\/\/arantv.az\/?cat=19\" rel=\"category\">G\u00fcnd\u0259m<\/a>","rttpg_excerpt":"D\u00f6vl\u0259t ba\u015f\u00e7\u0131s\u0131 \u0130lham \u018fliyev \u201cYalan m\u0259lumatlar\u0131n if\u015fas\u0131: Dezinformasiyaya qar\u015f\u0131 m\u00fcbariz\u0259\u201d m\u00f6vzusunda 2-ci \u015eu\u015fa Qlobal Media Forumunda bir daha bildirdi\u00a0 ki, Erm\u0259nistan r\u0259hb\u0259rliyinin siyasi irad\u0259sin\u0259, b\u0259yan etdiyi demokratiya v\u0259 qanunun aliliyi prinsipl\u0259rin\u0259 sadiqliyin\u0259 \u00fcmid b\u0259sl\u0259yirik 50-y\u0259 yax\u0131n \u00f6lk\u0259d\u0259n 150-d\u0259n \u00e7ox xarici qona\u011f\u0131n, o c\u00fcml\u0259d\u0259n 30-a yax\u0131n \u00f6lk\u0259nin informasiya agentliyi, 3 beyn\u0259lxalq t\u0259\u015fkilat v\u0259 82 media qurumunun&hellip;","_links":{"self":[{"href":"https:\/\/arantv.az\/index.php?rest_route=\/wp\/v2\/posts\/739332"}],"collection":[{"href":"https:\/\/arantv.az\/index.php?rest_route=\/wp\/v2\/posts"}],"about":[{"href":"https:\/\/arantv.az\/index.php?rest_route=\/wp\/v2\/types\/post"}],"author":[{"embeddable":true,"href":"https:\/\/arantv.az\/index.php?rest_route=\/wp\/v2\/users\/2"}],"replies":[{"embeddable":true,"href":"https:\/\/arantv.az\/index.php?rest_route=%2Fwp%2Fv2%2Fcomments&post=739332"}],"version-history":[{"count":1,"href":"https:\/\/arantv.az\/index.php?rest_route=\/wp\/v2\/posts\/739332\/revisions"}],"predecessor-version":[{"id":739334,"href":"https:\/\/arantv.az\/index.php?rest_route=\/wp\/v2\/posts\/739332\/revisions\/739334"}],"wp:featuredmedia":[{"embeddable":true,"href":"https:\/\/arantv.az\/index.php?rest_route=\/wp\/v2\/media\/739333"}],"wp:attachment":[{"href":"https:\/\/arantv.az\/index.php?rest_route=%2Fwp%2Fv2%2Fmedia&parent=739332"}],"wp:term":[{"taxonomy":"category","embeddable":true,"href":"https:\/\/arantv.az\/index.php?rest_route=%2Fwp%2Fv2%2Fcategories&post=739332"},{"taxonomy":"post_tag","embeddable":true,"href":"https:\/\/arantv.az\/index.php?rest_route=%2Fwp%2Fv2%2Ftags&post=739332"}],"curies":[{"name":"wp","href":"https:\/\/api.w.org\/{rel}","templated":true}]}}