{"id":739354,"date":"2024-07-23T09:42:27","date_gmt":"2024-07-23T05:42:27","guid":{"rendered":"https:\/\/arantv.az\/?p=739354"},"modified":"2024-07-23T09:42:27","modified_gmt":"2024-07-23T05:42:27","slug":"h%c9%99r-seyin-t%c9%99m%c9%99lind%c9%99-c%c9%99miyy%c9%99tin-oz-m%c9%99fkur%c9%99si-dayanir-bu-cox-boyuk-d%c9%99y%c9%99rdir","status":"publish","type":"post","link":"https:\/\/arantv.az\/?p=739354","title":{"rendered":"H\u0259r \u015feyin t\u0259m\u0259lind\u0259 c\u0259miyy\u0259tin \u00f6z m\u0259fkur\u0259si dayan\u0131r, bu, \u00e7ox b\u00f6y\u00fck d\u0259y\u0259rdir"},"content":{"rendered":"<section>\n<div class=\"content lead font-weight-normal\">\n<p>Multikulturalizm d\u00fcnyada v\u0259 ya h\u0259r hans\u0131 d\u00f6vl\u0259td\u0259 m\u0259d\u0259ni m\u00fcxt\u0259liflikl\u0259rin qorunub saxlan\u0131lmas\u0131na v\u0259 inki\u015faf\u0131na y\u00f6n\u0259lmi\u015f n\u0259z\u0259riyy\u0259, siyas\u0259tdir. Onun \u0259n m\u00fch\u00fcm \u00f6z\u0259lliyi assimilyasiyaya qar\u015f\u0131 olmas\u0131d\u0131r. Multikulturalizm v\u0259 tolerantl\u0131q h\u0259m d\u0259 c\u0259hal\u0259tin, irq\u00e7iliyin, ksenofobiyan\u0131n s\u00fcqutu, n\u0259tic\u0259 etibaril\u0259 c\u0259miyy\u0259td\u0259 \u0259min-amanl\u0131q, b\u0259\u015f\u0259riyy\u0259td\u0259 s\u00fclh dem\u0259kdir. M\u00fcxt\u0259lif siyasi, iqtisadi v\u0259 co\u011frafi \u015f\u0259raitl\u0259rd\u0259 ya\u015fayan xalqlar\u0131n \u0259dal\u0259t\u0259 \u00e7\u0131x\u0131\u015f\u0131 da \u00e7oxm\u0259d\u0259niyy\u0259tliliyin t\u0259min edilm\u0259sind\u0259n as\u0131l\u0131d\u0131r. \u00c7\u00fcnki multikulturalizmin olmas\u0131 c\u0259miyy\u0259td\u0259 b\u0259rab\u0259rliyin, demokratiyan\u0131n, t\u0259r\u0259qqinin, sosial rifah\u0131n, ba\u015fqa s\u00f6zl\u0259, \u0259dal\u0259tin b\u0259rq\u0259rar\u0131 dem\u0259kdir. \u00c7oxm\u0259d\u0259niyy\u0259tlilik ideyas\u0131n\u0131n bu v\u0259 ya dig\u0259r c\u0259miyy\u0259td\u0259 davaml\u0131 olmas\u0131 \u00fc\u00e7\u00fcn \u0259n z\u0259ruri amil h\u0259min c\u0259miyy\u0259t \u00fczvl\u0259ri aras\u0131nda qar\u015f\u0131l\u0131ql\u0131 d\u00f6z\u00fcml\u00fcl\u00fck &#8211; tolerantl\u0131q hissinin olmas\u0131d\u0131r. Bu olmadan humanizm, y\u00fcks\u0259k f\u0259rdi v\u0259 beyn\u0259lxalq m\u00fcnasib\u0259tl\u0259r, insanlar aras\u0131nda qar\u015f\u0131l\u0131ql\u0131 anla\u015fma, z\u0259nginl\u0259\u015fm\u0259, dostluq v\u0259 \u0259m\u0259kda\u015fl\u0131q m\u00fcmk\u00fcn deyildir. \u018fg\u0259r tolerantl\u0131q bir avropal\u0131 \u00fc\u00e7\u00fcn h\u00fcquqi v\u0259zif\u0259sidirs\u0259, az\u0259rbaycanl\u0131 \u00fc\u00e7\u00fcn m\u0259n\u0259vi t\u0259l\u0259bat v\u0259 m\u0259d\u0259ni normad\u0131r. Bu g\u00fcn Az\u0259rbaycan\u0131 v\u0259 az\u0259rbaycanl\u0131lar\u0131 ba\u015fqalar\u0131ndan f\u0259rql\u0259ndir\u0259n x\u00fcsusiyy\u0259t d\u0259 m\u0259hz budur. Az\u0259rbaycanl\u0131lar tarix\u0259n dini azl\u0131qlara h\u00f6rm\u0259tl\u0259 yana\u015faraq, onlar\u0131n \u00f6z inanclar\u0131na uy\u011fun ya\u015famalar\u0131na n\u0259inki mane olmay\u0131blar, h\u0259tta \u00f6z inanclar\u0131na uy\u011fun ya\u015famalar\u0131na \u015f\u0259rait yarad\u0131blar. Ba\u015fqa ifad\u0259 il\u0259 des\u0259k, az\u0259rbaycanl\u0131lar h\u0259r zaman dini azl\u0131qlar\u0131n himay\u0259dar\u0131 v\u0259 m\u00fchafiz\u0259\u00e7isi qismind\u0259 \u00e7\u0131x\u0131\u015f edibl\u0259r.<\/p>\n<p>Bu ideyan\u0131n k\u00f6kl\u0259ri q\u0259dim tarix\u0259 malikdir. B\u00fct\u00fcn s\u0259mavi dinl\u0259rd\u0259 ideyan\u0131n \u0259saslar\u0131n\u0131 g\u00f6r\u0259 bil\u0259rik. Az\u0259rbaycan da bu sah\u0259d\u0259 d\u00fcnya \u00fc\u00e7\u00fcn \u00f6rn\u0259k ola bil\u0259c\u0259k modeldir. Az\u0259rbaycan z\u0259ngin v\u0259 m\u00fcr\u0259kk\u0259b tarixi olan \u00f6lk\u0259dir. \u00c7oxallahl\u0131l\u0131qdan, \u015faman\u00e7\u0131l\u0131qdan v\u0259 b\u00fctp\u0259r\u0259stlikd\u0259n tutmu\u015f s\u0259mavi dinl\u0259r\u0259 (Y\u0259hudilik, Xristianl\u0131q, \u0130slam) q\u0259d\u0259r d\u00fcnyan\u0131n b\u00fct\u00fcn m\u0259\u015fhur dinl\u0259ri burada \u00f6z izl\u0259rini buraxm\u0131\u015fd\u0131r. Bunun n\u0259tic\u0259sidir ki, \u00e7oxsayl\u0131 etnoslar\u0131n Az\u0259rbaycanda ya\u015famas\u0131na v\u0259 etnik t\u0259rkibin m\u00fcxt\u0259lif olmas\u0131na baxmayaraq, minillikl\u0259r boyu he\u00e7 bir milli, dini azl\u0131q buradan ba\u015fqa bir \u0259raziy\u0259 k\u00f6\u00e7m\u0259mi\u015f v\u0259 k\u00f6\u00e7\u00fcr\u00fclm\u0259mi\u015f, h\u0259r bir etnos milli v\u0259 dini kimliyini qoruyub saxlam\u0131\u015fd\u0131r. M\u00fcxt\u0259lif tarixi d\u00f6vrl\u0259rd\u0259 \u00f6z torpaqlar\u0131nda s\u0131x\u0131\u015fd\u0131r\u0131lan b\u0259zi konfessiya n\u00fcmay\u0259nd\u0259l\u0259ri, dini-etnik qruplar V\u0259t\u0259nimiz\u0259 s\u0131\u011f\u0131nm\u0131\u015f v\u0259 c\u0259miyy\u0259timizin ayr\u0131lmaz hiss\u0259sin\u0259 \u00e7evril\u0259r\u0259k, ayinl\u0259rini rahat yerin\u0259 yetirm\u0259k imkan\u0131 \u0259ld\u0259 etmi\u015f, yerli \u0259hali il\u0259 qaynay\u0131b-qar\u0131\u015fm\u0131\u015flar.<\/p>\n<p>\u0130yulun 20-d\u0259 \u201cYalan m\u0259lumatlar\u0131n if\u015fas\u0131: Dezinformasiyaya qar\u015f\u0131 m\u00fcbariz\u0259\u201d m\u00f6vzusunda 2-ci \u015eu\u015fa Qlobal Media Forumununda jurnalistl\u0259rin suallar\u0131n\u0131 cavabland\u0131rark\u0259n bildirib: \u201c\u00c7oxmill\u0259tli c\u0259miyy\u0259t Az\u0259rbaycan\u0131n f\u0259xr etdiyi amildir &#8211; d\u00fczg\u00fcn siyas\u0259t, t\u0259hsil, t\u0259rbiy\u0259, n\u00fcmun\u0259, davran\u0131\u015f n\u00fcmun\u0259si. Biz b\u0259rpa prosesind\u0259 bir \u00e7ox m\u0259scidl\u0259ri b\u0259rpa etm\u0259li idik. Son ill\u0259rd\u0259 a\u00e7\u0131l\u0131\u015flar zaman\u0131 kiml\u0259r \u00e7\u0131x\u0131\u015f edirdi, \u015feyx\u00fclislam, arxiyepiskop Aleksandr ata v\u0259 y\u0259hudi icmas\u0131n\u0131n r\u0259hb\u0259ri c\u0259nab Milix v\u0259 yaxud da ondan sonrak\u0131 icma r\u0259hb\u0259ri. M\u0259n ad\u0259t\u0259n Az\u0259rbaycan\u0131n b\u00fct\u00fcn b\u00f6lg\u0259l\u0259rind\u0259n dini icmalar\u0131n r\u0259hb\u0259rl\u0259rini toplay\u0131rd\u0131m. Onlar\u0131n ham\u0131s\u0131 g\u0259lirdi, G\u0259nc\u0259d\u0259n \u0130mamzad\u0259nin, yaxud da \u015eamax\u0131 m\u0259scidinin n\u00fcmay\u0259nd\u0259si, Az\u0259rbaycan\u0131n m\u00fcxt\u0259lif b\u00f6lg\u0259l\u0259rind\u0259n, onlar g\u0259lib m\u00fcs\u0259lmanlar\u0131n, katolikl\u0259rin, pravoslavlar\u0131n v\u0259 y\u0259hudil\u0259rin r\u0259hb\u0259rl\u0259rinin m\u0259scidd\u0259 \u00e7\u0131x\u0131\u015f etm\u0259sinin \u015fahidi olurlar. Onlar bu ismar\u0131\u015flar\u0131 \u00f6zl\u0259ri il\u0259 \u00f6z \u0259razil\u0259rin\u0259, \u00f6z yerl\u0259rin\u0259 apar\u0131r v\u0259 bunu payla\u015f\u0131rlar. Bu, yaln\u0131z bir epizoddur, lakin bunlar\u0131n say\u0131 \u00e7oxdur\u201d.<\/p>\n<p>Respublikam\u0131zda m\u00fcxt\u0259lif dini konfessiyalar t\u0259r\u0259find\u0259n ibad\u0259t evl\u0259rinin tikintisin\u0259 v\u0259 b\u0259rpas\u0131na f\u0259rqli dini icmalar\u0131n n\u00fcmay\u0259nd\u0259l\u0259rinin maddi v\u0259 m\u0259n\u0259vi d\u0259st\u0259k verm\u0259si, ian\u0259l\u0259r toplamas\u0131 tarixi ke\u00e7mi\u015fimizd\u0259n qalan m\u00fct\u0259r\u0259qqi \u0259n\u0259n\u0259dir. XIX \u0259srin sonlar\u0131na yax\u0131n Bak\u0131 \u015f\u0259h\u0259rind\u0259 \u201cQ\u0131z\u0131l\u0131 kils\u0259\u201d kimi tan\u0131nan \u201cAleksandr Nevski\u201d kils\u0259sinin in\u015fas\u0131 \u00fc\u00e7\u00fcn toplan\u0131lm\u0131\u015f ian\u0259nin b\u00f6y\u00fck hiss\u0259sinin m\u00fcs\u0259lmanlar t\u0259r\u0259find\u0259n verilm\u0259si d\u00fcnya tolerantl\u0131q tarixinin \u0259n parlaq s\u0259hif\u0259sidir. 1907-ci ild\u0259 H.Z.Ta\u011f\u0131yev t\u0259r\u0259find\u0259n tikdiril\u0259n Rus Pravoslav Kils\u0259sinin Jen Mironosets Ba\u015f Kafedral kils\u0259si t\u0259xmin\u0259n 100 ild\u0259n sonra m\u00fcs\u0259lman i\u015f adam\u0131 Ayd\u0131n Qurbanovun maliyy\u0259 d\u0259st\u0259yi il\u0259 b\u0259rpa olunmu\u015fdur. \u00c7ar Rusiyas\u0131n\u0131n \u015eimali Az\u0259rbaycan \u0259razil\u0259rin\u0259 sahib olmas\u0131 il\u0259 xalq\u0131n \u0259n\u0259n\u0259sin\u0259 zidd olan yaban\u00e7\u0131 d\u0259y\u0259rl\u0259r t\u0259bli\u011f edilm\u0259y\u0259, s\u0131r\u0131nma\u011fa ba\u015flanm\u0131\u015fd\u0131. \u0130\u015f\u011fal\u00e7\u0131lar \u00f6z m\u00fcst\u0259ml\u0259k\u0259\u00e7iliyini bu torpaqlarda h\u00f6kmran etm\u0259k \u00fc\u00e7\u00fcn etnik-dini qar\u015f\u0131durma yaratmaq siyas\u0259ti apar\u0131rd\u0131lar. \u00c7arizm m\u00fcs\u0259lmanlar\u0131n dini birliyinin qorunmas\u0131 \u0259v\u0259zin\u0259, m\u0259zh\u0259b f\u0259rqini \u015fi\u015firtm\u0259kl\u0259 s\u00fcnni-\u015fi\u0259 ba\u015f\u00e7\u0131lar\u0131n\u0131 bir-birin\u0259 qar\u015f\u0131 qoymu\u015fdu. Az\u0259rbaycan ziyal\u0131lar\u0131 is\u0259 iki m\u0259zh\u0259b aras\u0131nda q\u0131z\u0131\u015fd\u0131r\u0131lan ixtilaflar\u0131n qar\u015f\u0131s\u0131n\u0131 alma\u011fa nail olmu\u015flar.<\/p>\n<p>\u0130slamdan g\u0259l\u0259n d\u00f6z\u00fcml\u00fcl\u00fck Az\u0259rbaycan xalq\u0131n\u0131n etnik x\u00fcsusiyy\u0259tl\u0259rind\u0259n qaynaqlanan tolerantl\u0131qla \u00e7u\u011fla\u015faraq daha r\u0259ngar\u0259ng v\u0259 m\u00fck\u0259mm\u0259l bir forma alm\u0131\u015f v\u0259 z\u0259ngin m\u0259d\u0259ni s\u0259rv\u0259t\u0259 \u00e7evrilmi\u015fdir. \u0130slam Az\u0259rbaycan xalq\u0131n\u0131n ondan \u00f6nc\u0259ki dinl\u0259r v\u0259 m\u00fcxt\u0259lif inanclar vasit\u0259sil\u0259 \u0259ld\u0259 etdiyi m\u0259d\u0259ni v\u0259 m\u0259n\u0259vi s\u0259rv\u0259ti m\u0259hv etm\u0259mi\u015f, \u0259ksin\u0259, onu daha da z\u0259nginl\u0259\u015fdirmi\u015fdir (\u015e\u0259kid\u0259ki Ki\u015f m\u0259b\u0259di, XVIII \u0259srd\u0259 Bak\u0131da at\u0259\u015fp\u0259r\u0259stl\u0259r t\u0259r\u0259find\u0259n tikilmi\u015f At\u0259\u015fgah m\u0259b\u0259di).<\/p>\n<p>\u015e\u00fcbh\u0259siz ki, b\u00fct\u00fcn bu sadalad\u0131\u011f\u0131m\u0131z d\u0259y\u0259rl\u0259r yaln\u0131z d\u00fc\u015f\u00fcn\u00fclm\u00fc\u015f d\u00f6vl\u0259t siyas\u0259ti n\u0259tic\u0259sind\u0259 daha da m\u00f6hk\u0259ml\u0259n\u0259 bil\u0259rdi. M\u0259hz Ulu \u00d6nd\u0259r Heyd\u0259r \u018fliyev \u00f6lk\u0259y\u0259 r\u0259hb\u0259rlik etdiyi m\u00fcdd\u0259td\u0259 dini konfessiyalar aras\u0131nda d\u00f6z\u00fcml\u00fcl\u00fck m\u00fchitinin daha da inki\u015faf etdirilm\u0259si sah\u0259sind\u0259 d\u00f6n\u00fc\u015f yaranm\u0131\u015f, d\u00f6vl\u0259tl\u0259 dini qurumlar\u0131n m\u00fcnasib\u0259ti yeni m\u0259rh\u0259l\u0259y\u0259 q\u0259d\u0259m qoymu\u015fdur. Yeni tarixi \u015f\u0259raitd\u0259 Az\u0259rbaycan\u0131n qar\u015f\u0131la\u015fd\u0131\u011f\u0131 b\u00f6hranlardan \u00e7\u0131xaraq \u00f6z\u00fcn\u0259 g\u00fcv\u0259nm\u0259si \u00fc\u00e7\u00fcn \u00fcmumi bir konsepsiyaya ehtiyac var idi. Bu ideologiya h\u0259m milli ad\u0259t-\u0259n\u0259n\u0259l\u0259r\u0259 v\u0259 dini-m\u0259n\u0259vi d\u0259y\u0259rl\u0259r\u0259 s\u00f6yk\u0259nm\u0259li, h\u0259m d\u0259 \u00f6lk\u0259mizin \u00e7a\u011fda\u015f d\u00fcnyaya qovu\u015fmas\u0131n\u0131 t\u0259min etm\u0259li idi. Ona g\u00f6r\u0259 d\u0259 Ulu \u00d6nd\u0259r Heyd\u0259r \u018fliyev \u00f6lk\u0259nin din\u0259 v\u0259 dindarlara m\u00fcnasib\u0259tini d\u00fczg\u00fcn v\u0259 sa\u011flam m\u00fcst\u0259vid\u0259 h\u0259ll etm\u0259y\u0259 ba\u015flad\u0131, d\u0259f\u0259l\u0259rl\u0259 din xadiml\u0259ri (y\u0259hudi, xristian, m\u00fcs\u0259lman) il\u0259 g\u00f6r\u00fc\u015fl\u0259r ke\u00e7irdi. Ulu \u00d6nd\u0259r bu bar\u0259d\u0259 \u00e7\u0131x\u0131\u015flar\u0131n\u0131n birind\u0259 qeyd edirdi: \u201cD\u00f6vl\u0259t, \u00f6lk\u0259 n\u0259 q\u0259d\u0259r \u00e7ox xalq\u0131 birl\u0259\u015fdirs\u0259, bir o q\u0259d\u0259r z\u0259ngin olur, \u00e7\u00fcnki bunlar\u0131n h\u0259r biri \u00fcmumd\u00fcnya m\u0259d\u0259niyy\u0259tin\u0259 v\u0259 sivilizasiyas\u0131na \u00f6z t\u00f6hf\u0259sini verir\u201d. M\u0259hz Onun d\u00f6vr\u00fcnd\u0259 dinl\u0259raras\u0131 dialoqla ba\u011fl\u0131 bir \u00e7ox beyn\u0259lxalq t\u0259dbirl\u0259r ba\u015f tutmu\u015f, multikultural siyas\u0259t \u00f6z\u00fcn\u00fcn pik h\u0259ddin\u0259 \u00e7atm\u0131\u015fd\u0131r.<\/p>\n<p>\u00dcmummilli Liderin siyasi kursunun davam\u00e7\u0131s\u0131 Az\u0259rbaycan Respublikas\u0131n\u0131n Prezidenti c\u0259nab \u0130lham \u018fliyev d\u0259 h\u0259min irsi ya\u015fad\u0131r. Bu g\u00fcn d\u00fcnyada tolerantl\u0131q \u00f6rn\u0259yi kimi tan\u0131nan Az\u0259rbaycan sivilizasiyalararas\u0131 dialoqun, beyn\u0259lxalq s\u00fclh v\u0259 t\u0259hl\u00fck\u0259sizliyin t\u0259min olunmas\u0131 istiqam\u0259tind\u0259 ard\u0131c\u0131l olaraq t\u0259\u015f\u0259bb\u00fcs v\u0259 \u00e7a\u011f\u0131r\u0131\u015flarla \u00e7\u0131x\u0131\u015f edir. Son ill\u0259r \u00f6lk\u0259mizd\u0259 beyn\u0259lxalq humanitar forumlar\u0131n, d\u00fcnya dini liderl\u0259rinin sammitl\u0259rinin ke\u00e7irilm\u0259si, Beyn\u0259lxalq Tolerantl\u0131q G\u00fcn\u00fcn\u00fcn y\u00fcks\u0259k s\u0259viyy\u0259d\u0259, ayr\u0131-ayr\u0131 konfessiyalar\u0131n n\u00fcmay\u0259nd\u0259l\u0259rinin i\u015ftirak\u0131 il\u0259 qeyd olunmas\u0131, b\u0259\u015f\u0259riyy\u0259ti narahat ed\u0259n qlobal probleml\u0259r \u0259traf\u0131nda birg\u0259 m\u00fczakir\u0259l\u0259rin apar\u0131lmas\u0131 bunun bariz n\u00fcmun\u0259sidir. Az\u0259rbaycan d\u00f6vl\u0259ti formala\u015fm\u0131\u015f din siyas\u0259tini t\u0259kc\u0259 daxild\u0259 h\u0259yata ke\u00e7irm\u0259kl\u0259 kifay\u0259tl\u0259nmir. Bel\u0259 ki, bu g\u00fcn Az\u0259rbaycan \u00f6z\u00fcn\u00fcn tolerantl\u0131q f\u0259ls\u0259f\u0259sini d\u00fcnyaya ixrac etm\u0259yi h\u0259d\u0259fl\u0259mi\u015fdir. Bu sah\u0259d\u0259 h\u00f6kum\u0259t multikulturalizm, dinl\u0259r v\u0259 m\u0259d\u0259niyy\u0259tl\u0259raras\u0131 dialoq sah\u0259sind\u0259 m\u00fcxt\u0259lif t\u0259r\u0259fl\u0259rin bir araya g\u0259lm\u0259si istiqam\u0259tind\u0259 \u00e7oxsayl\u0131 t\u0259dbirl\u0259r\u0259 &#8211; beyn\u0259lxalq v\u0259 regional konfranslar, forumlara ev sahibliyi edir.<\/p>\n<p>Bir s\u00f6zl\u0259, tarix\u0259n dinl\u0259rin v\u0259 m\u0259d\u0259niyy\u0259tl\u0259rin qov\u015fa\u011f\u0131 olmu\u015f \u00f6lk\u0259miz bu g\u00fcn d\u0259 eyni funksiyan\u0131 u\u011furla yerin\u0259 yetirir. \u00c7oxmill\u0259tli Az\u0259rbaycan art\u0131q d\u00fcnyan\u0131n n\u0259z\u0259rind\u0259 n\u00fcmun\u0259vi bir d\u00f6vl\u0259tdir. \u00d6lk\u0259miz d\u00fcnyan\u0131n multikulturalizm, tolerantl\u0131q, d\u00f6z\u00fcml\u00fcl\u00fck, humanitar \u0259m\u0259kda\u015fl\u0131q m\u0259rk\u0259zin\u0259 \u00e7evrilib v\u0259 bundan xalq\u0131m\u0131z da, d\u00f6vl\u0259timiz d\u0259 q\u00fcrur duyur. Prezident \u0130lham \u018fliyevin fikirl\u0259ri bunu dem\u0259y\u0259 \u0259sas verir: \u201cH\u0259r \u015feyin t\u0259m\u0259lind\u0259 c\u0259miyy\u0259tin \u00f6z m\u0259fkur\u0259si dayan\u0131r, bu, \u00e7ox b\u00f6y\u00fck d\u0259y\u0259rdir. El\u0259 bir d\u0259y\u0259rdir ki, onu qucaqlamaq ist\u0259yirs\u0259n, \u00f6pm\u0259k ist\u0259yirs\u0259n v\u0259 Tanr\u0131ya t\u0259\u015f\u0259kk\u00fcr\u00fcn\u00fc ifad\u0259 etm\u0259k ist\u0259yirs\u0259n ki, bunu s\u0259n\u0259 n\u0259sib edib v\u0259 biz bunu qorumal\u0131y\u0131q. Bizim h\u00fcququmuz yoxdur ki, bunu qorumayaq v\u0259 biz c\u0259miyy\u0259t olaraq, h\u00f6kum\u0259t olaraq bunu qoruyuruq, ya\u015fad\u0131r\u0131q\u201d.<\/p>\n<p><strong>Sevinc Azadi,\u00a0<\/strong><em>\u201c\u0130ki sahil\u201d<\/em><\/p>\n<div class=\"clearfix\"><\/div>\n<\/div>\n<div class=\"sharing my-2 row no-gutters d-print-none\"><\/div>\n<div class=\"d-none d-sm-block\"><\/div>\n<\/section>\n<section id=\"new_block_2\" class=\"mt-3 d-print-none\">\n<div class=\"row\">\n<div class=\"col-md-12\"><\/div>\n<\/div>\n<\/section>\n","protected":false},"excerpt":{"rendered":"<p>Multikulturalizm d\u00fcnyada v\u0259 ya h\u0259r hans\u0131 d\u00f6vl\u0259td\u0259 m\u0259d\u0259ni m\u00fcxt\u0259liflikl\u0259rin qorunub saxlan\u0131lmas\u0131na v\u0259 inki\u015faf\u0131na y\u00f6n\u0259lmi\u015f n\u0259z\u0259riyy\u0259, siyas\u0259tdir. Onun \u0259n m\u00fch\u00fcm \u00f6z\u0259lliyi assimilyasiyaya qar\u015f\u0131 olmas\u0131d\u0131r. Multikulturalizm v\u0259 tolerantl\u0131q h\u0259m d\u0259 c\u0259hal\u0259tin, irq\u00e7iliyin, ksenofobiyan\u0131n s\u00fcqutu, n\u0259tic\u0259 etibaril\u0259 c\u0259miyy\u0259td\u0259 \u0259min-amanl\u0131q, b\u0259\u015f\u0259riyy\u0259td\u0259 s\u00fclh dem\u0259kdir. M\u00fcxt\u0259lif siyasi, iqtisadi v\u0259 co\u011frafi \u015f\u0259raitl\u0259rd\u0259 ya\u015fayan xalqlar\u0131n \u0259dal\u0259t\u0259 \u00e7\u0131x\u0131\u015f\u0131 da \u00e7oxm\u0259d\u0259niyy\u0259tliliyin t\u0259min edilm\u0259sind\u0259n as\u0131l\u0131d\u0131r. \u00c7\u00fcnki multikulturalizmin olmas\u0131 c\u0259miyy\u0259td\u0259 b\u0259rab\u0259rliyin, demokratiyan\u0131n, t\u0259r\u0259qqinin, sosial rifah\u0131n, ba\u015fqa s\u00f6zl\u0259, \u0259dal\u0259tin b\u0259rq\u0259rar\u0131 dem\u0259kdir. \u00c7oxm\u0259d\u0259niyy\u0259tlilik ideyas\u0131n\u0131n bu v\u0259 ya dig\u0259r c\u0259miyy\u0259td\u0259 davaml\u0131 olmas\u0131 \u00fc\u00e7\u00fcn \u0259n z\u0259ruri amil h\u0259min c\u0259miyy\u0259t \u00fczvl\u0259ri aras\u0131nda qar\u015f\u0131l\u0131ql\u0131 d\u00f6z\u00fcml\u00fcl\u00fck &#8211; tolerantl\u0131q hissinin&hellip;<\/p>\n","protected":false},"author":2,"featured_media":739355,"comment_status":"closed","ping_status":"closed","sticky":false,"template":"","format":"standard","meta":{"om_disable_all_campaigns":false,"_monsterinsights_skip_tracking":false,"_monsterinsights_sitenote_active":false,"_monsterinsights_sitenote_note":"","_monsterinsights_sitenote_category":0},"categories":[19],"tags":[],"aioseo_notices":[],"gutentor_comment":0,"rttpg_featured_image_url":{"full":["https:\/\/arantv.az\/wp-content\/uploads\/2024\/07\/ce758408172165016896205589510748633.jpg",975,540,false],"landscape":["https:\/\/arantv.az\/wp-content\/uploads\/2024\/07\/ce758408172165016896205589510748633.jpg",975,540,false],"portraits":["https:\/\/arantv.az\/wp-content\/uploads\/2024\/07\/ce758408172165016896205589510748633.jpg",975,540,false],"thumbnail":["https:\/\/arantv.az\/wp-content\/uploads\/2024\/07\/ce758408172165016896205589510748633-500x280.jpg",500,280,true],"medium":["https:\/\/arantv.az\/wp-content\/uploads\/2024\/07\/ce758408172165016896205589510748633-660x365.jpg",660,365,true],"large":["https:\/\/arantv.az\/wp-content\/uploads\/2024\/07\/ce758408172165016896205589510748633-840x465.jpg",640,354,true],"1536x1536":["https:\/\/arantv.az\/wp-content\/uploads\/2024\/07\/ce758408172165016896205589510748633.jpg",975,540,false],"2048x2048":["https:\/\/arantv.az\/wp-content\/uploads\/2024\/07\/ce758408172165016896205589510748633.jpg",975,540,false],"post-thumbnail":["https:\/\/arantv.az\/wp-content\/uploads\/2024\/07\/ce758408172165016896205589510748633-240x172.jpg",240,172,true],"advps-thumb-one":["https:\/\/arantv.az\/wp-content\/uploads\/2024\/07\/ce758408172165016896205589510748633.jpg",975,540,false]},"rttpg_author":{"display_name":"V\u00fcsal Rafiqo\u011flu","author_link":"https:\/\/arantv.az\/?author=2"},"rttpg_comment":0,"rttpg_category":"<a href=\"https:\/\/arantv.az\/?cat=19\" rel=\"category\">G\u00fcnd\u0259m<\/a>","rttpg_excerpt":"Multikulturalizm d\u00fcnyada v\u0259 ya h\u0259r hans\u0131 d\u00f6vl\u0259td\u0259 m\u0259d\u0259ni m\u00fcxt\u0259liflikl\u0259rin qorunub saxlan\u0131lmas\u0131na v\u0259 inki\u015faf\u0131na y\u00f6n\u0259lmi\u015f n\u0259z\u0259riyy\u0259, siyas\u0259tdir. Onun \u0259n m\u00fch\u00fcm \u00f6z\u0259lliyi assimilyasiyaya qar\u015f\u0131 olmas\u0131d\u0131r. Multikulturalizm v\u0259 tolerantl\u0131q h\u0259m d\u0259 c\u0259hal\u0259tin, irq\u00e7iliyin, ksenofobiyan\u0131n s\u00fcqutu, n\u0259tic\u0259 etibaril\u0259 c\u0259miyy\u0259td\u0259 \u0259min-amanl\u0131q, b\u0259\u015f\u0259riyy\u0259td\u0259 s\u00fclh dem\u0259kdir. M\u00fcxt\u0259lif siyasi, iqtisadi v\u0259 co\u011frafi \u015f\u0259raitl\u0259rd\u0259 ya\u015fayan xalqlar\u0131n \u0259dal\u0259t\u0259 \u00e7\u0131x\u0131\u015f\u0131 da \u00e7oxm\u0259d\u0259niyy\u0259tliliyin t\u0259min edilm\u0259sind\u0259n as\u0131l\u0131d\u0131r. \u00c7\u00fcnki&hellip;","_links":{"self":[{"href":"https:\/\/arantv.az\/index.php?rest_route=\/wp\/v2\/posts\/739354"}],"collection":[{"href":"https:\/\/arantv.az\/index.php?rest_route=\/wp\/v2\/posts"}],"about":[{"href":"https:\/\/arantv.az\/index.php?rest_route=\/wp\/v2\/types\/post"}],"author":[{"embeddable":true,"href":"https:\/\/arantv.az\/index.php?rest_route=\/wp\/v2\/users\/2"}],"replies":[{"embeddable":true,"href":"https:\/\/arantv.az\/index.php?rest_route=%2Fwp%2Fv2%2Fcomments&post=739354"}],"version-history":[{"count":1,"href":"https:\/\/arantv.az\/index.php?rest_route=\/wp\/v2\/posts\/739354\/revisions"}],"predecessor-version":[{"id":739356,"href":"https:\/\/arantv.az\/index.php?rest_route=\/wp\/v2\/posts\/739354\/revisions\/739356"}],"wp:featuredmedia":[{"embeddable":true,"href":"https:\/\/arantv.az\/index.php?rest_route=\/wp\/v2\/media\/739355"}],"wp:attachment":[{"href":"https:\/\/arantv.az\/index.php?rest_route=%2Fwp%2Fv2%2Fmedia&parent=739354"}],"wp:term":[{"taxonomy":"category","embeddable":true,"href":"https:\/\/arantv.az\/index.php?rest_route=%2Fwp%2Fv2%2Fcategories&post=739354"},{"taxonomy":"post_tag","embeddable":true,"href":"https:\/\/arantv.az\/index.php?rest_route=%2Fwp%2Fv2%2Ftags&post=739354"}],"curies":[{"name":"wp","href":"https:\/\/api.w.org\/{rel}","templated":true}]}}