{"id":739442,"date":"2024-07-23T16:44:21","date_gmt":"2024-07-23T12:44:21","guid":{"rendered":"https:\/\/arantv.az\/?p=739442"},"modified":"2024-07-23T16:44:21","modified_gmt":"2024-07-23T12:44:21","slug":"h%c9%99rbi-prokurorluq-h%c9%99rbcil%c9%99rl%c9%99-birlikd%c9%99-yevlaxda-t%c9%99dbir-keciribfoto","status":"publish","type":"post","link":"https:\/\/arantv.az\/?p=739442","title":{"rendered":"H\u0259rbi Prokurorluq h\u0259rb\u00e7il\u0259rl\u0259 birlikd\u0259 Yevlaxda t\u0259dbir ke\u00e7iribFOTO"},"content":{"rendered":"<div class=\"text-content\" data-id=\"\" data-url=\"\">\n<p>Az\u0259rbaycan xalq\u0131n\u0131n \u00dcmummilli Lideri Heyd\u0259r \u018fliyevin birinci d\u0259f\u0259 hakimiyy\u0259t\u0259 g\u0259li\u015finin 55 illiyi m\u00fcnasib\u0259til\u0259 v\u0259 \u00f6lk\u0259mizd\u0259 2024-c\u00fc ilin \u201cYa\u015f\u0131l d\u00fcnya namin\u0259 h\u0259mr\u0259ylik ili\u201d \u00e7\u0259r\u00e7iv\u0259sind\u0259 H\u0259rbi Prokurorlu\u011fun r\u0259hb\u0259r v\u0259zif\u0259li \u015f\u0259xsl\u0259ri v\u0259 M\u00fcdafi\u0259 Nazirliyinin y\u00fcks\u0259kr\u00fctb\u0259li h\u0259rbi qulluq\u00e7ular\u0131 birg\u0259 t\u0259dbir ke\u00e7iribl\u0259r.<\/p>\n<p>H\u0259rbi Prokurorlu\u011fun m\u0259tbuat xidm\u0259tind\u0259n Musavat.com-a bildirilib ki, Yevlaxda yerl\u0259\u015f\u0259n h\u0259rbi hiss\u0259l\u0259rd\u0259n birind\u0259 t\u0259\u015fkil edil\u0259n t\u0259dbird\u0259 \u0259vv\u0259lc\u0259 \u00dcmummilli Lider Heyd\u0259r \u018fliyevin v\u0259 \u015f\u0259hidl\u0259rimizin \u0259ziz xatir\u0259si bir d\u0259qiq\u0259lik s\u00fckutla yad olunub.<\/p>\n<p>T\u0259dbird\u0259 general-mayor Bilal \u00c7ompuzov, h\u0259rbi prokurorun b\u00f6y\u00fck k\u00f6m\u0259k\u00e7isi &#8211; H\u0259rbi Prokurorlu\u011fun m\u0259tbuat xidm\u0259tinin r\u0259hb\u0259ri, ba\u015f \u0259dliyy\u0259 m\u00fc\u015faviri Firad \u018fliyev, h\u0259rbi prokurorun b\u00f6y\u00fck k\u00f6m\u0259k\u00e7isi, \u0259dliyy\u0259 m\u00fc\u015faviri \u0130smay\u0131l \u018fliyev, T\u0259rt\u0259r h\u0259rbi prokuroru, \u0259dliyy\u0259 polkovniki Emin V\u0259liyev v\u0259 ba\u015fqalar\u0131 \u00e7\u0131x\u0131\u015f edibl\u0259r.<\/p>\n<p>Onlar \u00e7\u0131x\u0131\u015flar\u0131nda \u00dcmummilli Lider Heyd\u0259r \u018fliyevin xalq\u0131m\u0131z v\u0259 d\u00f6vl\u0259timiz qar\u015f\u0131s\u0131ndak\u0131 m\u00fcst\u0259sna xidm\u0259tl\u0259rind\u0259n b\u0259hs edibl\u0259r. \u00c7\u0131x\u0131\u015f\u00e7\u0131lar, eyni zamanda, Ulu \u00d6nd\u0259rin Az\u0259rbaycan\u0131n parlaq g\u0259l\u0259c\u0259yin\u0259 hesablanan m\u00fck\u0259mm\u0259l siyas\u0259tini yeni m\u00fcst\u0259vid\u0259 d\u00f6vr\u00fcn t\u0259l\u0259bl\u0259rin\u0259 uy\u011fun \u015f\u0259kild\u0259 u\u011furla davam etdir\u0259n Prezident \u0130lham \u018fliyevin r\u0259hb\u0259rliyi il\u0259 son 20 il \u0259rzind\u0259 \u00f6lk\u0259mizd\u0259 h\u0259yata ke\u00e7iril\u0259n k\u00f6kl\u00fc islahatlardan, b\u00fct\u00fcn sah\u0259l\u0259rd\u0259 qazan\u0131lan nailiyy\u0259tl\u0259rd\u0259n, o c\u00fcml\u0259d\u0259n q\u00fcdr\u0259tli Silahl\u0131 Q\u00fcvv\u0259l\u0259rimizin formala\u015fd\u0131r\u0131lmas\u0131ndan, el\u0259c\u0259 d\u0259 \u0259traf m\u00fchitin daha da sa\u011flamla\u015fd\u0131r\u0131lmas\u0131ndan v\u0259 etibarl\u0131 qorunmas\u0131ndan dan\u0131\u015f\u0131blar.<\/p>\n<p>Daha sonra \u0259traf m\u00fchitin m\u00fchafiz\u0259si haqq\u0131nda qanunvericiliyin t\u0259l\u0259bl\u0259rind\u0259n, h\u00fcquq v\u0259 v\u0259zif\u0259l\u0259rd\u0259n, h\u0259m\u00e7inin ekoloji qanun pozuntular\u0131ndan, ekoloji cinay\u0259tl\u0259rd\u0259n v\u0259 m\u0259suliyy\u0259td\u0259n dan\u0131\u015f\u0131l\u0131b. Bundan \u0259lav\u0259, h\u00fcquqi maarifl\u0259ndirici m\u0259zmunlu \u00e7\u0131x\u0131\u015flar olub, h\u0259rbi qulluq\u00e7ular\u0131 maraqland\u0131ran suallar cavabland\u0131r\u0131l\u0131b, el\u0259c\u0259 d\u0259 onlar\u0131n qay\u011f\u0131 v\u0259 probleml\u0259ri il\u0259 maraqlan\u0131l\u0131b.<\/p>\n<p>Sonda birg\u0259 a\u011faclar \u0259kilib.<\/p>\n<\/div>\n<div>\n<div class=\"form-group\"><img class=\"img-responsive\" src=\"https:\/\/cdn.musavat.com\/news\/images\/NewFolder%203\/17217360724696918998_1200x630.jpg\" \/><\/div>\n<div class=\"form-group\"><img class=\"img-responsive\" src=\"https:\/\/cdn.musavat.com\/news\/images\/NewFolder%203\/17217360725699915925_1200x630.jpg\" \/><\/div>\n<div class=\"form-group\"><img class=\"img-responsive\" src=\"https:\/\/cdn.musavat.com\/news\/images\/NewFolder%203\/17217360724355632593_1200x630.jpg\" \/><\/div>\n<div class=\"form-group\"><img class=\"img-responsive\" src=\"https:\/\/cdn.musavat.com\/news\/images\/NewFolder%203\/1721736072350720048_1200x630.jpg\" \/><\/div>\n<div class=\"form-group\"><img class=\"img-responsive\" src=\"https:\/\/cdn.musavat.com\/news\/images\/NewFolder%203\/17217360721074023513_1200x630.jpg\" \/><\/div>\n<div class=\"form-group\"><img class=\"img-responsive\" src=\"https:\/\/cdn.musavat.com\/news\/images\/NewFolder%203\/172173607252991616_1200x630.jpg\" \/><\/div>\n<div class=\"form-group\"><img class=\"img-responsive\" src=\"https:\/\/cdn.musavat.com\/news\/images\/NewFolder%203\/17217360726093213693_1200x630.jpg\" \/><\/div>\n<div class=\"form-group\"><img class=\"img-responsive\" src=\"https:\/\/cdn.musavat.com\/news\/images\/NewFolder%203\/17217360723395051866_1200x630.jpg\" \/><\/div>\n<div class=\"form-group\"><img class=\"img-responsive\" src=\"https:\/\/cdn.musavat.com\/news\/images\/NewFolder%203\/17217360723451651381_1200x630.jpg\" \/><\/div>\n<div class=\"form-group\"><img class=\"img-responsive\" src=\"https:\/\/cdn.musavat.com\/news\/images\/NewFolder%203\/17217360725934718127_1200x630.jpg\" \/><\/div>\n<div class=\"form-group\"><img class=\"img-responsive\" src=\"https:\/\/cdn.musavat.com\/news\/images\/NewFolder%203\/1721736072556543458_1200x630.jpg\" \/><\/div>\n<\/div>\n","protected":false},"excerpt":{"rendered":"<p>Az\u0259rbaycan xalq\u0131n\u0131n \u00dcmummilli Lideri Heyd\u0259r \u018fliyevin birinci d\u0259f\u0259 hakimiyy\u0259t\u0259 g\u0259li\u015finin 55 illiyi m\u00fcnasib\u0259til\u0259 v\u0259 \u00f6lk\u0259mizd\u0259 2024-c\u00fc ilin \u201cYa\u015f\u0131l d\u00fcnya namin\u0259 h\u0259mr\u0259ylik ili\u201d \u00e7\u0259r\u00e7iv\u0259sind\u0259 H\u0259rbi Prokurorlu\u011fun r\u0259hb\u0259r v\u0259zif\u0259li \u015f\u0259xsl\u0259ri v\u0259 M\u00fcdafi\u0259 Nazirliyinin y\u00fcks\u0259kr\u00fctb\u0259li h\u0259rbi qulluq\u00e7ular\u0131 birg\u0259 t\u0259dbir ke\u00e7iribl\u0259r. H\u0259rbi Prokurorlu\u011fun m\u0259tbuat xidm\u0259tind\u0259n Musavat.com-a bildirilib ki, Yevlaxda yerl\u0259\u015f\u0259n h\u0259rbi hiss\u0259l\u0259rd\u0259n birind\u0259 t\u0259\u015fkil edil\u0259n t\u0259dbird\u0259 \u0259vv\u0259lc\u0259 \u00dcmummilli Lider Heyd\u0259r \u018fliyevin v\u0259 \u015f\u0259hidl\u0259rimizin \u0259ziz xatir\u0259si bir d\u0259qiq\u0259lik s\u00fckutla yad olunub. T\u0259dbird\u0259 general-mayor Bilal \u00c7ompuzov, h\u0259rbi prokurorun b\u00f6y\u00fck k\u00f6m\u0259k\u00e7isi &#8211; H\u0259rbi Prokurorlu\u011fun m\u0259tbuat xidm\u0259tinin r\u0259hb\u0259ri, ba\u015f \u0259dliyy\u0259 m\u00fc\u015faviri Firad \u018fliyev, h\u0259rbi prokurorun b\u00f6y\u00fck k\u00f6m\u0259k\u00e7isi, \u0259dliyy\u0259&hellip;<\/p>\n","protected":false},"author":2,"featured_media":739443,"comment_status":"closed","ping_status":"closed","sticky":false,"template":"","format":"standard","meta":{"om_disable_all_campaigns":false,"_monsterinsights_skip_tracking":false,"_monsterinsights_sitenote_active":false,"_monsterinsights_sitenote_note":"","_monsterinsights_sitenote_category":0},"categories":[1],"tags":[],"aioseo_notices":[],"gutentor_comment":0,"rttpg_featured_image_url":{"full":["https:\/\/arantv.az\/wp-content\/uploads\/2024\/07\/023a57e84e09826b9c2a4ad6c9c0d805.jpg",870,500,false],"landscape":["https:\/\/arantv.az\/wp-content\/uploads\/2024\/07\/023a57e84e09826b9c2a4ad6c9c0d805.jpg",870,500,false],"portraits":["https:\/\/arantv.az\/wp-content\/uploads\/2024\/07\/023a57e84e09826b9c2a4ad6c9c0d805.jpg",870,500,false],"thumbnail":["https:\/\/arantv.az\/wp-content\/uploads\/2024\/07\/023a57e84e09826b9c2a4ad6c9c0d805-500x280.jpg",500,280,true],"medium":["https:\/\/arantv.az\/wp-content\/uploads\/2024\/07\/023a57e84e09826b9c2a4ad6c9c0d805-635x365.jpg",635,365,true],"large":["https:\/\/arantv.az\/wp-content\/uploads\/2024\/07\/023a57e84e09826b9c2a4ad6c9c0d805-840x483.jpg",640,368,true],"1536x1536":["https:\/\/arantv.az\/wp-content\/uploads\/2024\/07\/023a57e84e09826b9c2a4ad6c9c0d805.jpg",870,500,false],"2048x2048":["https:\/\/arantv.az\/wp-content\/uploads\/2024\/07\/023a57e84e09826b9c2a4ad6c9c0d805.jpg",870,500,false],"post-thumbnail":["https:\/\/arantv.az\/wp-content\/uploads\/2024\/07\/023a57e84e09826b9c2a4ad6c9c0d805-240x172.jpg",240,172,true],"advps-thumb-one":["https:\/\/arantv.az\/wp-content\/uploads\/2024\/07\/023a57e84e09826b9c2a4ad6c9c0d805.jpg",870,500,false]},"rttpg_author":{"display_name":"V\u00fcsal Rafiqo\u011flu","author_link":"https:\/\/arantv.az\/?author=2"},"rttpg_comment":0,"rttpg_category":"<a href=\"https:\/\/arantv.az\/?cat=1\" rel=\"category\">C\u0259miyy\u0259t<\/a>","rttpg_excerpt":"Az\u0259rbaycan xalq\u0131n\u0131n \u00dcmummilli Lideri Heyd\u0259r \u018fliyevin birinci d\u0259f\u0259 hakimiyy\u0259t\u0259 g\u0259li\u015finin 55 illiyi m\u00fcnasib\u0259til\u0259 v\u0259 \u00f6lk\u0259mizd\u0259 2024-c\u00fc ilin \u201cYa\u015f\u0131l d\u00fcnya namin\u0259 h\u0259mr\u0259ylik ili\u201d \u00e7\u0259r\u00e7iv\u0259sind\u0259 H\u0259rbi Prokurorlu\u011fun r\u0259hb\u0259r v\u0259zif\u0259li \u015f\u0259xsl\u0259ri v\u0259 M\u00fcdafi\u0259 Nazirliyinin y\u00fcks\u0259kr\u00fctb\u0259li h\u0259rbi qulluq\u00e7ular\u0131 birg\u0259 t\u0259dbir ke\u00e7iribl\u0259r. H\u0259rbi Prokurorlu\u011fun m\u0259tbuat xidm\u0259tind\u0259n Musavat.com-a bildirilib ki, Yevlaxda yerl\u0259\u015f\u0259n h\u0259rbi hiss\u0259l\u0259rd\u0259n birind\u0259 t\u0259\u015fkil edil\u0259n t\u0259dbird\u0259 \u0259vv\u0259lc\u0259 \u00dcmummilli Lider&hellip;","_links":{"self":[{"href":"https:\/\/arantv.az\/index.php?rest_route=\/wp\/v2\/posts\/739442"}],"collection":[{"href":"https:\/\/arantv.az\/index.php?rest_route=\/wp\/v2\/posts"}],"about":[{"href":"https:\/\/arantv.az\/index.php?rest_route=\/wp\/v2\/types\/post"}],"author":[{"embeddable":true,"href":"https:\/\/arantv.az\/index.php?rest_route=\/wp\/v2\/users\/2"}],"replies":[{"embeddable":true,"href":"https:\/\/arantv.az\/index.php?rest_route=%2Fwp%2Fv2%2Fcomments&post=739442"}],"version-history":[{"count":1,"href":"https:\/\/arantv.az\/index.php?rest_route=\/wp\/v2\/posts\/739442\/revisions"}],"predecessor-version":[{"id":739444,"href":"https:\/\/arantv.az\/index.php?rest_route=\/wp\/v2\/posts\/739442\/revisions\/739444"}],"wp:featuredmedia":[{"embeddable":true,"href":"https:\/\/arantv.az\/index.php?rest_route=\/wp\/v2\/media\/739443"}],"wp:attachment":[{"href":"https:\/\/arantv.az\/index.php?rest_route=%2Fwp%2Fv2%2Fmedia&parent=739442"}],"wp:term":[{"taxonomy":"category","embeddable":true,"href":"https:\/\/arantv.az\/index.php?rest_route=%2Fwp%2Fv2%2Fcategories&post=739442"},{"taxonomy":"post_tag","embeddable":true,"href":"https:\/\/arantv.az\/index.php?rest_route=%2Fwp%2Fv2%2Ftags&post=739442"}],"curies":[{"name":"wp","href":"https:\/\/api.w.org\/{rel}","templated":true}]}}