{"id":739451,"date":"2024-07-23T16:47:12","date_gmt":"2024-07-23T12:47:12","guid":{"rendered":"https:\/\/arantv.az\/?p=739451"},"modified":"2024-07-23T16:47:12","modified_gmt":"2024-07-23T12:47:12","slug":"baba-v%c9%99ziroglu-agadadasdan-danisdi-v%c9%99ziyy%c9%99t-o-h%c9%99dd%c9%99-catib-ki","status":"publish","type":"post","link":"https:\/\/arantv.az\/?p=739451","title":{"rendered":"Baba V\u0259ziro\u011flu A\u011fadada\u015fdan DANI\u015eDI: &#8220;V\u0259ziyy\u0259t o h\u0259dd\u0259 \u00e7at\u0131b ki&#8230;&#8221;"},"content":{"rendered":"<p>X\u0259b\u0259r verdiyimiz kimi,\u00a0Xalq artisti A\u011fadada\u015f A\u011fayev Bin\u0259q\u0259di rayonu \u0259razisind\u0259 yerl\u0259\u015f\u0259n \u00f6z\u0259l tibb m\u00fc\u0259ssis\u0259sinin g\u00f6z\u0259t\u00e7isiyl\u0259 m\u00fcbahis\u0259 edib. M\u00fcbahis\u0259 zaman\u0131\u0131 m\u00fc\u011f\u0259nni \u0259lind\u0259ki baltan\u0131 ona t\u0259r\u0259f at\u0131b. H\u0259d\u0259fd\u0259n yay\u0131nan balta yax\u0131nl\u0131qda olan qad\u0131n\u0131n aya\u011f\u0131na d\u0259yib.<\/p>\n<p>Musavat.com\u00a0bildirir ki, m\u0259s\u0259l\u0259 il\u0259 ba\u011fl\u0131\u00a0Bakupost.az\u00a0-\u0131n \u0259m\u0259kda\u015f\u0131 A.A\u011fayevin yax\u0131n dostu,\u00a0\u015fair Baba V\u0259ziro\u011fluyla \u0259laq\u0259 saxlay\u0131b.<\/p>\n<p>B.V\u0259ziro\u011flu ba\u015f ver\u0259n hadis\u0259y\u0259 g\u00f6r\u0259 t\u0259\u0259ss\u00fcfl\u0259ndiyini bildirib:<\/p>\n<p>&#8220;Hadis\u0259d\u0259n x\u0259b\u0259rsiz\u0259m. \u00dcmid edir\u0259m, yalan olar. D\u00fczd\u00fcr, A\u011fadada\u015f m\u00fc\u0259llim Bin\u0259q\u0259di \u0259razisind\u0259 ya\u015fay\u0131r, bu hadis\u0259y\u0259 inanma\u011f\u0131m da g\u0259lmir. O, x\u0259st\u0259liyin\u0259 g\u00f6r\u0259 he\u00e7 i\u00e7ki d\u0259 i\u00e7mir. Bunu ondan he\u00e7 g\u00f6zl\u0259mir\u0259m v\u0259 inanma\u011f\u0131m g\u0259lmir. G\u00f6r\u00fcn v\u0259ziyy\u0259t hans\u0131 h\u0259dd\u0259 \u00e7at\u0131b ki, bu, ba\u015f verib. A\u011fadada\u015f da\u011f s\u0259birli adamd\u0131r&#8221;.<\/p>\n","protected":false},"excerpt":{"rendered":"<p>X\u0259b\u0259r verdiyimiz kimi,\u00a0Xalq artisti A\u011fadada\u015f A\u011fayev Bin\u0259q\u0259di rayonu \u0259razisind\u0259 yerl\u0259\u015f\u0259n \u00f6z\u0259l tibb m\u00fc\u0259ssis\u0259sinin g\u00f6z\u0259t\u00e7isiyl\u0259 m\u00fcbahis\u0259 edib. M\u00fcbahis\u0259 zaman\u0131\u0131 m\u00fc\u011f\u0259nni \u0259lind\u0259ki baltan\u0131 ona t\u0259r\u0259f at\u0131b. H\u0259d\u0259fd\u0259n yay\u0131nan balta yax\u0131nl\u0131qda olan qad\u0131n\u0131n aya\u011f\u0131na d\u0259yib. Musavat.com\u00a0bildirir ki, m\u0259s\u0259l\u0259 il\u0259 ba\u011fl\u0131\u00a0Bakupost.az\u00a0-\u0131n \u0259m\u0259kda\u015f\u0131 A.A\u011fayevin yax\u0131n dostu,\u00a0\u015fair Baba V\u0259ziro\u011fluyla \u0259laq\u0259 saxlay\u0131b. B.V\u0259ziro\u011flu ba\u015f ver\u0259n hadis\u0259y\u0259 g\u00f6r\u0259 t\u0259\u0259ss\u00fcfl\u0259ndiyini bildirib: &#8220;Hadis\u0259d\u0259n x\u0259b\u0259rsiz\u0259m. \u00dcmid edir\u0259m, yalan olar. D\u00fczd\u00fcr, A\u011fadada\u015f m\u00fc\u0259llim Bin\u0259q\u0259di \u0259razisind\u0259 ya\u015fay\u0131r, bu hadis\u0259y\u0259 inanma\u011f\u0131m da g\u0259lmir. O, x\u0259st\u0259liyin\u0259 g\u00f6r\u0259 he\u00e7 i\u00e7ki d\u0259 i\u00e7mir. Bunu ondan he\u00e7 g\u00f6zl\u0259mir\u0259m v\u0259 inanma\u011f\u0131m g\u0259lmir. G\u00f6r\u00fcn v\u0259ziyy\u0259t hans\u0131 h\u0259dd\u0259 \u00e7at\u0131b ki, bu,&hellip;<\/p>\n","protected":false},"author":2,"featured_media":739452,"comment_status":"closed","ping_status":"closed","sticky":false,"template":"","format":"standard","meta":{"om_disable_all_campaigns":false,"_monsterinsights_skip_tracking":false,"_monsterinsights_sitenote_active":false,"_monsterinsights_sitenote_note":"","_monsterinsights_sitenote_category":0},"categories":[19],"tags":[],"aioseo_notices":[],"gutentor_comment":0,"rttpg_featured_image_url":{"full":["https:\/\/arantv.az\/wp-content\/uploads\/2024\/07\/d35ac59f989111bce0dcc47fc666307c.jpg",482,361,false],"landscape":["https:\/\/arantv.az\/wp-content\/uploads\/2024\/07\/d35ac59f989111bce0dcc47fc666307c.jpg",482,361,false],"portraits":["https:\/\/arantv.az\/wp-content\/uploads\/2024\/07\/d35ac59f989111bce0dcc47fc666307c.jpg",482,361,false],"thumbnail":["https:\/\/arantv.az\/wp-content\/uploads\/2024\/07\/d35ac59f989111bce0dcc47fc666307c-482x280.jpg",482,280,true],"medium":["https:\/\/arantv.az\/wp-content\/uploads\/2024\/07\/d35ac59f989111bce0dcc47fc666307c.jpg",482,361,false],"large":["https:\/\/arantv.az\/wp-content\/uploads\/2024\/07\/d35ac59f989111bce0dcc47fc666307c.jpg",482,361,false],"1536x1536":["https:\/\/arantv.az\/wp-content\/uploads\/2024\/07\/d35ac59f989111bce0dcc47fc666307c.jpg",482,361,false],"2048x2048":["https:\/\/arantv.az\/wp-content\/uploads\/2024\/07\/d35ac59f989111bce0dcc47fc666307c.jpg",482,361,false],"post-thumbnail":["https:\/\/arantv.az\/wp-content\/uploads\/2024\/07\/d35ac59f989111bce0dcc47fc666307c-240x172.jpg",240,172,true],"advps-thumb-one":["https:\/\/arantv.az\/wp-content\/uploads\/2024\/07\/d35ac59f989111bce0dcc47fc666307c.jpg",482,361,false]},"rttpg_author":{"display_name":"V\u00fcsal Rafiqo\u011flu","author_link":"https:\/\/arantv.az\/?author=2"},"rttpg_comment":0,"rttpg_category":"<a href=\"https:\/\/arantv.az\/?cat=19\" rel=\"category\">G\u00fcnd\u0259m<\/a>","rttpg_excerpt":"X\u0259b\u0259r verdiyimiz kimi,\u00a0Xalq artisti A\u011fadada\u015f A\u011fayev Bin\u0259q\u0259di rayonu \u0259razisind\u0259 yerl\u0259\u015f\u0259n \u00f6z\u0259l tibb m\u00fc\u0259ssis\u0259sinin g\u00f6z\u0259t\u00e7isiyl\u0259 m\u00fcbahis\u0259 edib. M\u00fcbahis\u0259 zaman\u0131\u0131 m\u00fc\u011f\u0259nni \u0259lind\u0259ki baltan\u0131 ona t\u0259r\u0259f at\u0131b. H\u0259d\u0259fd\u0259n yay\u0131nan balta yax\u0131nl\u0131qda olan qad\u0131n\u0131n aya\u011f\u0131na d\u0259yib. Musavat.com\u00a0bildirir ki, m\u0259s\u0259l\u0259 il\u0259 ba\u011fl\u0131\u00a0Bakupost.az\u00a0-\u0131n \u0259m\u0259kda\u015f\u0131 A.A\u011fayevin yax\u0131n dostu,\u00a0\u015fair Baba V\u0259ziro\u011fluyla \u0259laq\u0259 saxlay\u0131b. B.V\u0259ziro\u011flu ba\u015f ver\u0259n hadis\u0259y\u0259 g\u00f6r\u0259 t\u0259\u0259ss\u00fcfl\u0259ndiyini bildirib: &#8220;Hadis\u0259d\u0259n x\u0259b\u0259rsiz\u0259m. \u00dcmid&hellip;","_links":{"self":[{"href":"https:\/\/arantv.az\/index.php?rest_route=\/wp\/v2\/posts\/739451"}],"collection":[{"href":"https:\/\/arantv.az\/index.php?rest_route=\/wp\/v2\/posts"}],"about":[{"href":"https:\/\/arantv.az\/index.php?rest_route=\/wp\/v2\/types\/post"}],"author":[{"embeddable":true,"href":"https:\/\/arantv.az\/index.php?rest_route=\/wp\/v2\/users\/2"}],"replies":[{"embeddable":true,"href":"https:\/\/arantv.az\/index.php?rest_route=%2Fwp%2Fv2%2Fcomments&post=739451"}],"version-history":[{"count":2,"href":"https:\/\/arantv.az\/index.php?rest_route=\/wp\/v2\/posts\/739451\/revisions"}],"predecessor-version":[{"id":739454,"href":"https:\/\/arantv.az\/index.php?rest_route=\/wp\/v2\/posts\/739451\/revisions\/739454"}],"wp:featuredmedia":[{"embeddable":true,"href":"https:\/\/arantv.az\/index.php?rest_route=\/wp\/v2\/media\/739452"}],"wp:attachment":[{"href":"https:\/\/arantv.az\/index.php?rest_route=%2Fwp%2Fv2%2Fmedia&parent=739451"}],"wp:term":[{"taxonomy":"category","embeddable":true,"href":"https:\/\/arantv.az\/index.php?rest_route=%2Fwp%2Fv2%2Fcategories&post=739451"},{"taxonomy":"post_tag","embeddable":true,"href":"https:\/\/arantv.az\/index.php?rest_route=%2Fwp%2Fv2%2Ftags&post=739451"}],"curies":[{"name":"wp","href":"https:\/\/api.w.org\/{rel}","templated":true}]}}