{"id":739468,"date":"2024-07-23T17:00:06","date_gmt":"2024-07-23T13:00:06","guid":{"rendered":"https:\/\/arantv.az\/?p=739468"},"modified":"2024-07-23T17:00:06","modified_gmt":"2024-07-23T13:00:06","slug":"ilham-%c9%99liyevd%c9%99n-dim-l%c9%99-bagli-f%c9%99rman","status":"publish","type":"post","link":"https:\/\/arantv.az\/?p=739468","title":{"rendered":"\u0130lham \u018fliyevd\u0259n D\u0130M-l\u0259 ba\u011fl\u0131 F\u018fRMAN"},"content":{"rendered":"<p>D\u00f6vl\u0259t \u0130mtahan M\u0259rk\u0259zinin (D\u0130M) f\u0259aliyy\u0259tinin t\u0259kmill\u0259\u015fdirilm\u0259si v\u0259 &#8220;Az\u0259rbaycan Respublikas\u0131n\u0131n D\u00f6vl\u0259t \u0130mtahan M\u0259rk\u0259zi publik h\u00fcquqi \u015f\u0259xsin yarad\u0131lmas\u0131 haqq\u0131nda&#8221; Az\u0259rbaycan Respublikas\u0131 Prezidentinin 2016-c\u0131 il 11 aprel tarixli 860 n\u00f6mr\u0259li F\u0259rman\u0131nda d\u0259yi\u015fiklik edilib.<\/p>\n<p><a href=\"https:\/\/president.az\/az\/articles\/view\/66544\" target=\"_blank\" rel=\"nofollow noopener\"><strong>President.az<\/strong><\/a>\u00a0x\u0259b\u0259r verir ki, bununla ba\u011fl\u0131 Prezident\u00a0<strong>\u0130lham \u018fliyev<\/strong>\u00a0yeni f\u0259rman imzalay\u0131b.<\/p>\n<p>F\u0259rmanla m\u00fc\u0259yy\u0259n edilir ki, Az\u0259rbaycan Respublikas\u0131 D\u00f6vl\u0259t \u0130mtahan M\u0259rk\u0259zinin f\u0259aliyy\u0259tin\u0259 \u00fcmumi r\u0259hb\u0259rliyi v\u0259 n\u0259zar\u0259ti h\u0259yata ke\u00e7irm\u0259k \u00fc\u00e7\u00fcn s\u0259dr d\u0259 daxil olmaqla be\u015f \u00fczvd\u0259n ibar\u0259t M\u00fc\u015fahid\u0259 \u015euras\u0131 yarad\u0131l\u0131r.<\/p>\n<p>Eyni zamanda Az\u0259rbaycan Respublikas\u0131 D\u00f6vl\u0259t \u0130mtahan M\u0259rk\u0259zinin f\u0259aliyy\u0259tin\u0259 cari r\u0259hb\u0259rliyi \u00fc\u00e7 \u00fczvd\u0259n ibar\u0259t \u0130dar\u0259 Hey\u0259ti h\u0259yata ke\u00e7irir.<\/p>\n","protected":false},"excerpt":{"rendered":"<p>D\u00f6vl\u0259t \u0130mtahan M\u0259rk\u0259zinin (D\u0130M) f\u0259aliyy\u0259tinin t\u0259kmill\u0259\u015fdirilm\u0259si v\u0259 &#8220;Az\u0259rbaycan Respublikas\u0131n\u0131n D\u00f6vl\u0259t \u0130mtahan M\u0259rk\u0259zi publik h\u00fcquqi \u015f\u0259xsin yarad\u0131lmas\u0131 haqq\u0131nda&#8221; Az\u0259rbaycan Respublikas\u0131 Prezidentinin 2016-c\u0131 il 11 aprel tarixli 860 n\u00f6mr\u0259li F\u0259rman\u0131nda d\u0259yi\u015fiklik edilib. President.az\u00a0x\u0259b\u0259r verir ki, bununla ba\u011fl\u0131 Prezident\u00a0\u0130lham \u018fliyev\u00a0yeni f\u0259rman imzalay\u0131b. F\u0259rmanla m\u00fc\u0259yy\u0259n edilir ki, Az\u0259rbaycan Respublikas\u0131 D\u00f6vl\u0259t \u0130mtahan M\u0259rk\u0259zinin f\u0259aliyy\u0259tin\u0259 \u00fcmumi r\u0259hb\u0259rliyi v\u0259 n\u0259zar\u0259ti h\u0259yata ke\u00e7irm\u0259k \u00fc\u00e7\u00fcn s\u0259dr d\u0259 daxil olmaqla be\u015f \u00fczvd\u0259n ibar\u0259t M\u00fc\u015fahid\u0259 \u015euras\u0131 yarad\u0131l\u0131r. Eyni zamanda Az\u0259rbaycan Respublikas\u0131 D\u00f6vl\u0259t \u0130mtahan M\u0259rk\u0259zinin f\u0259aliyy\u0259tin\u0259 cari r\u0259hb\u0259rliyi \u00fc\u00e7 \u00fczvd\u0259n ibar\u0259t \u0130dar\u0259 Hey\u0259ti h\u0259yata ke\u00e7irir.<\/p>\n","protected":false},"author":2,"featured_media":739469,"comment_status":"closed","ping_status":"closed","sticky":false,"template":"","format":"standard","meta":{"om_disable_all_campaigns":false,"_monsterinsights_skip_tracking":false,"_monsterinsights_sitenote_active":false,"_monsterinsights_sitenote_note":"","_monsterinsights_sitenote_category":0},"categories":[4],"tags":[],"aioseo_notices":[],"gutentor_comment":0,"rttpg_featured_image_url":{"full":["https:\/\/arantv.az\/wp-content\/uploads\/2024\/07\/2022_04_26_232800_sened_0001.jpg",482,361,false],"landscape":["https:\/\/arantv.az\/wp-content\/uploads\/2024\/07\/2022_04_26_232800_sened_0001.jpg",482,361,false],"portraits":["https:\/\/arantv.az\/wp-content\/uploads\/2024\/07\/2022_04_26_232800_sened_0001.jpg",482,361,false],"thumbnail":["https:\/\/arantv.az\/wp-content\/uploads\/2024\/07\/2022_04_26_232800_sened_0001-482x280.jpg",482,280,true],"medium":["https:\/\/arantv.az\/wp-content\/uploads\/2024\/07\/2022_04_26_232800_sened_0001.jpg",482,361,false],"large":["https:\/\/arantv.az\/wp-content\/uploads\/2024\/07\/2022_04_26_232800_sened_0001.jpg",482,361,false],"1536x1536":["https:\/\/arantv.az\/wp-content\/uploads\/2024\/07\/2022_04_26_232800_sened_0001.jpg",482,361,false],"2048x2048":["https:\/\/arantv.az\/wp-content\/uploads\/2024\/07\/2022_04_26_232800_sened_0001.jpg",482,361,false],"post-thumbnail":["https:\/\/arantv.az\/wp-content\/uploads\/2024\/07\/2022_04_26_232800_sened_0001-240x172.jpg",240,172,true],"advps-thumb-one":["https:\/\/arantv.az\/wp-content\/uploads\/2024\/07\/2022_04_26_232800_sened_0001.jpg",482,361,false]},"rttpg_author":{"display_name":"V\u00fcsal Rafiqo\u011flu","author_link":"https:\/\/arantv.az\/?author=2"},"rttpg_comment":0,"rttpg_category":"<a href=\"https:\/\/arantv.az\/?cat=4\" rel=\"category\">Siyas\u0259t<\/a>","rttpg_excerpt":"D\u00f6vl\u0259t \u0130mtahan M\u0259rk\u0259zinin (D\u0130M) f\u0259aliyy\u0259tinin t\u0259kmill\u0259\u015fdirilm\u0259si v\u0259 &#8220;Az\u0259rbaycan Respublikas\u0131n\u0131n D\u00f6vl\u0259t \u0130mtahan M\u0259rk\u0259zi publik h\u00fcquqi \u015f\u0259xsin yarad\u0131lmas\u0131 haqq\u0131nda&#8221; Az\u0259rbaycan Respublikas\u0131 Prezidentinin 2016-c\u0131 il 11 aprel tarixli 860 n\u00f6mr\u0259li F\u0259rman\u0131nda d\u0259yi\u015fiklik edilib. President.az\u00a0x\u0259b\u0259r verir ki, bununla ba\u011fl\u0131 Prezident\u00a0\u0130lham \u018fliyev\u00a0yeni f\u0259rman imzalay\u0131b. F\u0259rmanla m\u00fc\u0259yy\u0259n edilir ki, Az\u0259rbaycan Respublikas\u0131 D\u00f6vl\u0259t \u0130mtahan M\u0259rk\u0259zinin f\u0259aliyy\u0259tin\u0259 \u00fcmumi r\u0259hb\u0259rliyi v\u0259 n\u0259zar\u0259ti h\u0259yata ke\u00e7irm\u0259k&hellip;","_links":{"self":[{"href":"https:\/\/arantv.az\/index.php?rest_route=\/wp\/v2\/posts\/739468"}],"collection":[{"href":"https:\/\/arantv.az\/index.php?rest_route=\/wp\/v2\/posts"}],"about":[{"href":"https:\/\/arantv.az\/index.php?rest_route=\/wp\/v2\/types\/post"}],"author":[{"embeddable":true,"href":"https:\/\/arantv.az\/index.php?rest_route=\/wp\/v2\/users\/2"}],"replies":[{"embeddable":true,"href":"https:\/\/arantv.az\/index.php?rest_route=%2Fwp%2Fv2%2Fcomments&post=739468"}],"version-history":[{"count":1,"href":"https:\/\/arantv.az\/index.php?rest_route=\/wp\/v2\/posts\/739468\/revisions"}],"predecessor-version":[{"id":739470,"href":"https:\/\/arantv.az\/index.php?rest_route=\/wp\/v2\/posts\/739468\/revisions\/739470"}],"wp:featuredmedia":[{"embeddable":true,"href":"https:\/\/arantv.az\/index.php?rest_route=\/wp\/v2\/media\/739469"}],"wp:attachment":[{"href":"https:\/\/arantv.az\/index.php?rest_route=%2Fwp%2Fv2%2Fmedia&parent=739468"}],"wp:term":[{"taxonomy":"category","embeddable":true,"href":"https:\/\/arantv.az\/index.php?rest_route=%2Fwp%2Fv2%2Fcategories&post=739468"},{"taxonomy":"post_tag","embeddable":true,"href":"https:\/\/arantv.az\/index.php?rest_route=%2Fwp%2Fv2%2Ftags&post=739468"}],"curies":[{"name":"wp","href":"https:\/\/api.w.org\/{rel}","templated":true}]}}