{"id":739475,"date":"2024-07-23T17:02:04","date_gmt":"2024-07-23T13:02:04","guid":{"rendered":"https:\/\/arantv.az\/?p=739475"},"modified":"2024-07-23T17:02:04","modified_gmt":"2024-07-23T13:02:04","slug":"dim-in-musahid%c9%99-surasinin-t%c9%99rkibi-t%c9%99sdiql%c9%99ndi-s%c9%99r%c9%99ncam","status":"publish","type":"post","link":"https:\/\/arantv.az\/?p=739475","title":{"rendered":"D\u0130M-in M\u00fc\u015fahid\u0259 \u015euras\u0131n\u0131n t\u0259rkibi t\u0259sdiql\u0259ndi &#8211; S\u018fR\u018fNCAM"},"content":{"rendered":"<p>D\u00f6vl\u0259t \u0130mtahan M\u0259rk\u0259zinin (D\u0130M) M\u00fc\u015fahid\u0259 \u015euras\u0131n\u0131n t\u0259rkibi t\u0259sdiq edilib.<\/p>\n<p><a href=\"https:\/\/president.az\/az\/articles\/view\/66545\" target=\"_blank\" rel=\"nofollow noopener\"><strong>President.az<\/strong><\/a>\u00a0x\u0259b\u0259r verir ki, bununla ba\u011fl\u0131 Prezident\u00a0<strong>\u0130lham \u018fliyev<\/strong>\u00a0s\u0259r\u0259ncam imzalay\u0131b.<\/p>\n<p>S\u0259r\u0259ncama \u0259sas\u0259n, D\u00f6vl\u0259t \u0130mtahan M\u0259rk\u0259zinin M\u00fc\u015fahid\u0259 \u015euras\u0131n\u0131n a\u015fa\u011f\u0131dak\u0131 t\u0259rkibi t\u0259sdiq edilir:<\/p>\n<p><strong>M\u00fc\u015fahid\u0259 \u015euras\u0131n\u0131n s\u0259dri<\/strong><\/p>\n<p>F\u0259r\u0259h \u018fliyeva &#8211; Az\u0259rbaycan Respublikas\u0131 Prezidenti Administrasiyas\u0131n\u0131n Humanitar siyas\u0259t, diaspor, multikulturalizm v\u0259 dini m\u0259s\u0259l\u0259l\u0259r \u015f\u00f6b\u0259sinin m\u00fcdiri<\/p>\n<p><strong>M\u00fc\u015fahid\u0259 \u015euras\u0131n\u0131n \u00fczvl\u0259ri:<\/strong><\/p>\n<p>Elnur \u018fliyev &#8211; Az\u0259rbaycan Respublikas\u0131 iqtisadiyyat nazirinin birinci m\u00fcavini<\/p>\n<p>\u0130dris \u0130sayev &#8211; Az\u0259rbaycan Respublikas\u0131 elm v\u0259 t\u0259hsil nazirinin m\u00fcavini<\/p>\n<p>Az\u0259r Bayramov &#8211; Az\u0259rbaycan Respublikas\u0131 maliyy\u0259 nazirinin m\u00fcavini<\/p>\n<p>Anar K\u0259rimov &#8211; Az\u0259rbaycan Respublikas\u0131 \u0259m\u0259k v\u0259 \u0259halinin sosial m\u00fcdafi\u0259si nazirinin m\u00fcavini.<\/p>\n","protected":false},"excerpt":{"rendered":"<p>D\u00f6vl\u0259t \u0130mtahan M\u0259rk\u0259zinin (D\u0130M) M\u00fc\u015fahid\u0259 \u015euras\u0131n\u0131n t\u0259rkibi t\u0259sdiq edilib. President.az\u00a0x\u0259b\u0259r verir ki, bununla ba\u011fl\u0131 Prezident\u00a0\u0130lham \u018fliyev\u00a0s\u0259r\u0259ncam imzalay\u0131b. S\u0259r\u0259ncama \u0259sas\u0259n, D\u00f6vl\u0259t \u0130mtahan M\u0259rk\u0259zinin M\u00fc\u015fahid\u0259 \u015euras\u0131n\u0131n a\u015fa\u011f\u0131dak\u0131 t\u0259rkibi t\u0259sdiq edilir: M\u00fc\u015fahid\u0259 \u015euras\u0131n\u0131n s\u0259dri F\u0259r\u0259h \u018fliyeva &#8211; Az\u0259rbaycan Respublikas\u0131 Prezidenti Administrasiyas\u0131n\u0131n Humanitar siyas\u0259t, diaspor, multikulturalizm v\u0259 dini m\u0259s\u0259l\u0259l\u0259r \u015f\u00f6b\u0259sinin m\u00fcdiri M\u00fc\u015fahid\u0259 \u015euras\u0131n\u0131n \u00fczvl\u0259ri: Elnur \u018fliyev &#8211; Az\u0259rbaycan Respublikas\u0131 iqtisadiyyat nazirinin birinci m\u00fcavini \u0130dris \u0130sayev &#8211; Az\u0259rbaycan Respublikas\u0131 elm v\u0259 t\u0259hsil nazirinin m\u00fcavini Az\u0259r Bayramov &#8211; Az\u0259rbaycan Respublikas\u0131 maliyy\u0259 nazirinin m\u00fcavini Anar K\u0259rimov &#8211; Az\u0259rbaycan Respublikas\u0131 \u0259m\u0259k v\u0259 \u0259halinin sosial m\u00fcdafi\u0259si nazirinin m\u00fcavini.<\/p>\n","protected":false},"author":2,"featured_media":739476,"comment_status":"closed","ping_status":"closed","sticky":false,"template":"","format":"standard","meta":{"om_disable_all_campaigns":false,"_monsterinsights_skip_tracking":false,"_monsterinsights_sitenote_active":false,"_monsterinsights_sitenote_note":"","_monsterinsights_sitenote_category":0},"categories":[4],"tags":[],"aioseo_notices":[],"gutentor_comment":0,"rttpg_featured_image_url":{"full":["https:\/\/arantv.az\/wp-content\/uploads\/2024\/07\/e54316eb9356542614af050a632f0a3c.jpg",850,500,false],"landscape":["https:\/\/arantv.az\/wp-content\/uploads\/2024\/07\/e54316eb9356542614af050a632f0a3c.jpg",850,500,false],"portraits":["https:\/\/arantv.az\/wp-content\/uploads\/2024\/07\/e54316eb9356542614af050a632f0a3c.jpg",850,500,false],"thumbnail":["https:\/\/arantv.az\/wp-content\/uploads\/2024\/07\/e54316eb9356542614af050a632f0a3c-500x280.jpg",500,280,true],"medium":["https:\/\/arantv.az\/wp-content\/uploads\/2024\/07\/e54316eb9356542614af050a632f0a3c-621x365.jpg",621,365,true],"large":["https:\/\/arantv.az\/wp-content\/uploads\/2024\/07\/e54316eb9356542614af050a632f0a3c-840x494.jpg",640,376,true],"1536x1536":["https:\/\/arantv.az\/wp-content\/uploads\/2024\/07\/e54316eb9356542614af050a632f0a3c.jpg",850,500,false],"2048x2048":["https:\/\/arantv.az\/wp-content\/uploads\/2024\/07\/e54316eb9356542614af050a632f0a3c.jpg",850,500,false],"post-thumbnail":["https:\/\/arantv.az\/wp-content\/uploads\/2024\/07\/e54316eb9356542614af050a632f0a3c-240x172.jpg",240,172,true],"advps-thumb-one":["https:\/\/arantv.az\/wp-content\/uploads\/2024\/07\/e54316eb9356542614af050a632f0a3c.jpg",850,500,false]},"rttpg_author":{"display_name":"V\u00fcsal Rafiqo\u011flu","author_link":"https:\/\/arantv.az\/?author=2"},"rttpg_comment":0,"rttpg_category":"<a href=\"https:\/\/arantv.az\/?cat=4\" rel=\"category\">Siyas\u0259t<\/a>","rttpg_excerpt":"D\u00f6vl\u0259t \u0130mtahan M\u0259rk\u0259zinin (D\u0130M) M\u00fc\u015fahid\u0259 \u015euras\u0131n\u0131n t\u0259rkibi t\u0259sdiq edilib. President.az\u00a0x\u0259b\u0259r verir ki, bununla ba\u011fl\u0131 Prezident\u00a0\u0130lham \u018fliyev\u00a0s\u0259r\u0259ncam imzalay\u0131b. S\u0259r\u0259ncama \u0259sas\u0259n, D\u00f6vl\u0259t \u0130mtahan M\u0259rk\u0259zinin M\u00fc\u015fahid\u0259 \u015euras\u0131n\u0131n a\u015fa\u011f\u0131dak\u0131 t\u0259rkibi t\u0259sdiq edilir: M\u00fc\u015fahid\u0259 \u015euras\u0131n\u0131n s\u0259dri F\u0259r\u0259h \u018fliyeva &#8211; Az\u0259rbaycan Respublikas\u0131 Prezidenti Administrasiyas\u0131n\u0131n Humanitar siyas\u0259t, diaspor, multikulturalizm v\u0259 dini m\u0259s\u0259l\u0259l\u0259r \u015f\u00f6b\u0259sinin m\u00fcdiri M\u00fc\u015fahid\u0259 \u015euras\u0131n\u0131n \u00fczvl\u0259ri: Elnur \u018fliyev &#8211; Az\u0259rbaycan Respublikas\u0131&hellip;","_links":{"self":[{"href":"https:\/\/arantv.az\/index.php?rest_route=\/wp\/v2\/posts\/739475"}],"collection":[{"href":"https:\/\/arantv.az\/index.php?rest_route=\/wp\/v2\/posts"}],"about":[{"href":"https:\/\/arantv.az\/index.php?rest_route=\/wp\/v2\/types\/post"}],"author":[{"embeddable":true,"href":"https:\/\/arantv.az\/index.php?rest_route=\/wp\/v2\/users\/2"}],"replies":[{"embeddable":true,"href":"https:\/\/arantv.az\/index.php?rest_route=%2Fwp%2Fv2%2Fcomments&post=739475"}],"version-history":[{"count":2,"href":"https:\/\/arantv.az\/index.php?rest_route=\/wp\/v2\/posts\/739475\/revisions"}],"predecessor-version":[{"id":739478,"href":"https:\/\/arantv.az\/index.php?rest_route=\/wp\/v2\/posts\/739475\/revisions\/739478"}],"wp:featuredmedia":[{"embeddable":true,"href":"https:\/\/arantv.az\/index.php?rest_route=\/wp\/v2\/media\/739476"}],"wp:attachment":[{"href":"https:\/\/arantv.az\/index.php?rest_route=%2Fwp%2Fv2%2Fmedia&parent=739475"}],"wp:term":[{"taxonomy":"category","embeddable":true,"href":"https:\/\/arantv.az\/index.php?rest_route=%2Fwp%2Fv2%2Fcategories&post=739475"},{"taxonomy":"post_tag","embeddable":true,"href":"https:\/\/arantv.az\/index.php?rest_route=%2Fwp%2Fv2%2Ftags&post=739475"}],"curies":[{"name":"wp","href":"https:\/\/api.w.org\/{rel}","templated":true}]}}