{"id":739595,"date":"2024-07-24T10:05:41","date_gmt":"2024-07-24T06:05:41","guid":{"rendered":"https:\/\/arantv.az\/?p=739595"},"modified":"2024-07-24T10:05:41","modified_gmt":"2024-07-24T06:05:41","slug":"susa-zirv%c9%99sind%c9%99n-ucalan-h%c9%99qiq%c9%99tl%c9%99r-qurtaran-dahi-odur-yer-uzunu","status":"publish","type":"post","link":"https:\/\/arantv.az\/?p=739595","title":{"rendered":"\u015eu\u015fa Zirv\u0259sind\u0259n ucalan h\u0259qiq\u0259tl\u0259r: &#8220;Qurtaran dahi odur Yer \u00fcz\u00fcn\u00fc&#8221;"},"content":{"rendered":"<p><strong>Az\u0259rbaycan\u0131n \u00fcr\u0259yi, Qaraba\u011f\u0131n \u00fcz\u00fck qa\u015f\u0131 \u015eu\u015fa \u015f\u0259h\u0259ri bu g\u00fcnl\u0259rd\u0259 daha bir m\u00fch\u00fcm t\u0259dbir\u0259 evsahibliyi etdi. 2-ci \u015eu\u015fa Qlobal Media Forumu \u00fc\u00e7 g\u00fcn \u0259rzind\u0259 d\u00fcnyan\u0131n 50-d\u0259n art\u0131q t\u0259msil\u00e7isinin h\u0259qiq\u0259tl\u0259ri e\u015fitm\u0259k \u00fc\u00e7\u00fcn \u00e7ox ciddi bir platforma oldu.<\/strong><\/p>\n<p>Prezident \u0130lham \u018fliyev \u201cYalan m\u0259lumatlar\u0131n if\u015fas\u0131: Dezinformasiyaya qar\u015f\u0131 m\u00fcbariz\u0259\u201d m\u00f6vzusuna h\u0259sr olunmu\u015f Forumda olduqca vacib v\u0259 \u0259h\u0259miyy\u0259tli mesajlar verdi. D\u00f6vl\u0259timizin ba\u015f\u00e7\u0131s\u0131 C\u0259nubi Qafqaz regionunda tarixi transformasiya\u00a0prosesl\u0259rinin ba\u015f verdiyini, \u0259n\u0259n\u0259vi ittifaqlar\u0131n bir q\u0259d\u0259r z\u0259ifl\u0259diyini, yeni \u0259m\u0259kda\u015fl\u0131q formatlar\u0131n\u0131n meydana g\u0259ldiyini dem\u0259kl\u0259 i\u015ftirak\u00e7\u0131lar\u0131, h\u0259m\u00e7inin onlar\u0131n simas\u0131nda ayr\u0131-ayr\u0131 \u00f6lk\u0259l\u0259rin diqq\u0259tini regionla ba\u011fl\u0131 yeni situasiyan\u0131n yarand\u0131\u011f\u0131na c\u0259lb etmi\u015f oldu. \u00d6lk\u0259 r\u0259hb\u0259rinin bununla Qafqaz Evi ideyas\u0131n\u0131 dolay\u0131 \u015f\u0259kild\u0259 yenid\u0259n g\u00fcnd\u0259m\u0259 g\u0259tirdiyini s\u00f6yl\u0259m\u0259k olar.<\/p>\n<p><img loading=\"lazy\" src=\"https:\/\/cdn.musavat.com\/news\/thumbnails\/30450ea78114929446247e17b9a55ea4.jpg\" alt=\"7a9e7dd0-477f-3061-ba4e-f6529bfa.jpg (80 KB)\" width=\"988\" height=\"630\" \/><\/p>\n<p>Prezident \u0130lham \u018fliyev bu yana\u015fma il\u0259 kimin ger\u00e7\u0259kd\u0259n s\u00fclh ist\u0259diyini, kimin revan\u015fa, yenid\u0259n qan-qadaya can atd\u0131\u011f\u0131n\u0131 ayd\u0131n diplomatik dill\u0259 ifad\u0259 etdi. Qafqaz\u0131n lideri \u0259minlikl\u0259 bildirir ki, regionun xalqlar\u0131 \u00f6zl\u0259rini\u00a0t\u0259hl\u00fck\u0259siz hiss edir,\u00a0m\u00fcnaqi\u015f\u0259l\u0259r v\u0259 qar\u015f\u0131durmalar ke\u00e7mi\u015fd\u0259 qal\u0131b. Bu, h\u0259m d\u0259 d\u00f6vl\u0259t ba\u015f\u00e7\u0131m\u0131z\u0131n t\u0259kc\u0259 t\u0259hl\u00fck\u0259sizlik \u00e7\u0259tirini yaln\u0131z Az\u0259rbaycan\u0131n deyil, b\u00fct\u00f6vl\u00fckd\u0259 Qafqaz\u0131n \u00fcz\u0259rind\u0259 qald\u0131rmaq \u0259zmind\u0259 oldu\u011funu n\u00fcmayi\u015f etdirir. \u018fslind\u0259 c\u0259nab \u0130lham \u018fliyevin h\u0259d\u0259fl\u0259ri daha geni\u015f spektri \u0259hat\u0259 edir, qlobal m\u0259nada s\u00fclh\u00fcn t\u0259minat\u0131 istiqam\u0259tind\u0259 t\u0259\u015f\u0259bb\u00fcsl\u0259ri il\u0259, Q\u0259zzadan tutmu\u015f Ukraynaya, ordan Fransa istilas\u0131 alt\u0131nd\u0259 \u0259zil\u0259n b\u00f6lg\u0259l\u0259r\u0259, Afrikaya, v\u0259t\u0259nda\u015f toqqu\u015fmas\u0131ndan \u0259ziyy\u0259t \u00e7\u0259k\u0259n \u0130slam \u00f6lk\u0259l\u0259rin\u0259d\u0259k.<\/p>\n<p><strong>Az\u0259rbaycan Prezidenti dinind\u0259n, irqind\u0259n as\u0131l\u0131 olmayaraq, b\u0259\u015f\u0259riyy\u0259tin h\u0259r bir cinah\u0131nda ya\u015fayan insanlar\u0131n \u0259min-amanl\u0131q i\u00e7\u0259risind\u0259 ya\u015famas\u0131 \u00fc\u00e7\u00fcn t\u0259\u015f\u0259bb\u00fcsl\u0259r g\u00f6st\u0259rir, t\u0259klifl\u0259r ir\u0259li s\u00fcr\u00fcr, d\u0259st\u0259k verir. Az\u0259rbaycan b\u0259zi \u201cs\u00fclh car\u00e7\u0131lar\u0131\u201d kimi \u201cs\u00fclh namin\u0259 silah\u201d vermir \u2013 Fransa konkret n\u00fcmun\u0259 &#8211; s\u00fclh\u00fcn \u0259ld\u0259 olunmas\u0131ndan \u00f6tr\u00fc imzas\u0131 q\u0259d\u0259r etibarl\u0131 olan s\u00f6z\u00fcn\u00fc deyir, m\u00f6vqeyini ortaya qoyur, d\u00fc\u015fm\u0259n t\u0259r\u0259fl\u0259rin bir araya g\u0259lm\u0259si \u00fc\u00e7\u00fcn Bak\u0131 platformas\u0131n\u0131 t\u0259klif edir, qar\u0131\u015fd\u0131rma\u011fa deyil, bar\u0131\u015fd\u0131rma\u011fa y\u00f6n\u0259lik xarici siyas\u0259t kursunu h\u0259yata ke\u00e7irir. Budur Az\u0259rbaycan d\u00f6vl\u0259tinin, onun liderinin b\u00f6y\u00fckl\u00fcy\u00fc.<\/strong><\/p>\n<p><img loading=\"lazy\" src=\"https:\/\/cdn.musavat.com\/news\/thumbnails\/25df5a5ce0253940d83e72cb2ebc871d.jpg\" alt=\"4094595d-4135-3948-99a8-862ec7a9.jpg (374 KB)\" width=\"920\" height=\"603\" \/><\/p>\n<p>\u015eu\u015fa Zirv\u0259sind\u0259 s\u0259sl\u0259n\u0259n \u0259sas ideyalar\u0131n, veril\u0259n mesajlar\u0131n \u00fcnvan\u0131na \u00e7atd\u0131\u011f\u0131na \u015f\u00fcbh\u0259 etmirik. Kiml\u0259rs\u0259 \u00f6zl\u0259rini korlu\u011fa, karl\u0131\u011fa, lall\u0131\u011fa vuracaqsa, \u00f6z i\u015fidir. D\u00f6vl\u0259timiz \u00f6z i\u015fini davam etdirir. \u00d6lk\u0259 ba\u015f\u00e7\u0131m\u0131z\u0131n da qeyd etdiyi kimi, Qaraba\u011f v\u0259 \u015e\u0259rqi Z\u0259ng\u0259zurda apar\u0131lan b\u0259rpa i\u015fl\u0259ri il\u0259 ba\u011fl\u0131 biz \u00e7ox nikbinik.\u00a0H\u0259m\u00e7inin Az\u0259rbaycan c\u0259miyy\u0259ti d\u0259 olduqca nikbindir v\u0259 bu i\u015fl\u0259r\u0259 \u00e7ox h\u0259v\u0259sl\u0259 yana\u015f\u0131r. Qaraba\u011f\u0131n, \u015e\u0259rqi Z\u0259ng\u0259zurun yenid\u0259n, dem\u0259k olar ki, yenid\u0259n, s\u00fcr\u0259tl\u0259 qurulmas\u0131, b\u0259rpas\u0131 \u2013 \u00f6z\u00fc d\u0259 m\u00fcasir t\u0259l\u0259bl\u0259r\u0259 uy\u011fun olaraq \u2013 m\u0259hz bu inam\u0131n, etibar\u0131n m\u0259ntiqi n\u0259tic\u0259sidir. \u0130nam, etibar, g\u0259l\u0259c\u0259y\u0259 nikbin bax\u0131\u015f, \u0259n \u00f6n\u0259mlisi t\u0259hl\u00fck\u0259sizliyin y\u00fcks\u0259k s\u0259viyy\u0259d\u0259 t\u0259minat\u0131 olmasayd\u0131, t\u0259bii ki, indiki n\u0259tic\u0259y\u0259 \u00e7atmaq \u00e7\u0259tin olard\u0131.<\/p>\n<p>Az\u0259rbaycan \u00f6t\u0259n ill\u0259r \u0259rzind\u0259 \u00e7ox \u0259ziyy\u0259tl\u0259r \u00e7\u0259kdi. T\u0259kc\u0259 Erm\u0259nistan\u0131n, onun havadarlar\u0131n\u0131n i\u015f\u011fal\u00e7\u0131l\u0131q siyas\u0259tind\u0259n deyil, h\u0259m d\u0259 \u00f6lk\u0259miz\u0259 qar\u015f\u0131 al\u00e7aq, q\u0259r\u0259zli, riyakar yana\u015fmalardan. T\u0259sad\u00fcfi deyil ki, \u0259dal\u0259ti t\u0259kba\u015f\u0131na b\u0259rpa etmi\u015f Az\u0259rbaycan bu g\u00fcn i\u015f\u011faldan, \u0259dal\u0259tsizlikd\u0259n, \u00f6gey m\u00fcnasib\u0259td\u0259n \u0259ziyy\u0259tl\u0259r \u00e7\u0259k\u0259n xalqlar\u0131n yan\u0131ndad\u0131r, h\u0259tta d\u00fcnyan\u0131n apar\u0131c\u0131 \u00f6lk\u0259l\u0259rinin b\u0259nz\u0259r siyas\u0259tin\u0259 qar\u015f\u0131 a\u00e7\u0131q m\u00f6vqe s\u0259rgil\u0259yir. Fransan\u0131n koloniyalar\u0131na \u00e7evril\u0259nl\u0259rin Az\u0259rbaycana, onun liderin\u0259 p\u0259nah g\u0259tirm\u0259si m\u0259hz bu siyas\u0259tin m\u0259ntiqi n\u0259tic\u0259sidir. \u015eu\u015fa Sammitind\u0259 Prezident \u00f6lk\u0259miz\u0259, xalq\u0131m\u0131za qar\u015f\u0131 \u0259dal\u0259tsiz yana\u015fmalar\u0131n oldu\u011funu a\u00e7\u0131q \u015f\u0259kild\u0259 bildirm\u0259kl\u0259 h\u0259m d\u0259 biril\u0259rini d\u0259rs \u00e7\u0131xartma\u011fa \u00e7a\u011f\u0131rd\u0131.<\/p>\n<p><strong>Sitat:<\/strong>\u00a0\u201cB\u0259z\u0259n Az\u0259rbaycan haqq\u0131nda beyn\u0259lxalq mediada yay\u0131lan m\u0259lumatlar h\u0259qiq\u0259t\u0259 uy\u011fun olmur. Biz uzun ill\u0259r \u0259rzind\u0259 bunun qurban\u0131 olmu\u015fuq, onlardan biri Erm\u0259nistan v\u0259 Az\u0259rbaycan aras\u0131ndak\u0131 m\u00fcnaqi\u015f\u0259 idi v\u0259 b\u00fct\u00fcn erm\u0259ni diasporunun s\u0259f\u0259rb\u0259r olmas\u0131 idi. Erm\u0259nip\u0259r\u0259st siyas\u0259t\u00e7il\u0259r, media n\u00fcmay\u0259nd\u0259l\u0259ri Az\u0259rbaycana qar\u015f\u0131 h\u00fccum edirdil\u0259r, Az\u0259rbaycan haqq\u0131nda yanl\u0131\u015f narrativl\u0259r yay\u0131rd\u0131lar v\u0259 Az\u0259rbaycan\u0131 reall\u0131qdan \u00e7ox uzaq olan bir \u015f\u0259kild\u0259 t\u0259qdim edirdil\u0259r\u201d.<\/p>\n<p><img loading=\"lazy\" src=\"https:\/\/cdn.musavat.com\/news\/thumbnails\/86933f735ad60840dbd892d52cac1692.jpg\" alt=\"981103b4-b054-3de1-83a4-a5fda456.jpg (83 KB)\" width=\"959\" height=\"630\" \/><\/p>\n<p>B\u0259li, bir \u00f6lk\u0259nin i\u015f\u011fala m\u0259ruz qalmas\u0131na r\u0259\u011fm\u0259n, o \u00f6lk\u0259y\u0259, xalqa qar\u015f\u0131 \u0259clafcas\u0131na davran\u0131\u015flar\u0131 \u00e7ox g\u00f6rd\u00fck \u00f6t\u0259n ill\u0259rd\u0259. Amma \u0259n\u0259n\u0259vi q\u0259r\u0259zli, riyakar siyas\u0259tini davam etdir\u0259nl\u0259r yen\u0259 d\u0259 \u015f\u0259rin, b\u00f6htan\u0131n, i\u015f\u011fala can atan revan\u015f\u00e7\u0131lar\u0131n yan\u0131ndad\u0131rlar. \u0130\u015f\u011fal\u00e7\u0131 ordunu yenid\u0259n silahland\u0131rma\u011fa c\u0259hdl\u0259r ed\u0259n \u00f6lk\u0259l\u0259r Erm\u0259nistan\u0131 aqressiv siyas\u0259t\u0259 s\u00fcr\u00fckl\u0259yirl\u0259r. T\u0259s\u0259vv\u00fcr edin, \u0130lham \u018fliyev Erm\u0259nistan\u0131 h\u0259m d\u0259 onlar\u0131n \u015f\u0259rind\u0259n, x\u0259ta-b\u0259las\u0131ndan xilas etm\u0259y\u0259 \u00e7al\u0131\u015f\u0131r. B\u00f6y\u00fckl\u00fcy\u0259 bax\u0131n! 3 + 3 format\u0131nda \u0259m\u0259kda\u015fl\u0131\u011f\u0131 Az\u0259rbaycan Prezidenti 44 g\u00fcnl\u00fck m\u00fcharib\u0259d\u0259n az sonra elan etdi, d\u00fcnyan\u0131n ikinci bel\u0259 n\u00fcmun\u0259si varm\u0131? Torpaqlar\u0131n\u0131 30 ild\u0259n art\u0131q i\u015f\u011falda saxlam\u0131\u015f, bir milyon insan\u0131na m\u0259\u015f\u0259qq\u0259tl\u0259r ya\u015fatm\u0131\u015f \u00f6lk\u0259y\u0259 bar\u0131\u015f \u0259lini uzatmaq&#8230;Bu \u0259li \u00f6p\u00fcb, g\u00f6z\u00fc \u00fcst\u0259 qoymaq \u0259v\u0259zin\u0259, Fransan\u0131n SEZAR-\u0131n\u0131 almaq, hind silahlar\u0131n\u0131 da\u015f\u0131maq&#8230;.Bax, budur Erm\u0259nistan\u0131n faci\u0259si, \u00f6t\u0259nl\u0259rd\u0259n d\u0259rs g\u00f6t\u00fcrm\u0259m\u0259si, \u00f6z\u00fcn\u00fc m\u0259hv\u0259 s\u00fcr\u00fckl\u0259m\u0259si. Erm\u0259nil\u0259rin faci\u0259si \u00fcz\u0259rind\u0259 \u00f6zl\u0259rinin m\u0259krli siyas\u0259tini quran \u00f6lk\u0259l\u0259r, paytaxtlar usanm\u0131rlar, \u00e7\u00fcnki ikinci bel\u0259 \u201cma\u015fa\u201d tapmaq \u00e7\u0259tin olacaq.<\/p>\n<p>Az\u0259rbaycan Prezidenti \u015eu\u015fa Zirv\u0259sind\u0259 deyilm\u0259si z\u0259ruri olan tarixi h\u0259qiq\u0259tl\u0259ri a\u00e7\u0131q \u015f\u0259kild\u0259 b\u0259yan etdi v\u0259 \u00f6lk\u0259miz\u0259 qar\u015f\u0131 q\u0259r\u0259zli siyas\u0259t y\u00fcr\u00fcd\u0259nl\u0259ri if\u015fa etm\u0259kl\u0259 yana\u015f\u0131, onlar\u0131 bir daha yanl\u0131\u015fl\u0131qlar etm\u0259m\u0259y\u0259 \u00e7a\u011f\u0131rd\u0131.<\/p>\n<p><strong>Sitat:<\/strong>\u00a0\u201cAz\u0259rbaycan torpaqlar\u0131n\u0131n\u00a0i\u015f\u011fal\u0131\u00a030 il davam edib. Ancaq bizi d\u00fcnyada t\u0259cav\u00fczkar kimi t\u0259qdim edirdil\u0259r v\u0259 median\u0131n bu m\u0259s\u0259l\u0259ni i\u015f\u0131qland\u0131rmas\u0131, siyasi motivl\u0259r\u0259 s\u00f6yk\u0259n\u0259n mesajlar v\u0259 q\u0259rarlar n\u0259tic\u0259sind\u0259 biz beyn\u0259lxalq sanksiyalara m\u0259ruz qald\u0131q\u201d. Yaxud dig\u0259r tarixi h\u0259qiq\u0259t: \u201cAB\u015e 1992-ci ild\u0259 Az\u0259rbaycana qar\u015f\u0131 sanksiyalar t\u0259tbiq edibdir.\u00a0Konqresin erm\u0259nip\u0259r\u0259st n\u00fcmay\u0259nd\u0259l\u0259rinin s\u0259yl\u0259ri n\u0259tic\u0259sind\u0259 biz\u0259 qar\u015f\u0131 sanksiyalar t\u0259tbiq edildi.\u00a0Absurd bir v\u0259ziyy\u0259tdir ki, humanitar b\u00f6hrana m\u0259ruz qalan, bir milyon qa\u00e7q\u0131n\u0131 olan, i\u015f\u011fal edilmi\u015f \u0259razil\u0259ri tamamil\u0259 da\u011f\u0131d\u0131lan bir \u00f6lk\u0259 sanksiyalara m\u0259ruz qalm\u0131\u015fd\u0131r\u201d.<\/p>\n<p><img loading=\"lazy\" src=\"https:\/\/cdn.musavat.com\/news\/thumbnails\/d161f2603311837c7fcfe30344ae9523.jpg\" alt=\"dfd31046-7fa7-310e-bb37-5151c910.jpg (143 KB)\" width=\"966\" height=\"630\" \/><\/p>\n<p>Bax, Az\u0259rbaycan d\u00f6vl\u0259ti v\u0259 xalq\u0131, Az\u0259rbaycan Prezidenti bu m\u00fcnasib\u0259tl\u0259r sistemind\u0259 qalib g\u0259ldi, \u015eu\u015fa Zirv\u0259sin\u0259d\u0259 ir\u0259lil\u0259y\u0259, suveren \u0259razil\u0259rinin \u00fcz\u0259rind\u0259 bayra\u011f\u0131n\u0131 dal\u011faland\u0131ra bildi. Bir \u00e7ox m\u0259rk\u0259zl\u0259ri heyr\u0259tl\u0259ndir\u0259n d\u0259 m\u0259hz budur, onlar d\u00fc\u015f\u00fcn\u00fcrl\u0259r ki, nec\u0259 oldu ax\u0131, Az\u0259rbaycan\u0131n qar\u015f\u0131s\u0131nda bu q\u0259d\u0259r s\u0259dd \u00e7\u0259kdik \u2013 t\u0259mas x\u0259ttind\u0259 d\u0259st\u0259k verdiyimiz erm\u0259ni i\u015f\u011fal\u00e7\u0131lar\u0131 \u201cOhanyan s\u0259ddi\u201d \u00e7\u0259kdil\u0259r, \u00f6lk\u0259 xaricind\u0259 d\u0259 h\u0259r yandan bir \u201cyan s\u0259dd\u201d \u00e7\u0259kildi, amma \u0130lham \u018fliyevin Ordusu b\u00fct\u00fcn s\u0259dl\u0259ri yararaq \u015eu\u015faya, La\u00e7\u0131na&#8230;sonra da Xank\u0259ndiy\u0259, Xocl\u0131ya yeti\u015fdi, i\u015f\u011fala v\u0259 terrora son qoydu, indi d\u0259 abad edir m\u0259ml\u0259k\u0259tini?! Bax\u0131rlar, heyr\u0259tl\u0259nirl\u0259r: \u0130lham \u018fliyevin qalib ordusunun azad etdiyi \u015eu\u015fa zirv\u0259sind\u0259 art\u0131q ne\u00e7\u0259nci d\u0259f\u0259dir \u015eu\u015fa Zirv\u0259si ke\u00e7irilir, beyn\u0259lxalq t\u0259\u015fkilatlar\u0131n, xarici \u00f6lk\u0259 diplomatlar\u0131n\u0131n, jurnalistl\u0259rinin i\u015ftirak\u0131 il\u0259! Onlar erm\u0259ni vandalizminin \u201c\u0259l i\u015fi\u201dni d\u0259 g\u00f6r\u00fcrl\u0259r, Az\u0259rbaycan\u0131n qurucu prezidentinin i\u015fl\u0259rini d\u0259! O q\u00fcvv\u0259l\u0259r heyr\u0259td\u0259dirl\u0259r, amma b\u0259dnam niyy\u0259tl\u0259rd\u0259n d\u0259 \u0259l g\u00f6t\u00fcrm\u0259k ist\u0259mirl\u0259r. Nec\u0259 ki, Makron Erm\u0259nistan\u0131 silahland\u0131rmas\u0131na b\u0259ra\u0259t qazand\u0131rmaq \u00fc\u00e7\u00fcn fitn\u0259-f\u0259sada \u0259l at\u0131r, guya Az\u0259rbaycan Erm\u0259nistana hans\u0131sa t\u0259hl\u00fck\u0259 t\u00f6r\u0259d\u0259c\u0259kmi\u015f. Yaz\u0131qlar olsun, Fransa kimi d\u00f6vl\u0259tin, frans\u0131z xalq\u0131 kimi xalq\u0131n ba\u015f\u0131nda kim dayan\u0131r, hans\u0131 d\u00fc\u015f\u00fcnc\u0259 sahibi&#8230;Az\u0259rbaycan lideri Qafqazda s\u00fclh\u00fcn t\u0259minat\u0131n\u0131 m\u0259mnunluqla b\u0259yan edir, Fransa is\u0259&#8230;<\/p>\n<p>Prezident \u0130lham \u018fliyev tarix yazma\u011fa v\u0259 ke\u00e7mi\u015f, m\u00fcasir tarixi d\u0259 forum-forum, zirv\u0259-zirv\u0259 x\u0259b\u0259rsiz olanlara \u00e7atd\u0131rma\u011fa davam edir. H\u0259m d\u0259 d\u0259rs ke\u00e7ir. D\u0259rsini bilm\u0259y\u0259nl\u0259r, olanlardan d\u0259rs g\u00f6t\u00fcrm\u0259y\u0259nl\u0259r \u201csinifd\u0259 qalacaq\u201d. Odur ki, \u00f6yr\u0259nsinl\u0259r! H\u0259m l\u0259yaq\u0259tli m\u00fcharib\u0259 aparmaq qaydalar\u0131n\u0131, h\u0259m d\u0259 s\u00fclh\u00fc nec\u0259 t\u0259min etm\u0259yi: ucal\u0131qda Ali Ba\u015f Komandan, Prezident \u0130lham \u018fliyev n\u00fcmun\u0259si var! Ondan \u00f6yr\u0259nm\u0259k h\u0259l\u0259 d\u0259 gec deyil! \u00d6yr\u0259nib, t\u0259tbiq ets\u0259l\u0259r, q\u0131sa zaman k\u0259siyind\u0259 b\u0259\u015f\u0259rd\u0259 silahlar susar, top s\u0259sl\u0259ri k\u0259sil\u0259r. Nec\u0259 ki, Az\u0259rbaycan Prezidenti b\u0259yan edib: \u201cBundan sonra \u015eu\u015fan\u0131n s\u0259mas\u0131nda bar\u0131t qoxusu olmayacaq, top s\u0259sl\u0259ri e\u015fidilm\u0259y\u0259c\u0259k\u201d.<\/p>\n<p><strong>H\u00fcseyn Cavid nec\u0259 demi\u015fdi:<\/strong><\/p>\n<p>\u201cK\u0259ss\u0259 h\u0259r kim t\u00f6k\u00fcl\u0259n qan izini<\/p>\n<p>Qurtaran dahi odur yer \u00fcz\u00fcn\u00fc\u201d.<\/p>\n<p>\u0130lham \u018fliyev bu g\u00fcn t\u0259kc\u0259 Yer \u00fcz\u00fcn\u00fc deyil, h\u0259m d\u0259 G\u00f6y \u00fcz\u00fcn\u00fc xilas formulu t\u0259klif edir!<\/p>\n<div class=\"news-author text-left\"><a href=\"https:\/\/musavat.com\/author\/elsad-pasasoy_10\"><img class=\"img-responsive img-author\" src=\"https:\/\/cdn.musavat.com\/authors\/thumbnails\/efebc9e552e05242fb5c15b017367239.jpg\" \/>El\u015fad PA\u015eASOY<\/a><\/div>\n","protected":false},"excerpt":{"rendered":"<p>Az\u0259rbaycan\u0131n \u00fcr\u0259yi, Qaraba\u011f\u0131n \u00fcz\u00fck qa\u015f\u0131 \u015eu\u015fa \u015f\u0259h\u0259ri bu g\u00fcnl\u0259rd\u0259 daha bir m\u00fch\u00fcm t\u0259dbir\u0259 evsahibliyi etdi. 2-ci \u015eu\u015fa Qlobal Media Forumu \u00fc\u00e7 g\u00fcn \u0259rzind\u0259 d\u00fcnyan\u0131n 50-d\u0259n art\u0131q t\u0259msil\u00e7isinin h\u0259qiq\u0259tl\u0259ri e\u015fitm\u0259k \u00fc\u00e7\u00fcn \u00e7ox ciddi bir platforma oldu. Prezident \u0130lham \u018fliyev \u201cYalan m\u0259lumatlar\u0131n if\u015fas\u0131: Dezinformasiyaya qar\u015f\u0131 m\u00fcbariz\u0259\u201d m\u00f6vzusuna h\u0259sr olunmu\u015f Forumda olduqca vacib v\u0259 \u0259h\u0259miyy\u0259tli mesajlar verdi. D\u00f6vl\u0259timizin ba\u015f\u00e7\u0131s\u0131 C\u0259nubi Qafqaz regionunda tarixi transformasiya\u00a0prosesl\u0259rinin ba\u015f verdiyini, \u0259n\u0259n\u0259vi ittifaqlar\u0131n bir q\u0259d\u0259r z\u0259ifl\u0259diyini, yeni \u0259m\u0259kda\u015fl\u0131q formatlar\u0131n\u0131n meydana g\u0259ldiyini dem\u0259kl\u0259 i\u015ftirak\u00e7\u0131lar\u0131, h\u0259m\u00e7inin onlar\u0131n simas\u0131nda ayr\u0131-ayr\u0131 \u00f6lk\u0259l\u0259rin diqq\u0259tini regionla ba\u011fl\u0131 yeni situasiyan\u0131n yarand\u0131\u011f\u0131na c\u0259lb etmi\u015f oldu. \u00d6lk\u0259&hellip;<\/p>\n","protected":false},"author":2,"featured_media":739596,"comment_status":"closed","ping_status":"closed","sticky":false,"template":"","format":"standard","meta":{"om_disable_all_campaigns":false,"_monsterinsights_skip_tracking":false,"_monsterinsights_sitenote_active":false,"_monsterinsights_sitenote_note":"","_monsterinsights_sitenote_category":0},"categories":[19],"tags":[],"aioseo_notices":[],"gutentor_comment":0,"rttpg_featured_image_url":{"full":["https:\/\/arantv.az\/wp-content\/uploads\/2024\/07\/d060e7b1b653b72afee2734f907a21b0.jpg",870,500,false],"landscape":["https:\/\/arantv.az\/wp-content\/uploads\/2024\/07\/d060e7b1b653b72afee2734f907a21b0.jpg",870,500,false],"portraits":["https:\/\/arantv.az\/wp-content\/uploads\/2024\/07\/d060e7b1b653b72afee2734f907a21b0.jpg",870,500,false],"thumbnail":["https:\/\/arantv.az\/wp-content\/uploads\/2024\/07\/d060e7b1b653b72afee2734f907a21b0-500x280.jpg",500,280,true],"medium":["https:\/\/arantv.az\/wp-content\/uploads\/2024\/07\/d060e7b1b653b72afee2734f907a21b0-635x365.jpg",635,365,true],"large":["https:\/\/arantv.az\/wp-content\/uploads\/2024\/07\/d060e7b1b653b72afee2734f907a21b0-840x483.jpg",640,368,true],"1536x1536":["https:\/\/arantv.az\/wp-content\/uploads\/2024\/07\/d060e7b1b653b72afee2734f907a21b0.jpg",870,500,false],"2048x2048":["https:\/\/arantv.az\/wp-content\/uploads\/2024\/07\/d060e7b1b653b72afee2734f907a21b0.jpg",870,500,false],"post-thumbnail":["https:\/\/arantv.az\/wp-content\/uploads\/2024\/07\/d060e7b1b653b72afee2734f907a21b0-240x172.jpg",240,172,true],"advps-thumb-one":["https:\/\/arantv.az\/wp-content\/uploads\/2024\/07\/d060e7b1b653b72afee2734f907a21b0.jpg",870,500,false]},"rttpg_author":{"display_name":"V\u00fcsal Rafiqo\u011flu","author_link":"https:\/\/arantv.az\/?author=2"},"rttpg_comment":0,"rttpg_category":"<a href=\"https:\/\/arantv.az\/?cat=19\" rel=\"category\">G\u00fcnd\u0259m<\/a>","rttpg_excerpt":"Az\u0259rbaycan\u0131n \u00fcr\u0259yi, Qaraba\u011f\u0131n \u00fcz\u00fck qa\u015f\u0131 \u015eu\u015fa \u015f\u0259h\u0259ri bu g\u00fcnl\u0259rd\u0259 daha bir m\u00fch\u00fcm t\u0259dbir\u0259 evsahibliyi etdi. 2-ci \u015eu\u015fa Qlobal Media Forumu \u00fc\u00e7 g\u00fcn \u0259rzind\u0259 d\u00fcnyan\u0131n 50-d\u0259n art\u0131q t\u0259msil\u00e7isinin h\u0259qiq\u0259tl\u0259ri e\u015fitm\u0259k \u00fc\u00e7\u00fcn \u00e7ox ciddi bir platforma oldu. Prezident \u0130lham \u018fliyev \u201cYalan m\u0259lumatlar\u0131n if\u015fas\u0131: Dezinformasiyaya qar\u015f\u0131 m\u00fcbariz\u0259\u201d m\u00f6vzusuna h\u0259sr olunmu\u015f Forumda olduqca vacib v\u0259 \u0259h\u0259miyy\u0259tli mesajlar verdi. D\u00f6vl\u0259timizin&hellip;","_links":{"self":[{"href":"https:\/\/arantv.az\/index.php?rest_route=\/wp\/v2\/posts\/739595"}],"collection":[{"href":"https:\/\/arantv.az\/index.php?rest_route=\/wp\/v2\/posts"}],"about":[{"href":"https:\/\/arantv.az\/index.php?rest_route=\/wp\/v2\/types\/post"}],"author":[{"embeddable":true,"href":"https:\/\/arantv.az\/index.php?rest_route=\/wp\/v2\/users\/2"}],"replies":[{"embeddable":true,"href":"https:\/\/arantv.az\/index.php?rest_route=%2Fwp%2Fv2%2Fcomments&post=739595"}],"version-history":[{"count":1,"href":"https:\/\/arantv.az\/index.php?rest_route=\/wp\/v2\/posts\/739595\/revisions"}],"predecessor-version":[{"id":739597,"href":"https:\/\/arantv.az\/index.php?rest_route=\/wp\/v2\/posts\/739595\/revisions\/739597"}],"wp:featuredmedia":[{"embeddable":true,"href":"https:\/\/arantv.az\/index.php?rest_route=\/wp\/v2\/media\/739596"}],"wp:attachment":[{"href":"https:\/\/arantv.az\/index.php?rest_route=%2Fwp%2Fv2%2Fmedia&parent=739595"}],"wp:term":[{"taxonomy":"category","embeddable":true,"href":"https:\/\/arantv.az\/index.php?rest_route=%2Fwp%2Fv2%2Fcategories&post=739595"},{"taxonomy":"post_tag","embeddable":true,"href":"https:\/\/arantv.az\/index.php?rest_route=%2Fwp%2Fv2%2Ftags&post=739595"}],"curies":[{"name":"wp","href":"https:\/\/api.w.org\/{rel}","templated":true}]}}