{"id":739601,"date":"2024-07-24T10:20:34","date_gmt":"2024-07-24T06:20:34","guid":{"rendered":"https:\/\/arantv.az\/?p=739601"},"modified":"2024-07-24T10:20:34","modified_gmt":"2024-07-24T06:20:34","slug":"zakir-h%c9%99s%c9%99nov-h%c9%99rbi-qulluqcularla-gorusdu","status":"publish","type":"post","link":"https:\/\/arantv.az\/?p=739601","title":{"rendered":"Zakir H\u0259s\u0259nov h\u0259rbi qulluq\u00e7ularla g\u00f6r\u00fc\u015fd\u00fc"},"content":{"rendered":"<div class=\"text-content\" data-id=\"\" data-url=\"\">\n<p><strong>M\u00fcdafi\u0259 Nazirliyinin r\u0259hb\u0259r hey\u0259ti azad edilmi\u015f \u0259razil\u0259rd\u0259 xidm\u0259t ed\u0259n h\u0259rbi qulluq\u00e7ularla g\u00f6r\u00fc\u015f\u00fcb.<\/strong><\/p>\n<p>Nazirlikd\u0259n\u00a0<strong>Musavat.com<\/strong>-a bildirilib ki, m\u00fcdafi\u0259 naziri general-polkovnik Zakir H\u0259s\u0259nov Az\u0259rbaycan Respublikas\u0131n\u0131n Prezidenti, Silahl\u0131 Q\u00fcvv\u0259l\u0259rin Ali Ba\u015f Komandan\u0131 \u0130lham \u018fliyevin diqq\u0259t v\u0259 qay\u011f\u0131s\u0131 say\u0259sind\u0259 \u00f6lk\u0259nin b\u00fct\u00fcn b\u00f6lg\u0259l\u0259rind\u0259, o c\u00fcml\u0259d\u0259n azad edilmi\u015f \u0259razil\u0259rd\u0259 h\u0259rbi qulluq\u00e7ular\u0131n maddi-texniki t\u0259minat\u0131n\u0131n v\u0259 sosial-m\u0259i\u015f\u0259t \u015f\u0259raitinin daha da yax\u015f\u0131la\u015fd\u0131r\u0131lmas\u0131 \u00fczr\u0259 g\u00f6r\u00fcl\u0259n i\u015fl\u0259rd\u0259n dan\u0131\u015f\u0131b.<\/p>\n<p>Az\u0259rbaycan Ordusunda apar\u0131lan islahatlar\u0131n m\u00fcsb\u0259t n\u0259tic\u0259l\u0259rini qeyd ed\u0259n nazir bu istiqam\u0259td\u0259 g\u00f6r\u00fcl\u0259n i\u015fl\u0259rin bundan sonra da u\u011furla davam etdiril\u0259c\u0259yini \u0259minlikl\u0259 bildirib.<\/p>\n<p>Sonda general-polkovnik Z.H\u0259s\u0259nov h\u0259rbi qulluq\u00e7ular\u0131n qay\u011f\u0131lar\u0131 il\u0259 maraqlan\u0131b, onlar\u0131n f\u0259rdi haz\u0131rl\u0131\u011f\u0131n\u0131n inki\u015faf etdirilm\u0259si, el\u0259c\u0259 d\u0259 bilik v\u0259 bacar\u0131qlar\u0131n\u0131n art\u0131r\u0131lmas\u0131na dair \u015f\u0259xsi hey\u0259t\u0259 m\u00fcvafiq t\u00f6vsiy\u0259l\u0259r verib.<\/p>\n<\/div>\n<div><\/div>\n<div><\/div>\n<div class=\"inner-social-box\">\n<div class=\"subs-in-social subs-whatsapp\"><\/div>\n<\/div>\n","protected":false},"excerpt":{"rendered":"<p>M\u00fcdafi\u0259 Nazirliyinin r\u0259hb\u0259r hey\u0259ti azad edilmi\u015f \u0259razil\u0259rd\u0259 xidm\u0259t ed\u0259n h\u0259rbi qulluq\u00e7ularla g\u00f6r\u00fc\u015f\u00fcb. Nazirlikd\u0259n\u00a0Musavat.com-a bildirilib ki, m\u00fcdafi\u0259 naziri general-polkovnik Zakir H\u0259s\u0259nov Az\u0259rbaycan Respublikas\u0131n\u0131n Prezidenti, Silahl\u0131 Q\u00fcvv\u0259l\u0259rin Ali Ba\u015f Komandan\u0131 \u0130lham \u018fliyevin diqq\u0259t v\u0259 qay\u011f\u0131s\u0131 say\u0259sind\u0259 \u00f6lk\u0259nin b\u00fct\u00fcn b\u00f6lg\u0259l\u0259rind\u0259, o c\u00fcml\u0259d\u0259n azad edilmi\u015f \u0259razil\u0259rd\u0259 h\u0259rbi qulluq\u00e7ular\u0131n maddi-texniki t\u0259minat\u0131n\u0131n v\u0259 sosial-m\u0259i\u015f\u0259t \u015f\u0259raitinin daha da yax\u015f\u0131la\u015fd\u0131r\u0131lmas\u0131 \u00fczr\u0259 g\u00f6r\u00fcl\u0259n i\u015fl\u0259rd\u0259n dan\u0131\u015f\u0131b. Az\u0259rbaycan Ordusunda apar\u0131lan islahatlar\u0131n m\u00fcsb\u0259t n\u0259tic\u0259l\u0259rini qeyd ed\u0259n nazir bu istiqam\u0259td\u0259 g\u00f6r\u00fcl\u0259n i\u015fl\u0259rin bundan sonra da u\u011furla davam etdiril\u0259c\u0259yini \u0259minlikl\u0259 bildirib. Sonda general-polkovnik Z.H\u0259s\u0259nov h\u0259rbi qulluq\u00e7ular\u0131n qay\u011f\u0131lar\u0131 il\u0259 maraqlan\u0131b, onlar\u0131n f\u0259rdi haz\u0131rl\u0131\u011f\u0131n\u0131n inki\u015faf etdirilm\u0259si,&hellip;<\/p>\n","protected":false},"author":2,"featured_media":739602,"comment_status":"closed","ping_status":"closed","sticky":false,"template":"","format":"standard","meta":{"om_disable_all_campaigns":false,"_monsterinsights_skip_tracking":false,"_monsterinsights_sitenote_active":false,"_monsterinsights_sitenote_note":"","_monsterinsights_sitenote_category":0},"categories":[10],"tags":[],"aioseo_notices":[],"gutentor_comment":0,"rttpg_featured_image_url":{"full":["https:\/\/arantv.az\/wp-content\/uploads\/2024\/07\/251a953023d62c9d3990db4c6ec68278.jpg",850,500,false],"landscape":["https:\/\/arantv.az\/wp-content\/uploads\/2024\/07\/251a953023d62c9d3990db4c6ec68278.jpg",850,500,false],"portraits":["https:\/\/arantv.az\/wp-content\/uploads\/2024\/07\/251a953023d62c9d3990db4c6ec68278.jpg",850,500,false],"thumbnail":["https:\/\/arantv.az\/wp-content\/uploads\/2024\/07\/251a953023d62c9d3990db4c6ec68278-500x280.jpg",500,280,true],"medium":["https:\/\/arantv.az\/wp-content\/uploads\/2024\/07\/251a953023d62c9d3990db4c6ec68278-621x365.jpg",621,365,true],"large":["https:\/\/arantv.az\/wp-content\/uploads\/2024\/07\/251a953023d62c9d3990db4c6ec68278-840x494.jpg",640,376,true],"1536x1536":["https:\/\/arantv.az\/wp-content\/uploads\/2024\/07\/251a953023d62c9d3990db4c6ec68278.jpg",850,500,false],"2048x2048":["https:\/\/arantv.az\/wp-content\/uploads\/2024\/07\/251a953023d62c9d3990db4c6ec68278.jpg",850,500,false],"post-thumbnail":["https:\/\/arantv.az\/wp-content\/uploads\/2024\/07\/251a953023d62c9d3990db4c6ec68278-240x172.jpg",240,172,true],"advps-thumb-one":["https:\/\/arantv.az\/wp-content\/uploads\/2024\/07\/251a953023d62c9d3990db4c6ec68278.jpg",850,500,false]},"rttpg_author":{"display_name":"V\u00fcsal Rafiqo\u011flu","author_link":"https:\/\/arantv.az\/?author=2"},"rttpg_comment":0,"rttpg_category":"<a href=\"https:\/\/arantv.az\/?cat=10\" rel=\"category\">C\u0259bh\u0259d\u0259n X\u0259b\u0259r<\/a>","rttpg_excerpt":"M\u00fcdafi\u0259 Nazirliyinin r\u0259hb\u0259r hey\u0259ti azad edilmi\u015f \u0259razil\u0259rd\u0259 xidm\u0259t ed\u0259n h\u0259rbi qulluq\u00e7ularla g\u00f6r\u00fc\u015f\u00fcb. Nazirlikd\u0259n\u00a0Musavat.com-a bildirilib ki, m\u00fcdafi\u0259 naziri general-polkovnik Zakir H\u0259s\u0259nov Az\u0259rbaycan Respublikas\u0131n\u0131n Prezidenti, Silahl\u0131 Q\u00fcvv\u0259l\u0259rin Ali Ba\u015f Komandan\u0131 \u0130lham \u018fliyevin diqq\u0259t v\u0259 qay\u011f\u0131s\u0131 say\u0259sind\u0259 \u00f6lk\u0259nin b\u00fct\u00fcn b\u00f6lg\u0259l\u0259rind\u0259, o c\u00fcml\u0259d\u0259n azad edilmi\u015f \u0259razil\u0259rd\u0259 h\u0259rbi qulluq\u00e7ular\u0131n maddi-texniki t\u0259minat\u0131n\u0131n v\u0259 sosial-m\u0259i\u015f\u0259t \u015f\u0259raitinin daha da yax\u015f\u0131la\u015fd\u0131r\u0131lmas\u0131 \u00fczr\u0259 g\u00f6r\u00fcl\u0259n i\u015fl\u0259rd\u0259n&hellip;","_links":{"self":[{"href":"https:\/\/arantv.az\/index.php?rest_route=\/wp\/v2\/posts\/739601"}],"collection":[{"href":"https:\/\/arantv.az\/index.php?rest_route=\/wp\/v2\/posts"}],"about":[{"href":"https:\/\/arantv.az\/index.php?rest_route=\/wp\/v2\/types\/post"}],"author":[{"embeddable":true,"href":"https:\/\/arantv.az\/index.php?rest_route=\/wp\/v2\/users\/2"}],"replies":[{"embeddable":true,"href":"https:\/\/arantv.az\/index.php?rest_route=%2Fwp%2Fv2%2Fcomments&post=739601"}],"version-history":[{"count":2,"href":"https:\/\/arantv.az\/index.php?rest_route=\/wp\/v2\/posts\/739601\/revisions"}],"predecessor-version":[{"id":739604,"href":"https:\/\/arantv.az\/index.php?rest_route=\/wp\/v2\/posts\/739601\/revisions\/739604"}],"wp:featuredmedia":[{"embeddable":true,"href":"https:\/\/arantv.az\/index.php?rest_route=\/wp\/v2\/media\/739602"}],"wp:attachment":[{"href":"https:\/\/arantv.az\/index.php?rest_route=%2Fwp%2Fv2%2Fmedia&parent=739601"}],"wp:term":[{"taxonomy":"category","embeddable":true,"href":"https:\/\/arantv.az\/index.php?rest_route=%2Fwp%2Fv2%2Fcategories&post=739601"},{"taxonomy":"post_tag","embeddable":true,"href":"https:\/\/arantv.az\/index.php?rest_route=%2Fwp%2Fv2%2Ftags&post=739601"}],"curies":[{"name":"wp","href":"https:\/\/api.w.org\/{rel}","templated":true}]}}