{"id":739666,"date":"2024-07-24T13:38:27","date_gmt":"2024-07-24T09:38:27","guid":{"rendered":"https:\/\/arantv.az\/?p=739666"},"modified":"2024-07-24T13:38:27","modified_gmt":"2024-07-24T09:38:27","slug":"say-irsimiz-layih%c9%99sin%c9%99-start-verilir","status":"publish","type":"post","link":"https:\/\/arantv.az\/?p=739666","title":{"rendered":"SAY: \u201c\u0130rsim\u0130Z\u201d layih\u0259sin\u0259 start verilir"},"content":{"rendered":"<p><em><strong>\u201c\u0130R\u018fL\u0130\u201d \u0130ctimai Birliyi Az\u0259rbaycan Respuiblikas\u0131 G\u0259ncl\u0259r v\u0259 \u0130dman Nazirliyinin d\u0259st\u0259yi il\u0259 &#8220;SAY: Support of Azerbaijan Youth\u201d h\u0259r\u0259kat\u0131 ad\u0131 alt\u0131nda \u2013 \u201cSAY: \u0130RS\u0130M\u0130Z\u201d layih\u0259sin\u0259 start verir.<\/strong><\/em><\/p>\n<p><strong>ARANTV.AZ x\u0259b\u0259r verir ki,<\/strong>\u00a0\u00a0\u201cSAY: \u0130rsimiz\u201d layih\u0259sinin m\u0259qs\u0259di g\u0259ncl\u0259ri Az\u0259rbaycan\u0131n z\u0259ngin m\u0259d\u0259ni irsi il\u0259 tan\u0131\u015f etm\u0259k, bu m\u00f6vzuda maarifl\u0259ndirm\u0259kl\u0259\u00a0 onlar\u0131 milli-m\u0259n\u0259vi d\u0259y\u0259rl\u0259rimiz\u0259 sadiq ruhda formala\u015fd\u0131rmaqd\u0131r. Buraya tariximizi, \u0259d\u0259biyyat\u0131m\u0131z\u0131, g\u00f6rk\u0259mli \u015f\u0259xsiyy\u0259tl\u0259rimizi, tarixi abid\u0259l\u0259rimizi, toponiml\u0259ri, milli r\u0259qsl\u0259rimizi, filml\u0259rimizi, mahn\u0131lar\u0131m\u0131z\u0131, m\u0259tb\u0259ximizi ara\u015fd\u0131rmaq daxildir. Layih\u0259 \u00e7\u0259r\u00e7iv\u0259sind\u0259 m\u00fcxt\u0259lif t\u0259liml\u0259r, g\u00f6r\u00fc\u015fl\u0259r, infosessiyalar, praktiki m\u0259\u015f\u011f\u0259l\u0259l\u0259r, teatr tama\u015falar\u0131, r\u0259qs n\u00fcmayi\u015fl\u0259ri, m\u00fczakir\u0259 saatlar\u0131, intellektual oyunlar v\u0259 dig\u0259r f\u0259aliyy\u0259tl\u0259r t\u0259\u015fkil etm\u0259kl\u0259 biz g\u0259ncl\u0259rin bilik v\u0259 bacar\u0131qlar\u0131n\u0131n artmas\u0131na, milli irsimizin mahiyy\u0259tini \u00f6yr\u0259nm\u0259l\u0259ri v\u0259 d\u0259y\u0259rl\u0259ndirm\u0259l\u0259ri \u00fc\u00e7\u00fcn c\u0259lbedici v\u0259 maarifl\u0259ndirici m\u00fchit yaratma\u011f\u0131 h\u0259d\u0259fl\u0259yir.<\/p>\n<p>SAY h\u0259r\u0259kat\u0131 alt\u0131nda ke\u00e7iril\u0259n v\u0259 sayca 9-cu olan &#8220;SAY: \u0130RS\u0130M\u0130Z&#8221; layih\u0259si Az\u0259rbaycan Respublikas\u0131n\u0131n G\u0259ncl\u0259r v\u0259 \u0130dman Nazirliyinin d\u0259st\u0259yi il\u0259 t\u0259\u015fkil olunur v\u0259 15-19 avqust 2024-c\u00fc il tarixl\u0259rind\u0259 Qusar rayon Olimia \u0130dman kompleksind\u0259 ke\u00e7iril\u0259c\u0259kdir.<\/p>\n<p>&#8220;\u0130R\u018fL\u0130&#8221; \u0130ctimai Birliyi \u00a0&#8220;SAY: Support of Azerbaijan Youth&#8221;\u00a0 h\u0259r\u0259kat\u0131 ad\u0131 alt\u0131nda &#8220;SAY:K\u00f6n\u00fcll\u00fcl\u00fck Akademiyas\u0131&#8221;, &#8220;SAY: Green&#8221;, &#8220;SAY: Multikulturalizm&#8221; , &#8220;SAY: Volunteering Festival&#8221;, &#8220;SAY: Solidarity&#8221;, &#8220;SAY: Unity&#8221;\u00a0v\u0259 &#8220;SAY: C\u00fcmhuriyy\u0259t&#8221;\u00a0kimi b\u00f6y\u00fck layih\u0259l\u0259ri h\u0259yata ke\u00e7irib v\u0259 100-l\u0259rl\u0259 g\u0259nci \u00f6z \u0259traf\u0131nda toplama\u011f\u0131 bacar\u0131b.<\/p>\n<p>Layih\u0259d\u0259 i\u015ftirak etm\u0259k ist\u0259y\u0259n g\u0259ncl\u0259r iyulun 28-d\u0259k a\u015fa\u011f\u0131dak\u0131 qeydiyyat linki vasit\u0259sil\u0259 i\u015ftirak\u00e7\u0131 \u0259riz\u0259l\u0259rini t\u0259qdim ed\u0259 bil\u0259rl\u0259r:<\/p>\n<p>(https:\/\/forms.gle\/2Z61SCUh743owg7k6 ).<\/p>\n","protected":false},"excerpt":{"rendered":"<p>\u201c\u0130R\u018fL\u0130\u201d \u0130ctimai Birliyi Az\u0259rbaycan Respuiblikas\u0131 G\u0259ncl\u0259r v\u0259 \u0130dman Nazirliyinin d\u0259st\u0259yi il\u0259 &#8220;SAY: Support of Azerbaijan Youth\u201d h\u0259r\u0259kat\u0131 ad\u0131 alt\u0131nda \u2013 \u201cSAY: \u0130RS\u0130M\u0130Z\u201d layih\u0259sin\u0259 start verir. ARANTV.AZ x\u0259b\u0259r verir ki,\u00a0\u00a0\u201cSAY: \u0130rsimiz\u201d layih\u0259sinin m\u0259qs\u0259di g\u0259ncl\u0259ri Az\u0259rbaycan\u0131n z\u0259ngin m\u0259d\u0259ni irsi il\u0259 tan\u0131\u015f etm\u0259k, bu m\u00f6vzuda maarifl\u0259ndirm\u0259kl\u0259\u00a0 onlar\u0131 milli-m\u0259n\u0259vi d\u0259y\u0259rl\u0259rimiz\u0259 sadiq ruhda formala\u015fd\u0131rmaqd\u0131r. Buraya tariximizi, \u0259d\u0259biyyat\u0131m\u0131z\u0131, g\u00f6rk\u0259mli \u015f\u0259xsiyy\u0259tl\u0259rimizi, tarixi abid\u0259l\u0259rimizi, toponiml\u0259ri, milli r\u0259qsl\u0259rimizi, filml\u0259rimizi, mahn\u0131lar\u0131m\u0131z\u0131, m\u0259tb\u0259ximizi ara\u015fd\u0131rmaq daxildir. Layih\u0259 \u00e7\u0259r\u00e7iv\u0259sind\u0259 m\u00fcxt\u0259lif t\u0259liml\u0259r, g\u00f6r\u00fc\u015fl\u0259r, infosessiyalar, praktiki m\u0259\u015f\u011f\u0259l\u0259l\u0259r, teatr tama\u015falar\u0131, r\u0259qs n\u00fcmayi\u015fl\u0259ri, m\u00fczakir\u0259 saatlar\u0131, intellektual oyunlar v\u0259 dig\u0259r f\u0259aliyy\u0259tl\u0259r t\u0259\u015fkil etm\u0259kl\u0259 biz g\u0259ncl\u0259rin bilik v\u0259 bacar\u0131qlar\u0131n\u0131n&hellip;<\/p>\n","protected":false},"author":2,"featured_media":739667,"comment_status":"closed","ping_status":"closed","sticky":false,"template":"","format":"standard","meta":{"om_disable_all_campaigns":false,"_monsterinsights_skip_tracking":false,"_monsterinsights_sitenote_active":false,"_monsterinsights_sitenote_note":"","_monsterinsights_sitenote_category":0},"categories":[1],"tags":[],"aioseo_notices":[],"gutentor_comment":0,"rttpg_featured_image_url":{"full":["https:\/\/arantv.az\/wp-content\/uploads\/2024\/07\/df308fd9172181311550228849010177957.jpg",975,540,false],"landscape":["https:\/\/arantv.az\/wp-content\/uploads\/2024\/07\/df308fd9172181311550228849010177957.jpg",975,540,false],"portraits":["https:\/\/arantv.az\/wp-content\/uploads\/2024\/07\/df308fd9172181311550228849010177957.jpg",975,540,false],"thumbnail":["https:\/\/arantv.az\/wp-content\/uploads\/2024\/07\/df308fd9172181311550228849010177957-500x280.jpg",500,280,true],"medium":["https:\/\/arantv.az\/wp-content\/uploads\/2024\/07\/df308fd9172181311550228849010177957-660x365.jpg",660,365,true],"large":["https:\/\/arantv.az\/wp-content\/uploads\/2024\/07\/df308fd9172181311550228849010177957-840x465.jpg",640,354,true],"1536x1536":["https:\/\/arantv.az\/wp-content\/uploads\/2024\/07\/df308fd9172181311550228849010177957.jpg",975,540,false],"2048x2048":["https:\/\/arantv.az\/wp-content\/uploads\/2024\/07\/df308fd9172181311550228849010177957.jpg",975,540,false],"post-thumbnail":["https:\/\/arantv.az\/wp-content\/uploads\/2024\/07\/df308fd9172181311550228849010177957-240x172.jpg",240,172,true],"advps-thumb-one":["https:\/\/arantv.az\/wp-content\/uploads\/2024\/07\/df308fd9172181311550228849010177957.jpg",975,540,false]},"rttpg_author":{"display_name":"V\u00fcsal Rafiqo\u011flu","author_link":"https:\/\/arantv.az\/?author=2"},"rttpg_comment":0,"rttpg_category":"<a href=\"https:\/\/arantv.az\/?cat=1\" rel=\"category\">C\u0259miyy\u0259t<\/a>","rttpg_excerpt":"\u201c\u0130R\u018fL\u0130\u201d \u0130ctimai Birliyi Az\u0259rbaycan Respuiblikas\u0131 G\u0259ncl\u0259r v\u0259 \u0130dman Nazirliyinin d\u0259st\u0259yi il\u0259 &#8220;SAY: Support of Azerbaijan Youth\u201d h\u0259r\u0259kat\u0131 ad\u0131 alt\u0131nda \u2013 \u201cSAY: \u0130RS\u0130M\u0130Z\u201d layih\u0259sin\u0259 start verir. ARANTV.AZ x\u0259b\u0259r verir ki,\u00a0\u00a0\u201cSAY: \u0130rsimiz\u201d layih\u0259sinin m\u0259qs\u0259di g\u0259ncl\u0259ri Az\u0259rbaycan\u0131n z\u0259ngin m\u0259d\u0259ni irsi il\u0259 tan\u0131\u015f etm\u0259k, bu m\u00f6vzuda maarifl\u0259ndirm\u0259kl\u0259\u00a0 onlar\u0131 milli-m\u0259n\u0259vi d\u0259y\u0259rl\u0259rimiz\u0259 sadiq ruhda formala\u015fd\u0131rmaqd\u0131r. Buraya tariximizi, \u0259d\u0259biyyat\u0131m\u0131z\u0131, g\u00f6rk\u0259mli \u015f\u0259xsiyy\u0259tl\u0259rimizi, tarixi&hellip;","_links":{"self":[{"href":"https:\/\/arantv.az\/index.php?rest_route=\/wp\/v2\/posts\/739666"}],"collection":[{"href":"https:\/\/arantv.az\/index.php?rest_route=\/wp\/v2\/posts"}],"about":[{"href":"https:\/\/arantv.az\/index.php?rest_route=\/wp\/v2\/types\/post"}],"author":[{"embeddable":true,"href":"https:\/\/arantv.az\/index.php?rest_route=\/wp\/v2\/users\/2"}],"replies":[{"embeddable":true,"href":"https:\/\/arantv.az\/index.php?rest_route=%2Fwp%2Fv2%2Fcomments&post=739666"}],"version-history":[{"count":1,"href":"https:\/\/arantv.az\/index.php?rest_route=\/wp\/v2\/posts\/739666\/revisions"}],"predecessor-version":[{"id":739668,"href":"https:\/\/arantv.az\/index.php?rest_route=\/wp\/v2\/posts\/739666\/revisions\/739668"}],"wp:featuredmedia":[{"embeddable":true,"href":"https:\/\/arantv.az\/index.php?rest_route=\/wp\/v2\/media\/739667"}],"wp:attachment":[{"href":"https:\/\/arantv.az\/index.php?rest_route=%2Fwp%2Fv2%2Fmedia&parent=739666"}],"wp:term":[{"taxonomy":"category","embeddable":true,"href":"https:\/\/arantv.az\/index.php?rest_route=%2Fwp%2Fv2%2Fcategories&post=739666"},{"taxonomy":"post_tag","embeddable":true,"href":"https:\/\/arantv.az\/index.php?rest_route=%2Fwp%2Fv2%2Ftags&post=739666"}],"curies":[{"name":"wp","href":"https:\/\/api.w.org\/{rel}","templated":true}]}}