{"id":739726,"date":"2024-07-24T14:42:11","date_gmt":"2024-07-24T10:42:11","guid":{"rendered":"https:\/\/arantv.az\/?p=739726"},"modified":"2024-07-24T14:42:11","modified_gmt":"2024-07-24T10:42:11","slug":"ali-bas-komandanin-susa-mesajlari-dunya-ondan-danisir","status":"publish","type":"post","link":"https:\/\/arantv.az\/?p=739726","title":{"rendered":"Ali Ba\u015f Komandan\u0131n \u015eu\u015fa mesajlar\u0131 &#8211; d\u00fcnya ondan dan\u0131\u015f\u0131r&#8230;"},"content":{"rendered":"<p><strong>Deputat: \u201cAz\u0259rbaycanda ke\u00e7iril\u0259n h\u0259r bir beyn\u0259lxalq \u0259h\u0259miyy\u0259tli t\u0259dbir \u00f6lk\u0259mizin sabitl\u0259\u015fdirici, birl\u0259\u015fdirici aktor roluna i\u015f\u0131q sal\u0131r\u201d<\/strong><\/p>\n<p><em>\u015eu\u015fada ke\u00e7iril\u0259n II \u015eu\u015fa Qlobal Media Forumu ba\u015fa \u00e7atd\u0131. Bu t\u0259dbir d\u00fcnya g\u00fcnd\u0259minin d\u0259 \u0259sas m\u00fczakir\u0259 m\u00f6vzular\u0131ndan birin\u0259 \u00e7evrilib.\u00a0<\/em><\/p>\n<p>Forumun a\u00e7\u0131l\u0131\u015f m\u0259ramisind\u0259 Az\u0259rbaycan Prezidenti \u0130lham \u018fliyevin \u201cYalan m\u0259lumatlar\u0131n if\u015fas\u0131: Dezinformasiyaya qar\u015f\u0131 m\u00fcbariz\u0259\u201d m\u00f6vzusunda \u00e7\u0131x\u0131\u015f\u0131 zaman\u0131 s\u0259sl\u0259ndirdiyi fikirl\u0259r diqq\u0259tl\u0259ri x\u00fcsusil\u0259 \u00e7\u0259kdi. Az\u0259rbaycan v\u0259 d\u00fcnya m\u0259tbuat\u0131nda Ali Ba\u015f Komandan\u0131n Amerikada bu ilin noyabr\u0131nda ke\u00e7iril\u0259c\u0259k se\u00e7kil\u0259r, el\u0259c\u0259 d\u0259 Fransa bar\u0259d\u0259 dedikl\u0259rinin \u0259traf\u0131nda geni\u015f m\u00fczakir\u0259l\u0259r a\u00e7\u0131l\u0131b.<\/p>\n<p><strong>VI \u00e7a\u011f\u0131r\u0131\u015f Milli M\u0259clisin deputat\u0131 Kamran Bayramov \u201cYeni M\u00fcsavat\u201da a\u00e7\u0131qlamas\u0131nda \u015eu\u015fa Forumunun \u0259h\u0259miyy\u0259tind\u0259n dan\u0131\u015fd\u0131:<\/strong>\u00a0\u201cBu g\u00fcn informasiya yay\u0131m\u0131n\u0131n v\u0259 kommunikasiya vasit\u0259l\u0259rinin n\u00f6vl\u0259rinin s\u00fcr\u0259tl\u0259 d\u0259yi\u015fdiyi m\u00fcasir d\u00f6vrd\u0259 m\u0259lumatlara \u0259l\u00e7atanl\u0131q \u0259h\u0259miyy\u0259tli d\u0259r\u0259c\u0259d\u0259 asanla\u015f\u0131b. D\u00fcnya miqyas\u0131nda saxta x\u0259b\u0259rl\u0259rin bil\u0259r\u0259kd\u0259n v\u0259 ya bilm\u0259y\u0259r\u0259kd\u0259n geni\u015f \u015f\u0259kild\u0259 yay\u0131lmas\u0131, el\u0259c\u0259 d\u0259 bel\u0259 m\u0259lumatlar\u0131n m\u00fcxt\u0259lif ictimai prosesl\u0259r\u0259 m\u0259nfi t\u0259siri son ill\u0259rd\u0259 x\u00fcsusil\u0259 n\u0259z\u0259r\u0259 \u00e7arpmaqdad\u0131r. Forumda d\u00f6vl\u0259timizin ba\u015f\u00e7\u0131s\u0131 \u0130lham \u018fliyev bel\u0259 bir \u00e7a\u011f\u0131r\u0131\u015f etdi ki, m\u0259lumat\u0131n h\u0259qiq\u0259t\u0259 s\u00f6yk\u0259nm\u0259si \u0259n \u00f6n\u0259mli m\u0259s\u0259l\u0259dir. Yay\u0131lan informasiya he\u00e7 bir halda birt\u0259r\u0259fli v\u0259 ya q\u0259r\u0259zli olmamal\u0131d\u0131r. 50-y\u0259 yax\u0131n \u00f6lk\u0259d\u0259n 150-d\u0259n \u00e7ox xarici qona\u011f\u0131n, o c\u00fcml\u0259d\u0259n 30-a yax\u0131n \u00f6lk\u0259nin informasiya agentliyi, 3 beyn\u0259lxalq t\u0259\u015fkilat v\u0259 82 media qurumunun n\u00fcmay\u0259nd\u0259l\u0259rinin qat\u0131ld\u0131\u011f\u0131 forum i\u015ftirak\u00e7\u0131lar \u00fc\u00e7\u00fcn birg\u0259 m\u00fczakir\u0259 v\u0259 h\u0259r\u0259k\u0259t platformas\u0131 rolunu oynay\u0131r. Forum ist\u0259r regionda, ist\u0259r d\u00fcnyada, ist\u0259rs\u0259 d\u0259 ayr\u0131-ayr\u0131 \u00f6lk\u0259l\u0259rd\u0259 ba\u015f ver\u0259n hadis\u0259l\u0259r bar\u0259d\u0259 daha dol\u011fun m\u0259lumatlar\u0131n \u0259ld\u0259 edilm\u0259sin\u0259, obyektiv, q\u0259r\u0259zsiz i\u015f\u0131qland\u0131r\u0131lmas\u0131na yol a\u00e7acaq.<\/p>\n<p>Prezident \u0130lham \u018fliyev \u00f6t\u0259n il ke\u00e7iril\u0259n forumda bir m\u00fch\u00fcm m\u0259qam\u0131 t\u0259dbir i\u015ftirak\u00e7\u0131lar\u0131n\u0131n diqq\u0259tin\u0259 \u00e7atd\u0131rm\u0131\u015fd\u0131. C\u0259nab Prezident demi\u015fdi: \u201c2022-ci ild\u0259 \u015eu\u015fada Az\u0259rbaycan\u0131n media n\u00fcmay\u0259nd\u0259l\u0259rinin birinci forumu ke\u00e7iril\u0259nd\u0259 m\u0259n o t\u0259dbird\u0259 i\u015ftirak etm\u0259dim. Prezident Administrasiyas\u0131na g\u00f6st\u0259ri\u015f verdim ki, g\u0259l\u0259n d\u0259f\u0259 bu t\u0259dbiri beyn\u0259lxalq forum s\u0259viyy\u0259sind\u0259 t\u0259\u015fkil etm\u0259k laz\u0131md\u0131r. Bu, art\u0131q ba\u015f verir v\u0259 m\u0259n q\u0259rara ald\u0131m ki, burada i\u015ftirak edim. Bu t\u0259dbird\u0259 \u00e7\u0131x\u0131\u015f\u00e7\u0131 kimi t\u0259qdim edilmi\u015fdim. Ancaq m\u0259n hesab etdim ki, burada uzun-uzad\u0131 \u00e7\u0131x\u0131\u015f etm\u0259y\u0259 ehtiyac yoxdur. Hesab etdim ki, bu sor\u011fu-sual daha maraql\u0131 olar&#8221;&#8221;.<\/p>\n<p><img src=\"https:\/\/azertag.az\/files\/2020\/2\/1200x630\/15916752925759011652_1200x630.jpg\" alt=\"Kamran Bayramov: He\u00e7 bir t\u0259xribat polisimizin c\u0259miyy\u0259td\u0259 olan n\u00fcfuzunu  sars\u0131da bilm\u0259z - AZ\u018fRTAC\" \/><\/p>\n<p><strong>Kamran Bayramov<\/strong><\/p>\n<p><strong>Deputat d\u00f6vl\u0259t ba\u015f\u00e7\u0131s\u0131n\u0131n forumun m\u00fcnt\u0259z\u0259m olaraq ke\u00e7irilm\u0259si bar\u0259d\u0259 tap\u015f\u0131r\u0131q verm\u0259sini d\u0259 diqq\u0259t\u0259 \u00e7atd\u0131r\u0131b:<\/strong>\u00a0\u201cD\u00f6vl\u0259timizin ba\u015f\u00e7\u0131s\u0131 s\u00f6z\u00fcged\u0259n forumdak\u0131 \u00e7\u0131x\u0131\u015f\u0131nda d\u00fcnyan\u0131n ikili standartlara \u0259saslanan siyas\u0259tind\u0259n b\u0259hs ed\u0259r\u0259k bildirdi ki, natamam, qeyri-d\u0259qiq v\u0259 manipulyasiya edilmi\u015f hesabatlar Q\u0259rbd\u0259n qaynaqlan\u0131r. C\u0259nab Prezident bu fikirl\u0259ri x\u00fcsusi vur\u011fulad\u0131: &#8220;Biz haz\u0131rk\u0131 AB\u015e Administrasiyas\u0131n\u0131n f\u0259aliyy\u0259tind\u0259n, h\u0259r\u0259k\u0259tl\u0259rind\u0259n d\u0259rind\u0259n m\u0259yus olmu\u015fuq. Bu, birt\u0259r\u0259fli yana\u015fmad\u0131r. Qafqazda ay\u0131r\u0131c\u0131 x\u0259tl\u0259rin \u00e7\u0259kilm\u0259si olduqca t\u0259\u0259cc\u00fcbl\u00fcd\u00fcr. Bildiyiniz kimi, AB\u015e d\u00f6vl\u0259t katibi, Avropa Komissiyas\u0131n\u0131n Prezidenti v\u0259 onlar\u0131n bir n\u00f6v xarici i\u015fl\u0259r naziri hesab edil\u0259n ali komissar\u0131 Br\u00fcsseld\u0259 g\u00f6r\u00fc\u015fd\u00fcl\u0259r. Bu g\u00f6r\u00fc\u015fd\u0259 onlar Erm\u0259nistan\u0131n h\u0259rbi bax\u0131mdan maliyy\u0259l\u0259\u015fdirilm\u0259si m\u0259s\u0259l\u0259sini m\u00fczakir\u0259 etdil\u0259r. Onlar h\u0259rbi sah\u0259d\u0259 maliyy\u0259 ay\u0131rmaq m\u0259qs\u0259dini g\u00fcd\u00fcrl\u0259r v\u0259 bu, bizim \u00fc\u00e7\u00fcn tamamil\u0259 q\u0259buledilm\u0259zdir. Biz b\u0259z\u0259n a\u00e7\u0131q, ictimai \u015f\u0259kild\u0259, b\u0259z\u0259n d\u0259 p\u0259rd\u0259arxas\u0131 mesajlar\u0131m\u0131z\u0131 veririk ki, Az\u0259rbaycan\u0131n maraqlar\u0131 C\u0259nubi Qafqazda t\u0259min edilm\u0259lidir. Kims\u0259 bizim maraqlar\u0131m\u0131z\u0131 g\u00f6rm\u0259zd\u0259n g\u0259lm\u0259y\u0259 \u00e7al\u0131\u015fsa, \u0259lb\u0259tt\u0259 ki, onlar yan\u0131lacaqlar v\u0259 u\u011fursuzlu\u011fa d\u00fc\u00e7ar olacaqlar. Biz \u0259lb\u0259tt\u0259 ki, AB\u015e-da prezident se\u00e7kil\u0259rinin n\u0259tic\u0259l\u0259rind\u0259n as\u0131l\u0131 olmayaraq, m\u0259n s\u0259mimi deyir\u0259m ki, anti-Az\u0259rbaycan f\u0259aliyy\u0259tin bir hiss\u0259si prezident se\u00e7kisi il\u0259 ba\u011fl\u0131d\u0131r. Onlar erm\u0259nil\u0259rin s\u0259sl\u0259rini qazanmaq ist\u0259yirl\u0259r. Ona g\u00f6r\u0259 d\u0259, z\u0259nnimc\u0259, m\u0259qs\u0259d m\u0259hz, el\u0259 bundan ibar\u0259t idi. M\u0259n tamamil\u0259 obyektiv olma\u011fa \u00e7al\u0131\u015f\u0131ram. \u00dcmid edir\u0259m ki, se\u00e7kid\u0259n sonra AB\u015e-da v\u0259 Avropada Az\u0259rbaycan haqq\u0131nda, bizim potensial\u0131m\u0131z, rolumuz haqq\u0131nda daha yax\u015f\u0131 anlay\u0131\u015f olsun. Y\u0259ni biz \u015fou qurmuruq, \u00f6y\u00fcnm\u00fcr\u00fck. Biz bilirik potensial\u0131m\u0131z n\u0259d\u0259n ibar\u0259tdir v\u0259 bunu biziml\u0259 \u0259m\u0259kda\u015fl\u0131q ed\u0259n h\u0259r k\u0259s bilir. Bu potensialdan xo\u015f niyy\u0259t, xo\u015f m\u0259ram, konsolidasiya, t\u0259r\u0259fda\u015fl\u0131q \u00fc\u00e7\u00fcn istifad\u0259 edilm\u0259lidir v\u0259 biz demonizasiya qurban\u0131 olmamal\u0131y\u0131q&#8221;&#8221;.<\/p>\n<p>Az\u0259rbaycanda ke\u00e7iril\u0259n h\u0259r bir beyn\u0259lxalq \u0259h\u0259miyy\u0259tli t\u0259dbir Az\u0259rbaycan\u0131n sabitl\u0259\u015fdirici, birl\u0259\u015fdirici aktor roluna i\u015f\u0131q sal\u0131r. Prezident \u0130lham \u018fliyevin II \u015eu\u015fa Qlobal Media Forumundak\u0131 \u00e7\u0131x\u0131\u015f\u0131 zaman\u0131 s\u0259sl\u0259ndirdiyi fikirl\u0259r, beyn\u0259lxalq ekspert v\u0259 jurnalistl\u0259rin suallar\u0131 il\u0259 ba\u011fl\u0131 \u015f\u0259rhl\u0259ri AB\u015e medias\u0131nda da i\u015f\u0131qland\u0131r\u0131l\u0131b. \u00d6lk\u0259nin n\u00fcfuzlu \u201cBloomberg\u201d n\u0259\u015fri \u00f6lk\u0259 ba\u015f\u00e7\u0131s\u0131n\u0131n Rusiyan\u0131n Ukrayna \u0259razisind\u0259n Avropaya qaz n\u0259qlini 2025-ci ild\u0259 dayand\u0131raca\u011f\u0131 v\u0259 Az\u0259rbaycan qaz\u0131n\u0131n Avropaya \u00e7atd\u0131r\u0131lmas\u0131 il\u0259 ba\u011fl\u0131 fikirl\u0259ri bar\u0259d\u0259 yaz\u0131b. H\u0259m\u00e7inin Prezident \u0130lham \u018fliyevin Fransan\u0131n m\u00fcst\u0259ml\u0259k\u0259 alt\u0131nda saxlad\u0131\u011f\u0131 \u0259razil\u0259rl\u0259 ba\u011fl\u0131 fikirl\u0259ri d\u0259 AB\u015e medias\u0131nda geni\u015f d\u0259rc olunub. \u201cVoice of America\u201d, \u201cGazette\u201d, \u201cUS News\u201d, \u201cDenver Gazette\u201d kimi n\u0259\u015frl\u0259rd\u0259 d\u0259rc olunmu\u015f yaz\u0131larda Prezident \u0130lham \u018fliyevin Fransan\u0131n Az\u0259rbaycan\u0131n daxili i\u015fl\u0259rin\u0259, Erm\u0259nistanla m\u00fcnasib\u0259tl\u0259rin\u0259 m\u00fcdaxil\u0259 etm\u0259kd\u0259 ittiham etm\u0259si vur\u011fulan\u0131b. S\u00f6z\u00fcged\u0259n saytlarda h\u0259m\u00e7inin Prezident \u0130lham \u018fliyevin Fransan\u0131n h\u0259l\u0259 d\u0259 m\u00fcst\u0259ml\u0259k\u0259 alt\u0131nda saxlad\u0131\u011f\u0131 \u0259razil\u0259r v\u0259 Az\u0259rbaycan\u0131n, ke\u00e7mi\u015fin bu iyr\u0259nc qal\u0131\u011f\u0131ndan \u00f6zl\u0259rini azad ed\u0259 bilm\u0259l\u0259ri \u00fc\u00e7\u00fcn onlara k\u00f6m\u0259k ed\u0259c\u0259yin\u0259 dair fikirl\u0259ri yer al\u0131b&#8221;.<\/p>\n<p><strong>M\u00fcsahibimiz Amerikadak\u0131 prezident se\u00e7kisin\u0259 d\u0259 toxunub:<\/strong>\u00a0\u201cAB\u015e-da noyabrda ke\u00e7iril\u0259c\u0259k prezident se\u00e7kisi \u0259r\u0259f\u0259si bu \u00f6lk\u0259d\u0259 ba\u015f ver\u0259nl\u0259r Az\u0259rbaycanda da diqq\u0259tl\u0259 izl\u0259nilir. T\u0259sad\u00fcfi deyil ki, II \u015eu\u015fa Qlobal Media Forumunda Prezident \u0130lham \u018fliyev\u0259 bu m\u00f6vzuda da suallar verilib. \u00d6lk\u0259 ba\u015f\u00e7\u0131s\u0131 \u0130lham \u018fliyev deyib ki, siyasi m\u0259d\u0259niyy\u0259t anlay\u0131\u015f\u0131 Tramp v\u0259 ya Bayden aras\u0131nda se\u00e7im sual\u0131na birba\u015fa cavab verm\u0259y\u0259 imkan yaratm\u0131r: &#8220;Q\u0259rar\u0131 Amerika xalq\u0131 ver\u0259c\u0259k. Bu, onlar\u0131n prezidentidir. Lakin eyni zamanda bu, b\u00fct\u00fcn d\u00fcnya \u00fc\u00e7\u00fcn x\u00fcsusi \u0259h\u0259miyy\u0259t\u0259 malikdir. \u00c7\u00fcnki bir \u00e7ox xalqlar\u0131n v\u0259 \u00f6lk\u0259l\u0259rin taleyi b\u00f6y\u00fck d\u0259r\u0259c\u0259d\u0259 Birl\u0259\u015fmi\u015f \u015etatlar\u0131n birinci \u015f\u0259xsinin ver\u0259c\u0259yi q\u0259rarlardan as\u0131l\u0131 olacaq. M\u0259nim fikrimc\u0259, Prezident Tramp\u0131n h\u0259l\u0259 d\u0259 davam ed\u0259n kampaniya zaman\u0131 s\u0259sl\u0259ndirdiyi m\u00fch\u00fcm tezisl\u0259rd\u0259n biri d\u0259 odur ki, onun vaxt\u0131nda he\u00e7 bir m\u00fcharib\u0259 olmayacaq. Onun hakimiyy\u0259ti d\u00f6vr\u00fcnd\u0259 Amerika m\u00fcharib\u0259l\u0259r\u0259 ba\u015flamad\u0131, Buna y\u0259qin ki, b\u00f6y\u00fck h\u00f6rm\u0259tl\u0259 yana\u015fma\u011fa d\u0259y\u0259r.<\/p>\n<p>D\u00f6vl\u0259timizin ba\u015f\u00e7\u0131s\u0131 h\u0259m\u00e7inin onu da qeyd edib ki, bizim AB\u015e-la m\u00fcnasib\u0259tl\u0259rimiz dem\u0259k olar ki, h\u0259r zaman sabit olub. \u018flb\u0259tt\u0259 ki, m\u00fc\u0259yy\u0259n eni\u015fli-yoxu\u015flu d\u00f6vrl\u0259r olub v\u0259 o da bizim g\u00fcnah\u0131m\u0131z deyildi. \u00c7\u00fcnki b\u0259z\u0259n Az\u0259rbaycanla ba\u011fl\u0131 m\u00fc\u0259yy\u0259n \u015fi\u015firdilmi\u015f g\u00f6zl\u0259ntil\u0259r olub. Dig\u0259r t\u0259r\u0259fd\u0259n, onlar bizim siyasi h\u0259yat\u0131m\u0131za m\u00fcdaxil\u0259 etm\u0259y\u0259 \u00e7al\u0131\u015f\u0131blar, siyasi m\u00fcxalif\u0259ti maliyy\u0259l\u0259\u015fdirm\u0259k c\u0259hdl\u0259ri edibl\u0259r. Bu c\u0259hdl\u0259r birba\u015fa v\u0259 ya m\u00fc\u0259yy\u0259n QHT-l\u0259r vasit\u0259sil\u0259 olub. Bildiyiniz kimi, Az\u0259rbaycan balaca \u00f6lk\u0259dir v\u0259 Bak\u0131da h\u0259r k\u0259s h\u0259r \u015feyi bilir&#8230;&#8221;<\/p>\n<p><strong>Cavan\u015fir ABBASLI,<br \/>\n\u201cYeni M\u00fcsavat\u201d<\/strong><\/p>\n","protected":false},"excerpt":{"rendered":"<p>Deputat: \u201cAz\u0259rbaycanda ke\u00e7iril\u0259n h\u0259r bir beyn\u0259lxalq \u0259h\u0259miyy\u0259tli t\u0259dbir \u00f6lk\u0259mizin sabitl\u0259\u015fdirici, birl\u0259\u015fdirici aktor roluna i\u015f\u0131q sal\u0131r\u201d \u015eu\u015fada ke\u00e7iril\u0259n II \u015eu\u015fa Qlobal Media Forumu ba\u015fa \u00e7atd\u0131. Bu t\u0259dbir d\u00fcnya g\u00fcnd\u0259minin d\u0259 \u0259sas m\u00fczakir\u0259 m\u00f6vzular\u0131ndan birin\u0259 \u00e7evrilib.\u00a0 Forumun a\u00e7\u0131l\u0131\u015f m\u0259ramisind\u0259 Az\u0259rbaycan Prezidenti \u0130lham \u018fliyevin \u201cYalan m\u0259lumatlar\u0131n if\u015fas\u0131: Dezinformasiyaya qar\u015f\u0131 m\u00fcbariz\u0259\u201d m\u00f6vzusunda \u00e7\u0131x\u0131\u015f\u0131 zaman\u0131 s\u0259sl\u0259ndirdiyi fikirl\u0259r diqq\u0259tl\u0259ri x\u00fcsusil\u0259 \u00e7\u0259kdi. Az\u0259rbaycan v\u0259 d\u00fcnya m\u0259tbuat\u0131nda Ali Ba\u015f Komandan\u0131n Amerikada bu ilin noyabr\u0131nda ke\u00e7iril\u0259c\u0259k se\u00e7kil\u0259r, el\u0259c\u0259 d\u0259 Fransa bar\u0259d\u0259 dedikl\u0259rinin \u0259traf\u0131nda geni\u015f m\u00fczakir\u0259l\u0259r a\u00e7\u0131l\u0131b. VI \u00e7a\u011f\u0131r\u0131\u015f Milli M\u0259clisin deputat\u0131 Kamran Bayramov \u201cYeni M\u00fcsavat\u201da a\u00e7\u0131qlamas\u0131nda \u015eu\u015fa Forumunun \u0259h\u0259miyy\u0259tind\u0259n&hellip;<\/p>\n","protected":false},"author":2,"featured_media":739727,"comment_status":"closed","ping_status":"closed","sticky":false,"template":"","format":"standard","meta":{"om_disable_all_campaigns":false,"_monsterinsights_skip_tracking":false,"_monsterinsights_sitenote_active":false,"_monsterinsights_sitenote_note":"","_monsterinsights_sitenote_category":0},"categories":[19],"tags":[],"aioseo_notices":[],"gutentor_comment":0,"rttpg_featured_image_url":{"full":["https:\/\/arantv.az\/wp-content\/uploads\/2024\/07\/6dce1254d7c66bd6a53fe8aa1e43b14a.jpg",850,500,false],"landscape":["https:\/\/arantv.az\/wp-content\/uploads\/2024\/07\/6dce1254d7c66bd6a53fe8aa1e43b14a.jpg",850,500,false],"portraits":["https:\/\/arantv.az\/wp-content\/uploads\/2024\/07\/6dce1254d7c66bd6a53fe8aa1e43b14a.jpg",850,500,false],"thumbnail":["https:\/\/arantv.az\/wp-content\/uploads\/2024\/07\/6dce1254d7c66bd6a53fe8aa1e43b14a-500x280.jpg",500,280,true],"medium":["https:\/\/arantv.az\/wp-content\/uploads\/2024\/07\/6dce1254d7c66bd6a53fe8aa1e43b14a-621x365.jpg",621,365,true],"large":["https:\/\/arantv.az\/wp-content\/uploads\/2024\/07\/6dce1254d7c66bd6a53fe8aa1e43b14a-840x494.jpg",640,376,true],"1536x1536":["https:\/\/arantv.az\/wp-content\/uploads\/2024\/07\/6dce1254d7c66bd6a53fe8aa1e43b14a.jpg",850,500,false],"2048x2048":["https:\/\/arantv.az\/wp-content\/uploads\/2024\/07\/6dce1254d7c66bd6a53fe8aa1e43b14a.jpg",850,500,false],"post-thumbnail":["https:\/\/arantv.az\/wp-content\/uploads\/2024\/07\/6dce1254d7c66bd6a53fe8aa1e43b14a-240x172.jpg",240,172,true],"advps-thumb-one":["https:\/\/arantv.az\/wp-content\/uploads\/2024\/07\/6dce1254d7c66bd6a53fe8aa1e43b14a.jpg",850,500,false]},"rttpg_author":{"display_name":"V\u00fcsal Rafiqo\u011flu","author_link":"https:\/\/arantv.az\/?author=2"},"rttpg_comment":0,"rttpg_category":"<a href=\"https:\/\/arantv.az\/?cat=19\" rel=\"category\">G\u00fcnd\u0259m<\/a>","rttpg_excerpt":"Deputat: \u201cAz\u0259rbaycanda ke\u00e7iril\u0259n h\u0259r bir beyn\u0259lxalq \u0259h\u0259miyy\u0259tli t\u0259dbir \u00f6lk\u0259mizin sabitl\u0259\u015fdirici, birl\u0259\u015fdirici aktor roluna i\u015f\u0131q sal\u0131r\u201d \u015eu\u015fada ke\u00e7iril\u0259n II \u015eu\u015fa Qlobal Media Forumu ba\u015fa \u00e7atd\u0131. Bu t\u0259dbir d\u00fcnya g\u00fcnd\u0259minin d\u0259 \u0259sas m\u00fczakir\u0259 m\u00f6vzular\u0131ndan birin\u0259 \u00e7evrilib.\u00a0 Forumun a\u00e7\u0131l\u0131\u015f m\u0259ramisind\u0259 Az\u0259rbaycan Prezidenti \u0130lham \u018fliyevin \u201cYalan m\u0259lumatlar\u0131n if\u015fas\u0131: Dezinformasiyaya qar\u015f\u0131 m\u00fcbariz\u0259\u201d m\u00f6vzusunda \u00e7\u0131x\u0131\u015f\u0131 zaman\u0131 s\u0259sl\u0259ndirdiyi fikirl\u0259r diqq\u0259tl\u0259ri x\u00fcsusil\u0259 \u00e7\u0259kdi.&hellip;","_links":{"self":[{"href":"https:\/\/arantv.az\/index.php?rest_route=\/wp\/v2\/posts\/739726"}],"collection":[{"href":"https:\/\/arantv.az\/index.php?rest_route=\/wp\/v2\/posts"}],"about":[{"href":"https:\/\/arantv.az\/index.php?rest_route=\/wp\/v2\/types\/post"}],"author":[{"embeddable":true,"href":"https:\/\/arantv.az\/index.php?rest_route=\/wp\/v2\/users\/2"}],"replies":[{"embeddable":true,"href":"https:\/\/arantv.az\/index.php?rest_route=%2Fwp%2Fv2%2Fcomments&post=739726"}],"version-history":[{"count":1,"href":"https:\/\/arantv.az\/index.php?rest_route=\/wp\/v2\/posts\/739726\/revisions"}],"predecessor-version":[{"id":739728,"href":"https:\/\/arantv.az\/index.php?rest_route=\/wp\/v2\/posts\/739726\/revisions\/739728"}],"wp:featuredmedia":[{"embeddable":true,"href":"https:\/\/arantv.az\/index.php?rest_route=\/wp\/v2\/media\/739727"}],"wp:attachment":[{"href":"https:\/\/arantv.az\/index.php?rest_route=%2Fwp%2Fv2%2Fmedia&parent=739726"}],"wp:term":[{"taxonomy":"category","embeddable":true,"href":"https:\/\/arantv.az\/index.php?rest_route=%2Fwp%2Fv2%2Fcategories&post=739726"},{"taxonomy":"post_tag","embeddable":true,"href":"https:\/\/arantv.az\/index.php?rest_route=%2Fwp%2Fv2%2Ftags&post=739726"}],"curies":[{"name":"wp","href":"https:\/\/api.w.org\/{rel}","templated":true}]}}