{"id":739731,"date":"2024-07-24T14:47:17","date_gmt":"2024-07-24T10:47:17","guid":{"rendered":"https:\/\/arantv.az\/?p=739731"},"modified":"2024-07-24T14:47:17","modified_gmt":"2024-07-24T10:47:17","slug":"namiq-babayev-v%c9%99-b%c9%99hr%c9%99m-x%c9%99lilov-yuks%c9%99k-v%c9%99zif%c9%99y%c9%99-t%c9%99yin-olundufoto","status":"publish","type":"post","link":"https:\/\/arantv.az\/?p=739731","title":{"rendered":"Namiq Babayev v\u0259 B\u0259hr\u0259m X\u0259lilov Y\u00dcKS\u018fK V\u018fZ\u0130F\u018fY\u018f t\u0259yin olunduFOTO"},"content":{"rendered":"<div class=\"text-content\" data-id=\"\" data-url=\"\">\n<p><strong>D\u00f6vl\u0259t \u0130mtahan M\u0259rk\u0259zi (D\u0130M) \u0130dar\u0259 Hey\u0259tinin s\u0259dri M\u0259leyk\u0259 Abbaszad\u0259y\u0259 iki m\u00fcavin t\u0259yin edilib.<\/strong><\/p>\n<p>Bu bar\u0259d\u0259 m\u00fcvafiq \u0259mr imzalan\u0131b.<\/p>\n<p>Bel\u0259 ki, bu v\u0259zif\u0259y\u0259 Namiq Babayev v\u0259 B\u0259hr\u0259m X\u0259lilov t\u0259yin edilib.<\/p>\n<p>Qeyd ed\u0259k ki, iyulun 23-d\u0259 Prezident \u0130lham \u018fliyevin F\u0259rman\u0131 \u0259sas\u0131nda D\u0130M-in M\u00fc\u015fahid\u0259 \u015euras\u0131 yarad\u0131l\u0131b, t\u0259rkibi t\u0259sdiql\u0259nib. M\u0259leyk\u0259 Mehdi q\u0131z\u0131 Abbaszad\u0259 D\u0130M-in \u0130dar\u0259 Hey\u0259tinin s\u0259dri t\u0259yin edilib.\/\/Report<\/p>\n<\/div>\n<div>\n<div class=\"form-group\"><img class=\"img-responsive\" src=\"https:\/\/cdn.musavat.com\/news\/images\/iqbal\/1760cea7-308d-3c70-9a12-dab20d67.jpg\" \/><\/div>\n<div class=\"form-group\"><img class=\"img-responsive\" src=\"https:\/\/cdn.musavat.com\/news\/images\/iqbal\/7dc7e04b-2e84-3a9c-9557-ea021e6d.jpg\" \/><\/div>\n<\/div>\n<div><\/div>\n<div class=\"inner-social-box\">\n<div class=\"subs-in-social subs-whatsapp\"><\/div>\n<\/div>\n","protected":false},"excerpt":{"rendered":"<p>D\u00f6vl\u0259t \u0130mtahan M\u0259rk\u0259zi (D\u0130M) \u0130dar\u0259 Hey\u0259tinin s\u0259dri M\u0259leyk\u0259 Abbaszad\u0259y\u0259 iki m\u00fcavin t\u0259yin edilib. Bu bar\u0259d\u0259 m\u00fcvafiq \u0259mr imzalan\u0131b. Bel\u0259 ki, bu v\u0259zif\u0259y\u0259 Namiq Babayev v\u0259 B\u0259hr\u0259m X\u0259lilov t\u0259yin edilib. Qeyd ed\u0259k ki, iyulun 23-d\u0259 Prezident \u0130lham \u018fliyevin F\u0259rman\u0131 \u0259sas\u0131nda D\u0130M-in M\u00fc\u015fahid\u0259 \u015euras\u0131 yarad\u0131l\u0131b, t\u0259rkibi t\u0259sdiql\u0259nib. M\u0259leyk\u0259 Mehdi q\u0131z\u0131 Abbaszad\u0259 D\u0130M-in \u0130dar\u0259 Hey\u0259tinin s\u0259dri t\u0259yin edilib.\/\/Report<\/p>\n","protected":false},"author":2,"featured_media":739732,"comment_status":"closed","ping_status":"closed","sticky":false,"template":"","format":"standard","meta":{"om_disable_all_campaigns":false,"_monsterinsights_skip_tracking":false,"_monsterinsights_sitenote_active":false,"_monsterinsights_sitenote_note":"","_monsterinsights_sitenote_category":0},"categories":[1],"tags":[],"aioseo_notices":[],"gutentor_comment":0,"rttpg_featured_image_url":{"full":["https:\/\/arantv.az\/wp-content\/uploads\/2024\/07\/253874f3dbc018faa8afdb214769a921.jpg",750,468,false],"landscape":["https:\/\/arantv.az\/wp-content\/uploads\/2024\/07\/253874f3dbc018faa8afdb214769a921.jpg",750,468,false],"portraits":["https:\/\/arantv.az\/wp-content\/uploads\/2024\/07\/253874f3dbc018faa8afdb214769a921.jpg",750,468,false],"thumbnail":["https:\/\/arantv.az\/wp-content\/uploads\/2024\/07\/253874f3dbc018faa8afdb214769a921-500x280.jpg",500,280,true],"medium":["https:\/\/arantv.az\/wp-content\/uploads\/2024\/07\/253874f3dbc018faa8afdb214769a921-585x365.jpg",585,365,true],"large":["https:\/\/arantv.az\/wp-content\/uploads\/2024\/07\/253874f3dbc018faa8afdb214769a921.jpg",640,399,false],"1536x1536":["https:\/\/arantv.az\/wp-content\/uploads\/2024\/07\/253874f3dbc018faa8afdb214769a921.jpg",750,468,false],"2048x2048":["https:\/\/arantv.az\/wp-content\/uploads\/2024\/07\/253874f3dbc018faa8afdb214769a921.jpg",750,468,false],"post-thumbnail":["https:\/\/arantv.az\/wp-content\/uploads\/2024\/07\/253874f3dbc018faa8afdb214769a921-240x172.jpg",240,172,true],"advps-thumb-one":["https:\/\/arantv.az\/wp-content\/uploads\/2024\/07\/253874f3dbc018faa8afdb214769a921.jpg",750,468,false]},"rttpg_author":{"display_name":"V\u00fcsal Rafiqo\u011flu","author_link":"https:\/\/arantv.az\/?author=2"},"rttpg_comment":0,"rttpg_category":"<a href=\"https:\/\/arantv.az\/?cat=1\" rel=\"category\">C\u0259miyy\u0259t<\/a>","rttpg_excerpt":"D\u00f6vl\u0259t \u0130mtahan M\u0259rk\u0259zi (D\u0130M) \u0130dar\u0259 Hey\u0259tinin s\u0259dri M\u0259leyk\u0259 Abbaszad\u0259y\u0259 iki m\u00fcavin t\u0259yin edilib. Bu bar\u0259d\u0259 m\u00fcvafiq \u0259mr imzalan\u0131b. Bel\u0259 ki, bu v\u0259zif\u0259y\u0259 Namiq Babayev v\u0259 B\u0259hr\u0259m X\u0259lilov t\u0259yin edilib. Qeyd ed\u0259k ki, iyulun 23-d\u0259 Prezident \u0130lham \u018fliyevin F\u0259rman\u0131 \u0259sas\u0131nda D\u0130M-in M\u00fc\u015fahid\u0259 \u015euras\u0131 yarad\u0131l\u0131b, t\u0259rkibi t\u0259sdiql\u0259nib. M\u0259leyk\u0259 Mehdi q\u0131z\u0131 Abbaszad\u0259 D\u0130M-in \u0130dar\u0259 Hey\u0259tinin s\u0259dri t\u0259yin edilib.\/\/Report","_links":{"self":[{"href":"https:\/\/arantv.az\/index.php?rest_route=\/wp\/v2\/posts\/739731"}],"collection":[{"href":"https:\/\/arantv.az\/index.php?rest_route=\/wp\/v2\/posts"}],"about":[{"href":"https:\/\/arantv.az\/index.php?rest_route=\/wp\/v2\/types\/post"}],"author":[{"embeddable":true,"href":"https:\/\/arantv.az\/index.php?rest_route=\/wp\/v2\/users\/2"}],"replies":[{"embeddable":true,"href":"https:\/\/arantv.az\/index.php?rest_route=%2Fwp%2Fv2%2Fcomments&post=739731"}],"version-history":[{"count":1,"href":"https:\/\/arantv.az\/index.php?rest_route=\/wp\/v2\/posts\/739731\/revisions"}],"predecessor-version":[{"id":739733,"href":"https:\/\/arantv.az\/index.php?rest_route=\/wp\/v2\/posts\/739731\/revisions\/739733"}],"wp:featuredmedia":[{"embeddable":true,"href":"https:\/\/arantv.az\/index.php?rest_route=\/wp\/v2\/media\/739732"}],"wp:attachment":[{"href":"https:\/\/arantv.az\/index.php?rest_route=%2Fwp%2Fv2%2Fmedia&parent=739731"}],"wp:term":[{"taxonomy":"category","embeddable":true,"href":"https:\/\/arantv.az\/index.php?rest_route=%2Fwp%2Fv2%2Fcategories&post=739731"},{"taxonomy":"post_tag","embeddable":true,"href":"https:\/\/arantv.az\/index.php?rest_route=%2Fwp%2Fv2%2Ftags&post=739731"}],"curies":[{"name":"wp","href":"https:\/\/api.w.org\/{rel}","templated":true}]}}