{"id":739734,"date":"2024-07-24T14:53:26","date_gmt":"2024-07-24T10:53:26","guid":{"rendered":"https:\/\/arantv.az\/?p=739734"},"modified":"2024-07-24T14:53:26","modified_gmt":"2024-07-24T10:53:26","slug":"isgalcidan-t%c9%99zminat-t%c9%99l%c9%99bimiz-sulh-s%c9%99n%c9%99dind%c9%99n-sonraya-qalir","status":"publish","type":"post","link":"https:\/\/arantv.az\/?p=739734","title":{"rendered":"\u0130\u015f\u011fal\u00e7\u0131dan t\u0259zminat t\u0259l\u0259bimiz&#8230; s\u00fclh s\u0259n\u0259dind\u0259n sonraya qal\u0131r?"},"content":{"rendered":"<p><strong>Ekspert iddia prosesinin gedi\u015fi haqda: \u201cArbitraj prosesi \u00e7\u0259r\u00e7iv\u0259sind\u0259 Az\u0259rbaycan Erm\u0259nistandan kompensasiya \u00f6d\u0259m\u0259yi t\u0259l\u0259b edir\u201d<\/strong><\/p>\n<p>\u0130\u015f\u011fal d\u00f6vr\u00fcnd\u0259 Erm\u0259nistan\u0131n \u00f6lk\u0259mizin ekologiyas\u0131na, fauna v\u0259 floras\u0131na \u00e7ox b\u00f6y\u00fck ziyanlar vurdu\u011fu, \u0259razimizd\u0259ki t\u0259bii resurslar\u0131m\u0131z\u0131 amans\u0131zcas\u0131na talay\u0131b, s\u00fcm\u00fcrd\u00fcy\u00fc m\u0259lumdur. Erm\u0259ni vandallar torpaqlar\u0131m\u0131zda h\u0259m\u00e7inin dig\u0259r \u00e7oxsayl\u0131 qanunsuz \u0259m\u0259ll\u0259r t\u00f6r\u0259dibl\u0259r.<\/p>\n<p>\u015e\u00fcbh\u0259 yox ki, b\u00fct\u00fcn bu cinay\u0259tl\u0259rin qar\u015f\u0131l\u0131\u011f\u0131 hans\u0131sa \u015f\u0259kild\u0259 \u00f6d\u0259nm\u0259lidir. B\u0259s haz\u0131rda bu istiqam\u0259td\u0259 i\u015fl\u0259r n\u0259 yerd\u0259dir? Proses\u0259 beyn\u0259lxalq s\u0259viyy\u0259li h\u00fcquq\u015f\u00fcnas-v\u0259kill\u0259r d\u0259 c\u0259lb olunubmu?<\/p>\n<p><strong>Bu v\u0259 dig\u0259r suallar\u0131m\u0131za h\u00fcquq\u015f\u00fcnas Polad Mehdiyev cavab verdi.\u00a0<\/strong><\/p>\n<p><strong><img src=\"https:\/\/www.e-huquq.az\/media\/2023\/10\/30\/whatsapp_image_2023-10-30_at_17.27.33.jpg\" alt=\"V\u0259kil: &quot;M\u00fclkiyy\u0259t v\u0259 dig\u0259r h\u00fcquqlar bar\u0259d\u0259 erm\u0259nil\u0259r t\u0259r\u0259find\u0259n  qald\u0131r\u0131lacaq he\u00e7 bir iddian\u0131n prespektivi yoxdur&quot;\" \/><\/strong><\/p>\n<p><strong>Polad Mehdiyev<\/strong><\/p>\n<p>\u201cYeni M\u00fcsavat\u201da a\u00e7\u0131qlamas\u0131nda ekspert \u00f6nc\u0259 bildirdi ki, Erm\u0259nistan\u0131n Az\u0259rbaycan \u0259razil\u0259rini i\u015f\u011fal etm\u0259si dig\u0259r f\u0259sadlarla yana\u015f\u0131, \u00f6lk\u0259mizd\u0259 \u0259traf m\u00fchit\u0259 d\u0259 ciddi f\u0259sadlar verib: \u201c\u0130\u015f\u011fal edilmi\u015f \u0259razil\u0259rd\u0259 erm\u0259nil\u0259r t\u0259r\u0259find\u0259n me\u015f\u0259l\u0259rin q\u0131r\u0131lmas\u0131, q\u0259sd\u0259n yan\u011f\u0131n t\u00f6r\u0259dilm\u0259si, flora v\u0259 fauna n\u00f6vl\u0259rinin m\u0259hv edilm\u0259si, o c\u00fcml\u0259d\u0259n \u00e7aylar\u0131n \u00e7irkl\u0259nm\u0259si, m\u00fcnbit torpaqlar\u0131n m\u0259hv edilm\u0259si, t\u0259bii s\u0259rv\u0259tl\u0259rimizin qaydalara uy\u011fun olmayan istismar\u0131 Az\u0259rbaycana b\u0259rpas\u0131 \u00e7\u0259tin, y\u0259ni b\u0259rpaolunmayan ziyan vurub. T\u00f6r\u0259dil\u0259n cinay\u0259tl\u0259r b\u00f6lg\u0259d\u0259ki ya\u015fay\u0131\u015f m\u00fchitind\u0259 ciddi f\u0259sadlar yarad\u0131b, t\u0259bii ehtiyatlar\u0131n t\u00fck\u0259nm\u0259sin\u0259, biom\u00fcxt\u0259lifliyin m\u0259hv olmas\u0131na g\u0259tirib \u00e7\u0131xar\u0131b. \u0130\u015f\u011fal zaman\u0131 t\u0259bi\u0259t qoruqlar\u0131nda qanunsuz tikinti i\u015fl\u0259ri apar\u0131l\u0131b, h\u0259tta m\u0259d\u0259n\u00e7ilik f\u0259aliyy\u0259ti olub. N\u0259tic\u0259d\u0259 Az\u0259rbaycanda m\u00f6vcud olan 500-d\u0259n \u00e7ox v\u0259h\u015fi heyvan n\u00f6v\u00fc m\u0259hv olub, ya da m\u0259hv olma t\u0259hl\u00fck\u0259si il\u0259 \u00fczl\u0259\u015fib.<\/p>\n<p>Eyni zamanda i\u015f\u011fal alt\u0131ndak\u0131 \u0259razil\u0259rd\u0259 \u00e7aylar, x\u00fcsusil\u0259 transs\u0259rh\u0259d \u00e7aylar\u0131 h\u0259dd\u0259n art\u0131q \u00e7irkl\u0259nib. H\u0259min \u00e7aylara Erm\u0259nistan t\u0259r\u0259find\u0259n m\u00fcxt\u0259lif tullant\u0131lar at\u0131l\u0131r. \u00c7aylar zibill\u0259nir, kimy\u0259vi madd\u0259l\u0259r, a\u011f\u0131r metallarla, m\u0259d\u0259nl\u0259rin istismar\u0131 n\u0259tic\u0259sind\u0259 y\u0131\u011f\u0131lan \u00e7irkablarla \u00e7irkl\u0259ndirilib. Erm\u0259nil\u0259rin t\u00f6r\u0259tdiyi \u0259m\u0259ll\u0259r Az\u0259rbaycan t\u0259r\u0259find\u0259n beyn\u0259lxalq m\u00fcst\u0259vid\u0259, Haaqada, Arbitraj m\u0259hk\u0259m\u0259sind\u0259 m\u00fcbahis\u0259l\u0259ndirilib. Haaqa S\u00fclh Saray\u0131nda \u201cAvropan\u0131n V\u0259h\u015fi T\u0259bi\u0259ti v\u0259 T\u0259bii Ya\u015fay\u0131\u015f Yerl\u0259rinin M\u00fchafiz\u0259si \u00fczr\u0259 Bern Konvensiyas\u0131\u201dna \u0259sas\u0259n d\u00f6vl\u0259tl\u0259raras\u0131 arbitraj \u00e7\u0259r\u00e7iv\u0259sind\u0259 Az\u0259rbaycan\u0131n iddias\u0131 \u00fczr\u0259 ilk r\u0259smi m\u0259hk\u0259m\u0259 prosesi bu ilin aprel ay\u0131nda ke\u00e7irilib. Bu, Az\u0259rbaycan t\u0259r\u0259find\u0259n qald\u0131r\u0131lan ilk d\u00f6vl\u0259tl\u0259rarasi arbitraj prosesidir.<\/p>\n<p><strong>Tarixi arbitraj i\u015finin m\u0259qs\u0259di 30 il \u0259rzind\u0259 beyn\u0259lxalq s\u0259viyy\u0259d\u0259 tan\u0131nan Az\u0259rbaycan \u0259razil\u0259rinin qanunsuz i\u015f\u011fal\u0131 d\u00f6vr\u00fcnd\u0259 \u0259traf m\u00fchitin v\u0259 biom\u00fcxt\u0259lifliyin geni\u015f miqyasda m\u0259hv edilm\u0259sin\u0259 g\u00f6r\u0259 Erm\u0259nistan d\u00f6vl\u0259tini m\u0259suliyy\u0259t\u0259 c\u0259lb etm\u0259kdir. Arbitraj prosesi \u00e7\u0259r\u00e7iv\u0259sind\u0259 Az\u0259rbaycan Erm\u0259nistandan \u201cBern Konvensiyas\u0131\u201d \u00fczr\u0259 haz\u0131rda davam ed\u0259n b\u00fct\u00fcn pozuntular\u0131na son qoyma\u011f\u0131 v\u0259 i\u015f\u011fal alt\u0131nda olmu\u015f \u0259razil\u0259rd\u0259 \u0259traf m\u00fchitin m\u0259hvin\u0259 g\u00f6r\u0259 kompensasiya \u00f6d\u0259m\u0259yi t\u0259l\u0259b edir&#8221;.<\/strong><\/p>\n<p>Xat\u0131rladaq ki, h\u0259l\u0259 2016-c\u0131 ild\u0259 Az\u0259rbaycan \u0259razil\u0259rinin Erm\u0259nistan t\u0259r\u0259find\u0259n i\u015f\u011fal\u0131 n\u0259tic\u0259sind\u0259 itki v\u0259 t\u0259l\u0259fatlar\u0131n qiym\u0259tl\u0259ndirilm\u0259si \u00fczr\u0259 \u0130\u015f\u00e7i Qrupu t\u0259r\u0259find\u0259n Ekologiya v\u0259 T\u0259bii S\u0259rv\u0259tl\u0259r Nazirliyinin materiallar\u0131 \u0259sas\u0131nda hesabat xarakterli kitab n\u0259\u015fr olunub. Beyn\u0259lxalq standartlara uy\u011fun metodoloji \u0259saslara istinad\u0259n \u0259rs\u0259y\u0259 g\u0259l\u0259n hesabat\u0131n haz\u0131rlanmas\u0131nda Ekologiya v\u0259 T\u0259bii S\u0259rv\u0259tl\u0259r Nazirliyinin m\u00fct\u0259x\u0259ssisl\u0259ri, \u0130\u015f\u00e7i Qrupun \u00fczvl\u0259ri il\u0259 birg\u0259 qiym\u0259tl\u0259ndirm\u0259 v\u0259 konsaltinq \u00fczr\u0259 ekspertl\u0259r d\u0259 i\u015ftirak edib. Hesabatda bilavasit\u0259 Ekologiya v\u0259 T\u0259bii S\u0259rv\u0259tl\u0259r Nazirliyinin \u201c\u0130\u015f\u011falda olan \u0259razil\u0259rd\u0259 \u0259traf m\u00fchit\u0259 v\u0259 t\u0259bii s\u0259rv\u0259tl\u0259r\u0259 da\u011f\u0131d\u0131c\u0131 t\u0259sirini m\u00fc\u0259yy\u0259nl\u0259\u015fdir\u0259n Operativ M\u0259rk\u0259zin bir ne\u00e7\u0259 il \u0259rzind\u0259 toplad\u0131\u011f\u0131 ara\u015fd\u0131rma materiallar\u0131ndan istifad\u0259 olunub.<\/p>\n<p>Hesabatda \u0259traf m\u00fchit, t\u0259bii s\u0259rv\u0259tl\u0259r, onlar\u0131n qiym\u0259tl\u0259ndirilm\u0259si \u00fcsullar\u0131, beyn\u0259lxalq h\u00fcquqda vurulmu\u015f z\u0259r\u0259rl\u0259rin \u00f6d\u0259nilm\u0259sinin h\u00fcquqi \u015f\u0259rtl\u0259ri, z\u0259r\u0259r v\u0259 itkil\u0259rin iqtisadi qiym\u0259tl\u0259ndirilm\u0259sinin metodoloji \u0259saslar\u0131 haqq\u0131nda apar\u0131lan ara\u015fd\u0131rmalar d\u0259y\u0259n z\u0259r\u0259rin obyektiv, elmi \u0259saslarla qiym\u0259tl\u0259ndirilm\u0259sin\u0259 d\u0259lal\u0259t edir. Y\u0259ni 6 \u0259sas sah\u0259 &#8211; faydal\u0131 qaz\u0131nt\u0131 yataqlar\u0131n\u0131n talan\u0131, biom\u00fcxt\u0259lifliyin, me\u015f\u0259l\u0259rin m\u0259hv edilm\u0259si, torpaqlar\u0131n s\u0131radan \u00e7\u0131xar\u0131lmas\u0131, istifad\u0259d\u0259n m\u0259hrum olunmas\u0131, su, su anbarlar\u0131 v\u0259 \u0259traf m\u00fchitin \u00e7irkl\u0259ndirilm\u0259si \u00fczr\u0259 ekoloji z\u0259r\u0259rl\u0259r, o c\u00fcml\u0259d\u0259n \u0259haliy\u0259 d\u0259ymi\u015f m\u0259n\u0259vi-ekoloji z\u0259r\u0259rl\u0259r qiym\u0259tl\u0259ndirilib, 22 illik i\u015f\u011fal d\u00f6vr\u00fcn\u00fc \u0259hat\u0259 edib v\u0259 \u00fcmumilikd\u0259 Az\u0259rbaycana d\u0259y\u0259n ziyan 265 milyard 281 milyon 198 min 203 AB\u015e dollar\u0131 civar\u0131nda hesablan\u0131b. Lakin indiki m\u0259rh\u0259l\u0259d\u0259 d\u0259qiq r\u0259q\u0259ml\u0259r h\u0259l\u0259 ki s\u0259sl\u0259ndirilmir.<\/p>\n<p><strong>Nigar H\u018fS\u018fNL\u0130,<br \/>\n\u201cYeni M\u00fcsavat\u201d<\/strong><\/p>\n","protected":false},"excerpt":{"rendered":"<p>Ekspert iddia prosesinin gedi\u015fi haqda: \u201cArbitraj prosesi \u00e7\u0259r\u00e7iv\u0259sind\u0259 Az\u0259rbaycan Erm\u0259nistandan kompensasiya \u00f6d\u0259m\u0259yi t\u0259l\u0259b edir\u201d \u0130\u015f\u011fal d\u00f6vr\u00fcnd\u0259 Erm\u0259nistan\u0131n \u00f6lk\u0259mizin ekologiyas\u0131na, fauna v\u0259 floras\u0131na \u00e7ox b\u00f6y\u00fck ziyanlar vurdu\u011fu, \u0259razimizd\u0259ki t\u0259bii resurslar\u0131m\u0131z\u0131 amans\u0131zcas\u0131na talay\u0131b, s\u00fcm\u00fcrd\u00fcy\u00fc m\u0259lumdur. Erm\u0259ni vandallar torpaqlar\u0131m\u0131zda h\u0259m\u00e7inin dig\u0259r \u00e7oxsayl\u0131 qanunsuz \u0259m\u0259ll\u0259r t\u00f6r\u0259dibl\u0259r. \u015e\u00fcbh\u0259 yox ki, b\u00fct\u00fcn bu cinay\u0259tl\u0259rin qar\u015f\u0131l\u0131\u011f\u0131 hans\u0131sa \u015f\u0259kild\u0259 \u00f6d\u0259nm\u0259lidir. B\u0259s haz\u0131rda bu istiqam\u0259td\u0259 i\u015fl\u0259r n\u0259 yerd\u0259dir? Proses\u0259 beyn\u0259lxalq s\u0259viyy\u0259li h\u00fcquq\u015f\u00fcnas-v\u0259kill\u0259r d\u0259 c\u0259lb olunubmu? Bu v\u0259 dig\u0259r suallar\u0131m\u0131za h\u00fcquq\u015f\u00fcnas Polad Mehdiyev cavab verdi.\u00a0 Polad Mehdiyev \u201cYeni M\u00fcsavat\u201da a\u00e7\u0131qlamas\u0131nda ekspert \u00f6nc\u0259 bildirdi ki, Erm\u0259nistan\u0131n Az\u0259rbaycan \u0259razil\u0259rini i\u015f\u011fal etm\u0259si dig\u0259r&hellip;<\/p>\n","protected":false},"author":2,"featured_media":739735,"comment_status":"closed","ping_status":"closed","sticky":false,"template":"","format":"standard","meta":{"om_disable_all_campaigns":false,"_monsterinsights_skip_tracking":false,"_monsterinsights_sitenote_active":false,"_monsterinsights_sitenote_note":"","_monsterinsights_sitenote_category":0},"categories":[19],"tags":[],"aioseo_notices":[],"gutentor_comment":0,"rttpg_featured_image_url":{"full":["https:\/\/arantv.az\/wp-content\/uploads\/2024\/07\/1ed160e0edabf7a5df9a61c4ff4fc4d6.jpg",800,433,false],"landscape":["https:\/\/arantv.az\/wp-content\/uploads\/2024\/07\/1ed160e0edabf7a5df9a61c4ff4fc4d6.jpg",800,433,false],"portraits":["https:\/\/arantv.az\/wp-content\/uploads\/2024\/07\/1ed160e0edabf7a5df9a61c4ff4fc4d6.jpg",800,433,false],"thumbnail":["https:\/\/arantv.az\/wp-content\/uploads\/2024\/07\/1ed160e0edabf7a5df9a61c4ff4fc4d6-500x280.jpg",500,280,true],"medium":["https:\/\/arantv.az\/wp-content\/uploads\/2024\/07\/1ed160e0edabf7a5df9a61c4ff4fc4d6-660x357.jpg",660,357,true],"large":["https:\/\/arantv.az\/wp-content\/uploads\/2024\/07\/1ed160e0edabf7a5df9a61c4ff4fc4d6.jpg",640,346,false],"1536x1536":["https:\/\/arantv.az\/wp-content\/uploads\/2024\/07\/1ed160e0edabf7a5df9a61c4ff4fc4d6.jpg",800,433,false],"2048x2048":["https:\/\/arantv.az\/wp-content\/uploads\/2024\/07\/1ed160e0edabf7a5df9a61c4ff4fc4d6.jpg",800,433,false],"post-thumbnail":["https:\/\/arantv.az\/wp-content\/uploads\/2024\/07\/1ed160e0edabf7a5df9a61c4ff4fc4d6-240x172.jpg",240,172,true],"advps-thumb-one":["https:\/\/arantv.az\/wp-content\/uploads\/2024\/07\/1ed160e0edabf7a5df9a61c4ff4fc4d6.jpg",800,433,false]},"rttpg_author":{"display_name":"V\u00fcsal Rafiqo\u011flu","author_link":"https:\/\/arantv.az\/?author=2"},"rttpg_comment":0,"rttpg_category":"<a href=\"https:\/\/arantv.az\/?cat=19\" rel=\"category\">G\u00fcnd\u0259m<\/a>","rttpg_excerpt":"Ekspert iddia prosesinin gedi\u015fi haqda: \u201cArbitraj prosesi \u00e7\u0259r\u00e7iv\u0259sind\u0259 Az\u0259rbaycan Erm\u0259nistandan kompensasiya \u00f6d\u0259m\u0259yi t\u0259l\u0259b edir\u201d \u0130\u015f\u011fal d\u00f6vr\u00fcnd\u0259 Erm\u0259nistan\u0131n \u00f6lk\u0259mizin ekologiyas\u0131na, fauna v\u0259 floras\u0131na \u00e7ox b\u00f6y\u00fck ziyanlar vurdu\u011fu, \u0259razimizd\u0259ki t\u0259bii resurslar\u0131m\u0131z\u0131 amans\u0131zcas\u0131na talay\u0131b, s\u00fcm\u00fcrd\u00fcy\u00fc m\u0259lumdur. Erm\u0259ni vandallar torpaqlar\u0131m\u0131zda h\u0259m\u00e7inin dig\u0259r \u00e7oxsayl\u0131 qanunsuz \u0259m\u0259ll\u0259r t\u00f6r\u0259dibl\u0259r. \u015e\u00fcbh\u0259 yox ki, b\u00fct\u00fcn bu cinay\u0259tl\u0259rin qar\u015f\u0131l\u0131\u011f\u0131 hans\u0131sa \u015f\u0259kild\u0259 \u00f6d\u0259nm\u0259lidir. B\u0259s haz\u0131rda bu&hellip;","_links":{"self":[{"href":"https:\/\/arantv.az\/index.php?rest_route=\/wp\/v2\/posts\/739734"}],"collection":[{"href":"https:\/\/arantv.az\/index.php?rest_route=\/wp\/v2\/posts"}],"about":[{"href":"https:\/\/arantv.az\/index.php?rest_route=\/wp\/v2\/types\/post"}],"author":[{"embeddable":true,"href":"https:\/\/arantv.az\/index.php?rest_route=\/wp\/v2\/users\/2"}],"replies":[{"embeddable":true,"href":"https:\/\/arantv.az\/index.php?rest_route=%2Fwp%2Fv2%2Fcomments&post=739734"}],"version-history":[{"count":1,"href":"https:\/\/arantv.az\/index.php?rest_route=\/wp\/v2\/posts\/739734\/revisions"}],"predecessor-version":[{"id":739736,"href":"https:\/\/arantv.az\/index.php?rest_route=\/wp\/v2\/posts\/739734\/revisions\/739736"}],"wp:featuredmedia":[{"embeddable":true,"href":"https:\/\/arantv.az\/index.php?rest_route=\/wp\/v2\/media\/739735"}],"wp:attachment":[{"href":"https:\/\/arantv.az\/index.php?rest_route=%2Fwp%2Fv2%2Fmedia&parent=739734"}],"wp:term":[{"taxonomy":"category","embeddable":true,"href":"https:\/\/arantv.az\/index.php?rest_route=%2Fwp%2Fv2%2Fcategories&post=739734"},{"taxonomy":"post_tag","embeddable":true,"href":"https:\/\/arantv.az\/index.php?rest_route=%2Fwp%2Fv2%2Ftags&post=739734"}],"curies":[{"name":"wp","href":"https:\/\/api.w.org\/{rel}","templated":true}]}}