{"id":739747,"date":"2024-07-24T19:06:44","date_gmt":"2024-07-24T15:06:44","guid":{"rendered":"https:\/\/arantv.az\/?p=739747"},"modified":"2024-07-24T19:06:44","modified_gmt":"2024-07-24T15:06:44","slug":"az%c9%99rbaycan-danisiqlara-h%c9%99r-zaman-hazir-olub","status":"publish","type":"post","link":"https:\/\/arantv.az\/?p=739747","title":{"rendered":"\u201cAz\u0259rbaycan dan\u0131\u015f\u0131qlara h\u0259r zaman haz\u0131r olub\u201d"},"content":{"rendered":"<p>&#8220;Az\u0259rbaycan Rusiyada v\u0259 dig\u0259r platformalarda Erm\u0259nistanla dan\u0131\u015f\u0131qlara h\u0259r zaman haz\u0131r olub&#8221;.<\/p>\n<p><strong>ARANTV.AZ<\/strong> qafqazinfo-ya istinad\u0259n x\u0259b\u0259r verir ki, bunu TASS-a a\u00e7\u0131qlamas\u0131nda Xarici \u0130\u015fl\u0259r Nazirliyinin m\u0259tbuat katibi Ayxan Hac\u0131zad\u0259 deyib.<\/p>\n<p>Qeyd ed\u0259k ki, Rusiya Xarici \u0130\u015fl\u0259r Nazirliyinin r\u0259smi n\u00fcmay\u0259nd\u0259si Mariya Zaxarova bu g\u00fcn ke\u00e7irdiyi brifinqd\u0259 Rusiyan\u0131n Erm\u0259nistanla Az\u0259rbaycan n\u00fcmay\u0259nd\u0259l\u0259ri aras\u0131nda dan\u0131\u015f\u0131qlar \u00fc\u00e7\u00fcn platforma t\u0259qdim etm\u0259y\u0259 haz\u0131r oldu\u011funu bildirib. O, h\u0259m\u00e7inin \u00f6lk\u0259sinin t\u0259r\u0259fl\u0259r\u0259 dan\u0131\u015f\u0131qlar \u00fc\u00e7\u00fcn maksimum rahat \u015f\u0259rait yaratma\u011fa haz\u0131r oldu\u011funu b\u0259yan edib.<\/p>\n","protected":false},"excerpt":{"rendered":"<p>&#8220;Az\u0259rbaycan Rusiyada v\u0259 dig\u0259r platformalarda Erm\u0259nistanla dan\u0131\u015f\u0131qlara h\u0259r zaman haz\u0131r olub&#8221;. ARANTV.AZ qafqazinfo-ya istinad\u0259n x\u0259b\u0259r verir ki, bunu TASS-a a\u00e7\u0131qlamas\u0131nda Xarici \u0130\u015fl\u0259r Nazirliyinin m\u0259tbuat katibi Ayxan Hac\u0131zad\u0259 deyib. Qeyd ed\u0259k ki, Rusiya Xarici \u0130\u015fl\u0259r Nazirliyinin r\u0259smi n\u00fcmay\u0259nd\u0259si Mariya Zaxarova bu g\u00fcn ke\u00e7irdiyi brifinqd\u0259 Rusiyan\u0131n Erm\u0259nistanla Az\u0259rbaycan n\u00fcmay\u0259nd\u0259l\u0259ri aras\u0131nda dan\u0131\u015f\u0131qlar \u00fc\u00e7\u00fcn platforma t\u0259qdim etm\u0259y\u0259 haz\u0131r oldu\u011funu bildirib. O, h\u0259m\u00e7inin \u00f6lk\u0259sinin t\u0259r\u0259fl\u0259r\u0259 dan\u0131\u015f\u0131qlar \u00fc\u00e7\u00fcn maksimum rahat \u015f\u0259rait yaratma\u011fa haz\u0131r oldu\u011funu b\u0259yan edib.<\/p>\n","protected":false},"author":2,"featured_media":739748,"comment_status":"closed","ping_status":"closed","sticky":false,"template":"","format":"standard","meta":{"om_disable_all_campaigns":false,"_monsterinsights_skip_tracking":false,"_monsterinsights_sitenote_active":false,"_monsterinsights_sitenote_note":"","_monsterinsights_sitenote_category":0},"categories":[4],"tags":[],"aioseo_notices":[],"gutentor_comment":0,"rttpg_featured_image_url":{"full":["https:\/\/arantv.az\/wp-content\/uploads\/2024\/07\/79943e20c937bf9bbbdad0da3c04f258.jpg",600,376,false],"landscape":["https:\/\/arantv.az\/wp-content\/uploads\/2024\/07\/79943e20c937bf9bbbdad0da3c04f258.jpg",600,376,false],"portraits":["https:\/\/arantv.az\/wp-content\/uploads\/2024\/07\/79943e20c937bf9bbbdad0da3c04f258.jpg",600,376,false],"thumbnail":["https:\/\/arantv.az\/wp-content\/uploads\/2024\/07\/79943e20c937bf9bbbdad0da3c04f258-500x280.jpg",500,280,true],"medium":["https:\/\/arantv.az\/wp-content\/uploads\/2024\/07\/79943e20c937bf9bbbdad0da3c04f258-582x365.jpg",582,365,true],"large":["https:\/\/arantv.az\/wp-content\/uploads\/2024\/07\/79943e20c937bf9bbbdad0da3c04f258.jpg",600,376,false],"1536x1536":["https:\/\/arantv.az\/wp-content\/uploads\/2024\/07\/79943e20c937bf9bbbdad0da3c04f258.jpg",600,376,false],"2048x2048":["https:\/\/arantv.az\/wp-content\/uploads\/2024\/07\/79943e20c937bf9bbbdad0da3c04f258.jpg",600,376,false],"post-thumbnail":["https:\/\/arantv.az\/wp-content\/uploads\/2024\/07\/79943e20c937bf9bbbdad0da3c04f258-240x172.jpg",240,172,true],"advps-thumb-one":["https:\/\/arantv.az\/wp-content\/uploads\/2024\/07\/79943e20c937bf9bbbdad0da3c04f258.jpg",600,376,false]},"rttpg_author":{"display_name":"V\u00fcsal Rafiqo\u011flu","author_link":"https:\/\/arantv.az\/?author=2"},"rttpg_comment":0,"rttpg_category":"<a href=\"https:\/\/arantv.az\/?cat=4\" rel=\"category\">Siyas\u0259t<\/a>","rttpg_excerpt":"&#8220;Az\u0259rbaycan Rusiyada v\u0259 dig\u0259r platformalarda Erm\u0259nistanla dan\u0131\u015f\u0131qlara h\u0259r zaman haz\u0131r olub&#8221;. ARANTV.AZ qafqazinfo-ya istinad\u0259n x\u0259b\u0259r verir ki, bunu TASS-a a\u00e7\u0131qlamas\u0131nda Xarici \u0130\u015fl\u0259r Nazirliyinin m\u0259tbuat katibi Ayxan Hac\u0131zad\u0259 deyib. Qeyd ed\u0259k ki, Rusiya Xarici \u0130\u015fl\u0259r Nazirliyinin r\u0259smi n\u00fcmay\u0259nd\u0259si Mariya Zaxarova bu g\u00fcn ke\u00e7irdiyi brifinqd\u0259 Rusiyan\u0131n Erm\u0259nistanla Az\u0259rbaycan n\u00fcmay\u0259nd\u0259l\u0259ri aras\u0131nda dan\u0131\u015f\u0131qlar \u00fc\u00e7\u00fcn platforma t\u0259qdim etm\u0259y\u0259 haz\u0131r oldu\u011funu&hellip;","_links":{"self":[{"href":"https:\/\/arantv.az\/index.php?rest_route=\/wp\/v2\/posts\/739747"}],"collection":[{"href":"https:\/\/arantv.az\/index.php?rest_route=\/wp\/v2\/posts"}],"about":[{"href":"https:\/\/arantv.az\/index.php?rest_route=\/wp\/v2\/types\/post"}],"author":[{"embeddable":true,"href":"https:\/\/arantv.az\/index.php?rest_route=\/wp\/v2\/users\/2"}],"replies":[{"embeddable":true,"href":"https:\/\/arantv.az\/index.php?rest_route=%2Fwp%2Fv2%2Fcomments&post=739747"}],"version-history":[{"count":1,"href":"https:\/\/arantv.az\/index.php?rest_route=\/wp\/v2\/posts\/739747\/revisions"}],"predecessor-version":[{"id":739749,"href":"https:\/\/arantv.az\/index.php?rest_route=\/wp\/v2\/posts\/739747\/revisions\/739749"}],"wp:featuredmedia":[{"embeddable":true,"href":"https:\/\/arantv.az\/index.php?rest_route=\/wp\/v2\/media\/739748"}],"wp:attachment":[{"href":"https:\/\/arantv.az\/index.php?rest_route=%2Fwp%2Fv2%2Fmedia&parent=739747"}],"wp:term":[{"taxonomy":"category","embeddable":true,"href":"https:\/\/arantv.az\/index.php?rest_route=%2Fwp%2Fv2%2Fcategories&post=739747"},{"taxonomy":"post_tag","embeddable":true,"href":"https:\/\/arantv.az\/index.php?rest_route=%2Fwp%2Fv2%2Ftags&post=739747"}],"curies":[{"name":"wp","href":"https:\/\/api.w.org\/{rel}","templated":true}]}}