{"id":739755,"date":"2024-07-24T19:10:48","date_gmt":"2024-07-24T15:10:48","guid":{"rendered":"https:\/\/arantv.az\/?p=739755"},"modified":"2024-07-24T19:10:48","modified_gmt":"2024-07-24T15:10:48","slug":"demokratiya-d%c9%99rsi","status":"publish","type":"post","link":"https:\/\/arantv.az\/?p=739755","title":{"rendered":"Demokratiya D\u018fRS\u0130"},"content":{"rendered":"<p><strong>Uzun onillikl\u0259r \u0259rzind\u0259 ideoloji m\u00fcst\u0259vid\u0259 apar\u0131lan t\u0259bli\u011fat n\u0259tic\u0259sind\u0259 postsovet m\u0259kan\u0131nda ya\u015fayan v\u0259t\u0259nda\u015flar\u0131n siyasi-ictimai t\u0259f\u0259kk\u00fcr\u00fcnd\u0259 Q\u0259rbin \u201c\u0259l\u00e7atmaz\u201d demokratik obraz\u0131 formala\u015fd\u0131r\u0131lm\u0131\u015fd\u0131. Bu c\u00fcr siyas\u0259tin n\u0259tic\u0259sind\u0259 Q\u0259rb d\u00fcnyada, x\u00fcsusil\u0259 d\u0259 postsovet m\u0259kan\u0131nda, \u201cdemokratiya etalonu\u201d kimi q\u0259bul olunurdu. S\u00f6zs\u00fcz ki, bu \u201cetalon\u201d b\u00fct\u00fcn t\u0259nqid v\u0259 \u015f\u00fcbh\u0259l\u0259rd\u0259n \u00fcst\u00fcn idi v\u0259 h\u0259tta onun toxunulmaz statusu var idi. Az qala h\u0259r k\u0259s \u00f6z m\u00fclahiz\u0259l\u0259rind\u0259 Q\u0259rb demokratiyas\u0131na istinad edir, h\u0259tta ya\u015fanan bir \u00e7ox probleml\u0259rin h\u0259llini m\u0259hz h\u0259min bu Q\u0259rb demokratiyas\u0131nda g\u00f6r\u00fcrd\u00fc.<\/strong><\/p>\n<p><img loading=\"lazy\" src=\"https:\/\/cdn.musavat.com\/news\/thumbnails\/dc1735383130ec630e59b89ecc125371.jpg\" alt=\"GORUR.png (251 KB)\" width=\"700\" height=\"368\" \/><\/p>\n<p>\u018fslind\u0259, qeyd olunan bu dan\u0131lmaz fakt\u0131 h\u0259qiq\u0259t\u0259n d\u0259 Q\u0259rb strateql\u0259rin geosiyas\u0259t m\u00fcst\u0259visind\u0259 apard\u0131qlar\u0131 m\u00fcbariz\u0259nin u\u011furu kimi d\u0259 d\u0259y\u0259rl\u0259ndirm\u0259k olar. Q\u0259rb standartlar\u0131n\u0131n ham\u0131 t\u0259r\u0259find\u0259n q\u0259bul olunan etalon s\u0259viyy\u0259sin\u0259 \u00e7atd\u0131r\u0131lmas\u0131 fakt\u0131 sosial-siyasi m\u00fch\u0259ndisliyin \u015fedevr n\u0259tic\u0259sidir. X\u00fcsusi olaraq onu da qeyd etm\u0259liyik ki, s\u00f6z\u00fcged\u0259n hal siyasi-ictimai m\u00fcnasib\u0259tl\u0259rin b\u00fct\u00fcn m\u00fcst\u0259vil\u0259rin\u0259 \u015famil oluna bil\u0259r: siyasi, ictimai, iqtisadi v\u0259 h\u0259tta m\u0259d\u0259ni m\u00fcnasib\u0259tl\u0259r d\u0259 h\u0259min \u201cetalonun\u201d t\u0259sir alt\u0131na d\u00fc\u015fm\u00fc\u015fd\u00fcr.<\/p>\n<p>\u0130ll\u0259r \u0259rzind\u0259 apar\u0131lan bu c\u00fcr siyas\u0259t say\u0259sind\u0259 biz\u0259 sanki dem\u0259k ist\u0259yirdil\u0259r ki, \u201cd\u00fc\u015f\u00fcnm\u0259yin, buyurun siz\u0259 t\u0259qdim etdiyimiz haz\u0131r inki\u015faf modell\u0259rind\u0259n istifad\u0259 edin\u201d. \u018fslind\u0259 is\u0259 ehtimal ed\u0259 bil\u0259rik ki, h\u0259qiqi \u201ct\u0259l\u0259\u201d el\u0259 m\u0259hz h\u0259min haz\u0131r inki\u015faf modell\u0259rind\u0259 gizl\u0259dilmi\u015fdir. Ona g\u00f6r\u0259 d\u0259 bir \u00e7ox \u00f6lk\u0259l\u0259rd\u0259 biz inki\u015faf\u0131n yox, m\u0259hz inki\u015faf\u0131 t\u0259qlid ed\u0259n prosesl\u0259rin \u015fahidi olmu\u015fduq.<\/p>\n<p><strong>\u201cEtalon\u201d Q\u0259rbinin qara qorxusu m\u0259hz Prezident \u0130lham \u018fliyevin \u201cAz\u0259rbaycan m\u00fcst\u0259qil siyas\u0259t y\u00fcr\u00fcd\u00fcr v\u0259 Az\u0259rbaycan\u0131n irad\u0259sin\u0259 he\u00e7 bir q\u00fcvv\u0259 t\u0259sir ed\u0259 bilm\u0259z\u201d ifad\u0259sidir.<\/strong><\/p>\n<p><img loading=\"lazy\" src=\"https:\/\/cdn.musavat.com\/news\/thumbnails\/94b5125d57628dd35352f27d2043650d.jpg\" alt=\"\u0130LHAM\u0130 SON.jpg (55 KB)\" width=\"700\" height=\"436\" \/><\/p>\n<p>\u00c7\u00fcnki m\u00fcst\u0259qil siyas\u0259t Q\u0259rbin etalon statusuna son qoyur. D\u00f6vl\u0259t ba\u015f\u00e7\u0131s\u0131n\u0131n siyas\u0259ti beyn\u0259lxalq m\u00fcnasib\u0259tl\u0259r sistemind\u0259 uzun ill\u0259r \u0259rzind\u0259 qorunulan v\u0259 m\u0259cburi yeridil\u0259n stereotipl\u0259ri d\u0259 da\u011f\u0131d\u0131r. Q\u0259l\u0259b\u0259miz is\u0259 \u00fcmumiyy\u0259tl\u0259 beyn\u0259lxalq t\u0259\u015fkilatlar\u0131n legitimliyini sual alt\u0131na qoyur. B\u0259zi hadis\u0259l\u0259r\u0259 qiym\u0259t ver\u0259n zaman v\u0259 ya onlara \u015f\u0259xsi m\u00fcnasib\u0259tin formala\u015fd\u0131r\u0131lmas\u0131 prosesind\u0259 qeyd olunan h\u0259qiq\u0259tl\u0259ri m\u00fctl\u0259q n\u0259z\u0259r\u0259 almaq laz\u0131md\u0131r.<\/p>\n<p>\u0130ndi is\u0259 bir misal \u00e7\u0259k\u0259r\u0259k \u201cQ\u0259rbin demokratiya etalonu\u201dnun h\u0259qiq\u0259tl\u0259ri g\u00f6rm\u0259y\u0259 nec\u0259 mane\u0259 oldu\u011funu \u0259yani \u015f\u0259kild\u0259 g\u00f6r\u0259k. Son 3-4 il \u0259rzind\u0259 \u00f6lk\u0259nin siyasi partiyalar sistemind\u0259 apar\u0131lan ard\u0131c\u0131l islahatlara ham\u0131m\u0131z \u015fahidlik etm\u0259kd\u0259yik. Ki\u00e7ik m\u00fc\u015fahid\u0259l\u0259rin apar\u0131lmas\u0131 bel\u0259 yet\u0259rli olar ki, biz h\u0259min islahatlar\u0131n \u015f\u0259rti m\u0259rh\u0259l\u0259l\u0259rini m\u00fc\u0259yy\u0259n ed\u0259k: partiyalar\u0131n siyasi t\u0259sisat kimi \u00f6lk\u0259nin siyasi sistemind\u0259 aktualla\u015fd\u0131r\u0131lmas\u0131, siyasi m\u00fcnasib\u0259tl\u0259rin sa\u011flamla\u015fd\u0131r\u0131lmas\u0131, b\u0259rab\u0259rh\u00fcquqlu m\u00fcnasib\u0259tl\u0259ri t\u0259r\u0259nn\u00fcm ed\u0259n siyasi dialoq m\u00fchitinin t\u0259\u015fviq olunmas\u0131, siyasi partiyalar\u0131n g\u00fccl\u0259ndirilm\u0259si, siyasi partiyalar haqq\u0131nda c\u0259miyy\u0259td\u0259 m\u0259nfi stereotipl\u0259rin formala\u015fmas\u0131na s\u0259b\u0259b olan partiyalar\u0131n t\u0259bii \u015f\u0259kild\u0259 siyasi m\u00fcnasib\u0259tl\u0259r sistemind\u0259n xaric olunmas\u0131 v\u0259 n\u0259hay\u0259t, siyasi partiyalar\u0131n \u00f6lk\u0259nin apar\u0131c\u0131 siyasi q\u00fcvv\u0259y\u0259 \u00e7evrilm\u0259si. Etiraf etm\u0259liyik ki, t\u0259kam\u00fcl\u00fcn s\u00f6z\u00fcged\u0259n m\u0259rh\u0259l\u0259l\u0259ri yaln\u0131z ali siyasi irad\u0259nin n\u0259tic\u0259sidir.<\/p>\n<p><strong>Sonda m\u00f6vzuya dair mediada da geni\u015f yer alan \u201cdan\u0131\u015fan\u201d r\u0259q\u0259ml\u0259r\u0259 diqq\u0259t yetir\u0259k.<\/strong>\u00a0Cari ilin 1 sentyabr tarixind\u0259 Milli M\u0259clis\u0259 ke\u00e7iril\u0259c\u0259k se\u00e7kil\u0259r\u0259 \u00f6lk\u0259d\u0259 f\u0259aliyy\u0259t g\u00f6st\u0259r\u0259n 26 siyasi partiyadan 25-i art\u0131q qat\u0131l\u0131b v\u0259 se\u00e7kil\u0259rd\u0259 \u00f6z namiz\u0259dl\u0259ri il\u0259 t\u0259msil olunacaqlar.<\/p>\n<p><img loading=\"lazy\" src=\"https:\/\/cdn.musavat.com\/news\/thumbnails\/323ff4d6c898696e1cf4d1c3e18df850.jpg\" alt=\"PARLAM.jpg (78 KB)\" width=\"700\" height=\"436\" \/><\/p>\n<p>Bir daha t\u0259krarlayaq: \u00f6lk\u0259d\u0259 m\u00f6vcud olan 26 siyasi partiyadan 25-i se\u00e7kil\u0259rd\u0259 i\u015ftirak edir. H\u0259qiq\u0259tl\u0259ri g\u00f6rm\u0259k ist\u0259m\u0259y\u0259n v\u0259 g\u00f6rm\u0259zd\u0259n g\u0259l\u0259n b\u0259zi demaqoqlara ritorik sual: Bu c\u00fcr statistikaya malik olan se\u00e7kil\u0259r sonuncu d\u0259f\u0259 hans\u0131 \u00f6lk\u0259d\u0259 ke\u00e7irilib? \u00d6lk\u0259d\u0259 f\u0259aliyy\u0259t g\u00f6st\u0259r\u0259n siyasi partiyalar\u0131n 96,1 %-i se\u00e7ki subyektidir. Ax\u0131 bu c\u00fcr g\u00f6st\u0259ricil\u0259r niy\u0259 diqq\u0259td\u0259n k\u0259nar qal\u0131r? Niy\u0259 bu c\u00fcr g\u00f6st\u0259ricil\u0259r t\u0259qdir olunmur? Cavab b\u0259llidir: bu c\u00fcr etiraflar\u0131n n\u0259tic\u0259sind\u0259 \u201cetalon\u201d \u201cdi\u015fsiz\u201d olacaq. \u018flb\u0259tt\u0259 ki, m\u0259s\u0259l\u0259nin dig\u0259r t\u0259r\u0259fi d\u0259 var, biz h\u0259l\u0259 d\u0259 m\u00fc\u0259yy\u0259n s\u0259b\u0259bl\u0259rd\u0259n bu c\u00fcr g\u00f6st\u0259ricil\u0259ri t\u0259qdim ed\u0259 bilmirik. Ancaq qeyd etdiyimiz bu sad\u0259 statistika fakt olaraq qalmaqdad\u0131r. Az\u0259rbaycanda f\u0259aliyy\u0259td\u0259 olan 26 siyasi partiyadan 25-i se\u00e7kil\u0259rd\u0259 i\u015ftirak ed\u0259c\u0259k v\u0259 \u00f6z g\u00fccl\u0259rini s\u0131nayacaqlar. Dayan\u0131ql\u0131 demokratik \u0259n\u0259n\u0259l\u0259rin formala\u015fd\u0131r\u0131lmas\u0131n\u0131n yegan\u0259 yolu budur. 25 siyasi partiyan\u0131n se\u00e7kil\u0259rd\u0259 i\u015ftirak etm\u0259si yeni simalar\u0131n v\u0259 yeni ideyalar\u0131n siyasi meydana g\u0259lm\u0259si dem\u0259kdir.<\/p>\n<p><strong>politoloq Asif Adil<\/strong><\/p>\n<div class=\"news-author text-left\"><a href=\"https:\/\/musavat.com\/author\/asif-adil_178\"><img class=\"img-responsive img-author\" src=\"https:\/\/cdn.musavat.com\/authors\/thumbnails\/69e72434b428b367b6fc89c8b735ffda.jpg\" \/>Asif Adil<\/a><\/div>\n","protected":false},"excerpt":{"rendered":"<p>Uzun onillikl\u0259r \u0259rzind\u0259 ideoloji m\u00fcst\u0259vid\u0259 apar\u0131lan t\u0259bli\u011fat n\u0259tic\u0259sind\u0259 postsovet m\u0259kan\u0131nda ya\u015fayan v\u0259t\u0259nda\u015flar\u0131n siyasi-ictimai t\u0259f\u0259kk\u00fcr\u00fcnd\u0259 Q\u0259rbin \u201c\u0259l\u00e7atmaz\u201d demokratik obraz\u0131 formala\u015fd\u0131r\u0131lm\u0131\u015fd\u0131. Bu c\u00fcr siyas\u0259tin n\u0259tic\u0259sind\u0259 Q\u0259rb d\u00fcnyada, x\u00fcsusil\u0259 d\u0259 postsovet m\u0259kan\u0131nda, \u201cdemokratiya etalonu\u201d kimi q\u0259bul olunurdu. S\u00f6zs\u00fcz ki, bu \u201cetalon\u201d b\u00fct\u00fcn t\u0259nqid v\u0259 \u015f\u00fcbh\u0259l\u0259rd\u0259n \u00fcst\u00fcn idi v\u0259 h\u0259tta onun toxunulmaz statusu var idi. Az qala h\u0259r k\u0259s \u00f6z m\u00fclahiz\u0259l\u0259rind\u0259 Q\u0259rb demokratiyas\u0131na istinad edir, h\u0259tta ya\u015fanan bir \u00e7ox probleml\u0259rin h\u0259llini m\u0259hz h\u0259min bu Q\u0259rb demokratiyas\u0131nda g\u00f6r\u00fcrd\u00fc. \u018fslind\u0259, qeyd olunan bu dan\u0131lmaz fakt\u0131 h\u0259qiq\u0259t\u0259n d\u0259 Q\u0259rb strateql\u0259rin geosiyas\u0259t m\u00fcst\u0259visind\u0259 apard\u0131qlar\u0131 m\u00fcbariz\u0259nin u\u011furu kimi d\u0259&hellip;<\/p>\n","protected":false},"author":2,"featured_media":739756,"comment_status":"closed","ping_status":"closed","sticky":false,"template":"","format":"standard","meta":{"om_disable_all_campaigns":false,"_monsterinsights_skip_tracking":false,"_monsterinsights_sitenote_active":false,"_monsterinsights_sitenote_note":"","_monsterinsights_sitenote_category":0},"categories":[1],"tags":[],"aioseo_notices":[],"gutentor_comment":0,"rttpg_featured_image_url":{"full":["https:\/\/arantv.az\/wp-content\/uploads\/2024\/07\/cd58fa146da3b93331dc393dfaf40dcc.jpg",850,500,false],"landscape":["https:\/\/arantv.az\/wp-content\/uploads\/2024\/07\/cd58fa146da3b93331dc393dfaf40dcc.jpg",850,500,false],"portraits":["https:\/\/arantv.az\/wp-content\/uploads\/2024\/07\/cd58fa146da3b93331dc393dfaf40dcc.jpg",850,500,false],"thumbnail":["https:\/\/arantv.az\/wp-content\/uploads\/2024\/07\/cd58fa146da3b93331dc393dfaf40dcc-500x280.jpg",500,280,true],"medium":["https:\/\/arantv.az\/wp-content\/uploads\/2024\/07\/cd58fa146da3b93331dc393dfaf40dcc-621x365.jpg",621,365,true],"large":["https:\/\/arantv.az\/wp-content\/uploads\/2024\/07\/cd58fa146da3b93331dc393dfaf40dcc-840x494.jpg",640,376,true],"1536x1536":["https:\/\/arantv.az\/wp-content\/uploads\/2024\/07\/cd58fa146da3b93331dc393dfaf40dcc.jpg",850,500,false],"2048x2048":["https:\/\/arantv.az\/wp-content\/uploads\/2024\/07\/cd58fa146da3b93331dc393dfaf40dcc.jpg",850,500,false],"post-thumbnail":["https:\/\/arantv.az\/wp-content\/uploads\/2024\/07\/cd58fa146da3b93331dc393dfaf40dcc-240x172.jpg",240,172,true],"advps-thumb-one":["https:\/\/arantv.az\/wp-content\/uploads\/2024\/07\/cd58fa146da3b93331dc393dfaf40dcc.jpg",850,500,false]},"rttpg_author":{"display_name":"V\u00fcsal Rafiqo\u011flu","author_link":"https:\/\/arantv.az\/?author=2"},"rttpg_comment":0,"rttpg_category":"<a href=\"https:\/\/arantv.az\/?cat=1\" rel=\"category\">C\u0259miyy\u0259t<\/a>","rttpg_excerpt":"Uzun onillikl\u0259r \u0259rzind\u0259 ideoloji m\u00fcst\u0259vid\u0259 apar\u0131lan t\u0259bli\u011fat n\u0259tic\u0259sind\u0259 postsovet m\u0259kan\u0131nda ya\u015fayan v\u0259t\u0259nda\u015flar\u0131n siyasi-ictimai t\u0259f\u0259kk\u00fcr\u00fcnd\u0259 Q\u0259rbin \u201c\u0259l\u00e7atmaz\u201d demokratik obraz\u0131 formala\u015fd\u0131r\u0131lm\u0131\u015fd\u0131. Bu c\u00fcr siyas\u0259tin n\u0259tic\u0259sind\u0259 Q\u0259rb d\u00fcnyada, x\u00fcsusil\u0259 d\u0259 postsovet m\u0259kan\u0131nda, \u201cdemokratiya etalonu\u201d kimi q\u0259bul olunurdu. S\u00f6zs\u00fcz ki, bu \u201cetalon\u201d b\u00fct\u00fcn t\u0259nqid v\u0259 \u015f\u00fcbh\u0259l\u0259rd\u0259n \u00fcst\u00fcn idi v\u0259 h\u0259tta onun toxunulmaz statusu var idi. Az qala h\u0259r k\u0259s&hellip;","_links":{"self":[{"href":"https:\/\/arantv.az\/index.php?rest_route=\/wp\/v2\/posts\/739755"}],"collection":[{"href":"https:\/\/arantv.az\/index.php?rest_route=\/wp\/v2\/posts"}],"about":[{"href":"https:\/\/arantv.az\/index.php?rest_route=\/wp\/v2\/types\/post"}],"author":[{"embeddable":true,"href":"https:\/\/arantv.az\/index.php?rest_route=\/wp\/v2\/users\/2"}],"replies":[{"embeddable":true,"href":"https:\/\/arantv.az\/index.php?rest_route=%2Fwp%2Fv2%2Fcomments&post=739755"}],"version-history":[{"count":1,"href":"https:\/\/arantv.az\/index.php?rest_route=\/wp\/v2\/posts\/739755\/revisions"}],"predecessor-version":[{"id":739757,"href":"https:\/\/arantv.az\/index.php?rest_route=\/wp\/v2\/posts\/739755\/revisions\/739757"}],"wp:featuredmedia":[{"embeddable":true,"href":"https:\/\/arantv.az\/index.php?rest_route=\/wp\/v2\/media\/739756"}],"wp:attachment":[{"href":"https:\/\/arantv.az\/index.php?rest_route=%2Fwp%2Fv2%2Fmedia&parent=739755"}],"wp:term":[{"taxonomy":"category","embeddable":true,"href":"https:\/\/arantv.az\/index.php?rest_route=%2Fwp%2Fv2%2Fcategories&post=739755"},{"taxonomy":"post_tag","embeddable":true,"href":"https:\/\/arantv.az\/index.php?rest_route=%2Fwp%2Fv2%2Ftags&post=739755"}],"curies":[{"name":"wp","href":"https:\/\/api.w.org\/{rel}","templated":true}]}}