{"id":739764,"date":"2024-07-24T19:13:15","date_gmt":"2024-07-24T15:13:15","guid":{"rendered":"https:\/\/arantv.az\/?p=739764"},"modified":"2024-07-24T19:13:15","modified_gmt":"2024-07-24T15:13:15","slug":"b%c9%99zi-dair%c9%99-secki-komissiyalarinin-t%c9%99rkibin%c9%99-d%c9%99yisiklik-edildi","status":"publish","type":"post","link":"https:\/\/arantv.az\/?p=739764","title":{"rendered":"B\u0259zi dair\u0259 se\u00e7ki komissiyalar\u0131n\u0131n t\u0259rkibin\u0259 d\u0259yi\u015fiklik edildi"},"content":{"rendered":"<p><strong>B\u0259zi dair\u0259 se\u00e7ki komissiyalar\u0131n\u0131n t\u0259rkibin\u0259 d\u0259yi\u015fiklik edilib.<\/strong><\/p>\n<p>Bu m\u0259s\u0259l\u0259 M\u0259rk\u0259zi Se\u00e7ki Komissiyas\u0131n\u0131n (MSK) bu g\u00fcn ke\u00e7iril\u0259n iclas\u0131nda m\u00fczakir\u0259y\u0259 \u00e7\u0131xar\u0131l\u0131b.<\/p>\n<p>MSK katibi Arif\u0259 Muxtarovan\u0131n t\u0259qdimat\u0131na \u0259sas\u0259n, 5 sayl\u0131 Bab\u0259k-Nax\u00e7\u0131van-Culfa v\u0259 68 sayl\u0131 Sabirabad-\u015eirvan se\u00e7ki dair\u0259l\u0259rinin komissiyalar\u0131n\u0131n t\u0259rkibind\u0259 d\u0259yi\u015fiklik q\u0259rara al\u0131n\u0131b.<\/p>\n<p>Q\u0259rar s\u0259sverm\u0259y\u0259 \u00e7\u0131xar\u0131laraq q\u0259bul edilib.\/\/Report<\/p>\n","protected":false},"excerpt":{"rendered":"<p>B\u0259zi dair\u0259 se\u00e7ki komissiyalar\u0131n\u0131n t\u0259rkibin\u0259 d\u0259yi\u015fiklik edilib. Bu m\u0259s\u0259l\u0259 M\u0259rk\u0259zi Se\u00e7ki Komissiyas\u0131n\u0131n (MSK) bu g\u00fcn ke\u00e7iril\u0259n iclas\u0131nda m\u00fczakir\u0259y\u0259 \u00e7\u0131xar\u0131l\u0131b. MSK katibi Arif\u0259 Muxtarovan\u0131n t\u0259qdimat\u0131na \u0259sas\u0259n, 5 sayl\u0131 Bab\u0259k-Nax\u00e7\u0131van-Culfa v\u0259 68 sayl\u0131 Sabirabad-\u015eirvan se\u00e7ki dair\u0259l\u0259rinin komissiyalar\u0131n\u0131n t\u0259rkibind\u0259 d\u0259yi\u015fiklik q\u0259rara al\u0131n\u0131b. Q\u0259rar s\u0259sverm\u0259y\u0259 \u00e7\u0131xar\u0131laraq q\u0259bul edilib.\/\/Report<\/p>\n","protected":false},"author":2,"featured_media":739765,"comment_status":"closed","ping_status":"closed","sticky":false,"template":"","format":"standard","meta":{"om_disable_all_campaigns":false,"_monsterinsights_skip_tracking":false,"_monsterinsights_sitenote_active":false,"_monsterinsights_sitenote_note":"","_monsterinsights_sitenote_category":0},"categories":[19],"tags":[],"aioseo_notices":[],"gutentor_comment":0,"rttpg_featured_image_url":{"full":["https:\/\/arantv.az\/wp-content\/uploads\/2024\/07\/c80eb1c9c8cc4f89ef6e7cb5f6533472.jpg",870,500,false],"landscape":["https:\/\/arantv.az\/wp-content\/uploads\/2024\/07\/c80eb1c9c8cc4f89ef6e7cb5f6533472.jpg",870,500,false],"portraits":["https:\/\/arantv.az\/wp-content\/uploads\/2024\/07\/c80eb1c9c8cc4f89ef6e7cb5f6533472.jpg",870,500,false],"thumbnail":["https:\/\/arantv.az\/wp-content\/uploads\/2024\/07\/c80eb1c9c8cc4f89ef6e7cb5f6533472-500x280.jpg",500,280,true],"medium":["https:\/\/arantv.az\/wp-content\/uploads\/2024\/07\/c80eb1c9c8cc4f89ef6e7cb5f6533472-635x365.jpg",635,365,true],"large":["https:\/\/arantv.az\/wp-content\/uploads\/2024\/07\/c80eb1c9c8cc4f89ef6e7cb5f6533472-840x483.jpg",640,368,true],"1536x1536":["https:\/\/arantv.az\/wp-content\/uploads\/2024\/07\/c80eb1c9c8cc4f89ef6e7cb5f6533472.jpg",870,500,false],"2048x2048":["https:\/\/arantv.az\/wp-content\/uploads\/2024\/07\/c80eb1c9c8cc4f89ef6e7cb5f6533472.jpg",870,500,false],"post-thumbnail":["https:\/\/arantv.az\/wp-content\/uploads\/2024\/07\/c80eb1c9c8cc4f89ef6e7cb5f6533472-240x172.jpg",240,172,true],"advps-thumb-one":["https:\/\/arantv.az\/wp-content\/uploads\/2024\/07\/c80eb1c9c8cc4f89ef6e7cb5f6533472.jpg",870,500,false]},"rttpg_author":{"display_name":"V\u00fcsal Rafiqo\u011flu","author_link":"https:\/\/arantv.az\/?author=2"},"rttpg_comment":0,"rttpg_category":"<a href=\"https:\/\/arantv.az\/?cat=19\" rel=\"category\">G\u00fcnd\u0259m<\/a>","rttpg_excerpt":"B\u0259zi dair\u0259 se\u00e7ki komissiyalar\u0131n\u0131n t\u0259rkibin\u0259 d\u0259yi\u015fiklik edilib. Bu m\u0259s\u0259l\u0259 M\u0259rk\u0259zi Se\u00e7ki Komissiyas\u0131n\u0131n (MSK) bu g\u00fcn ke\u00e7iril\u0259n iclas\u0131nda m\u00fczakir\u0259y\u0259 \u00e7\u0131xar\u0131l\u0131b. MSK katibi Arif\u0259 Muxtarovan\u0131n t\u0259qdimat\u0131na \u0259sas\u0259n, 5 sayl\u0131 Bab\u0259k-Nax\u00e7\u0131van-Culfa v\u0259 68 sayl\u0131 Sabirabad-\u015eirvan se\u00e7ki dair\u0259l\u0259rinin komissiyalar\u0131n\u0131n t\u0259rkibind\u0259 d\u0259yi\u015fiklik q\u0259rara al\u0131n\u0131b. Q\u0259rar s\u0259sverm\u0259y\u0259 \u00e7\u0131xar\u0131laraq q\u0259bul edilib.\/\/Report","_links":{"self":[{"href":"https:\/\/arantv.az\/index.php?rest_route=\/wp\/v2\/posts\/739764"}],"collection":[{"href":"https:\/\/arantv.az\/index.php?rest_route=\/wp\/v2\/posts"}],"about":[{"href":"https:\/\/arantv.az\/index.php?rest_route=\/wp\/v2\/types\/post"}],"author":[{"embeddable":true,"href":"https:\/\/arantv.az\/index.php?rest_route=\/wp\/v2\/users\/2"}],"replies":[{"embeddable":true,"href":"https:\/\/arantv.az\/index.php?rest_route=%2Fwp%2Fv2%2Fcomments&post=739764"}],"version-history":[{"count":1,"href":"https:\/\/arantv.az\/index.php?rest_route=\/wp\/v2\/posts\/739764\/revisions"}],"predecessor-version":[{"id":739766,"href":"https:\/\/arantv.az\/index.php?rest_route=\/wp\/v2\/posts\/739764\/revisions\/739766"}],"wp:featuredmedia":[{"embeddable":true,"href":"https:\/\/arantv.az\/index.php?rest_route=\/wp\/v2\/media\/739765"}],"wp:attachment":[{"href":"https:\/\/arantv.az\/index.php?rest_route=%2Fwp%2Fv2%2Fmedia&parent=739764"}],"wp:term":[{"taxonomy":"category","embeddable":true,"href":"https:\/\/arantv.az\/index.php?rest_route=%2Fwp%2Fv2%2Fcategories&post=739764"},{"taxonomy":"post_tag","embeddable":true,"href":"https:\/\/arantv.az\/index.php?rest_route=%2Fwp%2Fv2%2Ftags&post=739764"}],"curies":[{"name":"wp","href":"https:\/\/api.w.org\/{rel}","templated":true}]}}