{"id":739792,"date":"2024-07-24T19:24:20","date_gmt":"2024-07-24T15:24:20","guid":{"rendered":"https:\/\/arantv.az\/?p=739792"},"modified":"2024-07-24T19:24:20","modified_gmt":"2024-07-24T15:24:20","slug":"s%c9%99hid-h%c9%99rbi-pilot-r%c9%99sad-atakisiyevin-xatir%c9%99si-yad-edilib","status":"publish","type":"post","link":"https:\/\/arantv.az\/?p=739792","title":{"rendered":"\u015e\u0259hid h\u0259rbi pilot R\u0259\u015fad Ataki\u015fiyevin xatir\u0259si yad edilib"},"content":{"rendered":"<section>\n<div class=\"content lead font-weight-normal\">\n<p><em><strong>T\u0259lim-m\u0259\u015fq zaman\u0131 q\u0259zaya u\u011frayan H\u0259rbi Hava Q\u00fcvv\u0259l\u0259rinin MiQ-29 t\u0259yyar\u0259sinin h\u0259rbi pilotu polkovnik-leytenant R\u0259\u015fad Ataki\u015fiyevin h\u0259lak olmas\u0131n\u0131n 5-ci ild\u00f6n\u00fcm\u00fc il\u0259 \u0259laq\u0259dar iyulun 24-d\u0259 an\u0131m m\u0259rasimi ke\u00e7irilib.<\/strong><\/em><\/p>\n<p><strong>ARANTV.AZ x\u0259b\u0259r verir ki,<\/strong>\u00a0\u00a0\u0259vv\u0259lc\u0259 \u0130kinci \u015e\u0259hidl\u0259r xiyaban\u0131nda \u015f\u0259hid h\u0259rbi pilotumuzun m\u0259zar\u0131 ziyar\u0259t olunub, \u00fcz\u0259rin\u0259 \u0259klil v\u0259 g\u00fcl d\u0259st\u0259l\u0259ri qoyularaq xatir\u0259si ehtiramla yad edilib. Sonra M\u00fcdafi\u0259 Nazirliyinin v\u0259 ictimaiyy\u0259tin n\u00fcmay\u0259nd\u0259l\u0259ri, \u015f\u0259hidin ail\u0259 \u00fczvl\u0259ri, yax\u0131nlar\u0131 v\u0259 d\u00f6y\u00fc\u015f yolda\u015flar\u0131n\u0131n i\u015ftirak\u0131 il\u0259 Az\u0259rbaycan H\u0259rb Tarixi Muzeyind\u0259 t\u0259dbir ke\u00e7irilib.<\/p>\n<p>T\u0259dbird\u0259 xalq\u0131m\u0131z\u0131n \u00dcmummilli Lideri Heyd\u0259r \u018fliyevin v\u0259 \u015f\u0259hidl\u0259rimizin \u0259ziz xatir\u0259si bir d\u0259qiq\u0259lik s\u00fckutla yad edilib, Az\u0259rbaycan Respublikas\u0131n\u0131n D\u00f6vl\u0259t Himni ifa olunub.\u00a0\u00c7\u0131x\u0131\u015f ed\u0259nl\u0259r \u015f\u0259hidimizin \u015f\u0259r\u0259fli d\u00f6y\u00fc\u015f yolundan, v\u0259t\u0259np\u0259rv\u0259rliyind\u0259n, pe\u015f\u0259karl\u0131\u011f\u0131ndan, d\u00f6y\u00fc\u015f \u0259zmind\u0259n v\u0259 milli-m\u0259n\u0259vi d\u0259y\u0259rl\u0259rimiz\u0259 ba\u011fl\u0131l\u0131\u011f\u0131ndan dan\u0131\u015f\u0131blar.<\/p>\n<p>\u015e\u0259hidin ail\u0259 \u00fczvl\u0259ri g\u00f6st\u0259ril\u0259n diqq\u0259t v\u0259 qay\u011f\u0131ya g\u00f6r\u0259 Az\u0259rbaycan Respublikas\u0131n\u0131n Prezidenti c\u0259nab \u0130lham \u018fliyev\u0259, Birinci vitse-prezident Mehriban xan\u0131m \u018fliyevaya v\u0259 M\u00fcdafi\u0259 Nazirliyinin r\u0259hb\u0259rliyin\u0259 minn\u0259tdarl\u0131qlar\u0131n\u0131 bildiribl\u0259r. Sonra polkovnik-leytenant R.Ataki\u015fiyev\u0259 h\u0259sr olunan video\u00e7arx n\u00fcmayi\u015f etdirilib.<\/p>\n<p>T\u0259dbird\u0259 ifa olunan v\u0259t\u0259np\u0259rv\u0259rliyi v\u0259 q\u0259hr\u0259manl\u0131\u011f\u0131 t\u0259r\u0259nn\u00fcm ed\u0259n musiqi n\u00f6mr\u0259l\u0259ri maraqla qar\u015f\u0131lan\u0131b.<\/p>\n<div class=\"clearfix\"><\/div>\n<\/div>\n<div class=\"fotorama--hidden\"><\/div>\n<div id=\"galleryList\" class=\"fotorama fotorama1721834606075\" data-nav=\"thumbs\" data-width=\"100%\" data-thumbwidth=\"90\" data-thumbheight=\"60\" data-allowfullscreen=\"true\" data-autoplay=\"3000\" data-ratio=\"1.5\" data-keyboard=\"true\" data-fit=\"contain\">\n<div class=\"fotorama__wrap fotorama__wrap--css3 fotorama__wrap--slide fotorama__wrap--toggle-arrows fotorama__wrap--no-controls\">\n<div class=\"fotorama__stage fotorama__pointer\">\n<div class=\"fotorama__fullscreen-icon\" tabindex=\"0\" role=\"button\"><\/div>\n<div class=\"fotorama__stage__shaft\">\n<div class=\"fotorama__stage__frame fotorama__loaded fotorama__loaded--img\"><img class=\"fotorama__img\" src=\"https:\/\/ikisahil.az\/photo\/0x0_2\/upload\/gallery\/2024\/07\/24\/-bdad073d172182191819244235510938970.jpg\" \/><\/div>\n<div class=\"fotorama__stage__frame fotorama__loaded fotorama__loaded--img fotorama__active\"><img class=\"fotorama__img\" src=\"https:\/\/ikisahil.az\/photo\/0x0_2\/upload\/gallery\/2024\/07\/24\/-1a638db8172182191826961691510372542.jpg\" \/><\/div>\n<div class=\"fotorama__stage__frame fotorama__loaded fotorama__loaded--img\"><img class=\"fotorama__img\" src=\"https:\/\/ikisahil.az\/photo\/0x0_2\/upload\/gallery\/2024\/07\/24\/-86dba86717218219185731995331088468.jpg\" \/><\/div>\n<div class=\"fotorama__stage__frame\"><\/div>\n<\/div>\n<div class=\"fotorama__arr fotorama__arr--prev\" tabindex=\"0\" role=\"button\"><\/div>\n<div class=\"fotorama__arr fotorama__arr--next\" tabindex=\"0\" role=\"button\"><\/div>\n<div class=\"fotorama__video-close\"><\/div>\n<\/div>\n<div class=\"fotorama__nav-wrap\">\n<div class=\"fotorama__nav fotorama__nav--thumbs fotorama__shadows--left fotorama__shadows--right\">\n<div class=\"fotorama__nav__shaft fotorama__grab\">\n<div class=\"fotorama__thumb-border\"><\/div>\n<div class=\"fotorama__nav__frame fotorama__nav__frame--thumb\" tabindex=\"0\" role=\"button\">\n<div class=\"fotorama__thumb fotorama__loaded fotorama__loaded--img\"><img class=\"fotorama__img\" src=\"https:\/\/ikisahil.az\/photo\/150x100_2\/upload\/gallery\/2024\/07\/24\/-c1619d2a172182191790669790910241928.jpg\" \/><\/div>\n<\/div>\n<div class=\"fotorama__nav__frame fotorama__nav__frame--thumb\" tabindex=\"0\" role=\"button\">\n<div class=\"fotorama__thumb fotorama__loaded fotorama__loaded--img\"><img class=\"fotorama__img\" src=\"https:\/\/ikisahil.az\/photo\/150x100_2\/upload\/gallery\/2024\/07\/24\/-7e8d7e5c172182191866735525710425783.jpg\" \/><\/div>\n<\/div>\n<div class=\"fotorama__nav__frame fotorama__nav__frame--thumb\" tabindex=\"0\" role=\"button\">\n<div class=\"fotorama__thumb fotorama__loaded fotorama__loaded--img\"><img class=\"fotorama__img\" src=\"https:\/\/ikisahil.az\/photo\/150x100_2\/upload\/gallery\/2024\/07\/24\/-bdad073d172182191819244235510938970.jpg\" \/><\/div>\n<\/div>\n<div class=\"fotorama__nav__frame fotorama__nav__frame--thumb\" tabindex=\"0\" role=\"button\">\n<div class=\"fotorama__thumb fotorama__loaded fotorama__loaded--img\"><img class=\"fotorama__img\" src=\"https:\/\/ikisahil.az\/photo\/150x100_2\/upload\/gallery\/2024\/07\/24\/-1a638db8172182191826961691510372542.jpg\" \/><\/div>\n<\/div>\n<div class=\"fotorama__nav__frame fotorama__nav__frame--thumb fotorama__active\" tabindex=\"0\" role=\"button\">\n<div class=\"fotorama__thumb fotorama__loaded fotorama__loaded--img\"><img class=\"fotorama__img\" src=\"https:\/\/ikisahil.az\/photo\/150x100_2\/upload\/gallery\/2024\/07\/24\/-86dba86717218219185731995331088468.jpg\" \/><\/div>\n<\/div>\n<div class=\"fotorama__nav__frame fotorama__nav__frame--thumb\" tabindex=\"0\" role=\"button\">\n<div class=\"fotorama__thumb fotorama__loaded fotorama__loaded--img\"><img class=\"fotorama__img\" src=\"https:\/\/ikisahil.az\/photo\/150x100_2\/upload\/gallery\/2024\/07\/24\/-40f6992c172182191722413615410642790.jpg\" \/><\/div>\n<\/div>\n<div class=\"fotorama__nav__frame fotorama__nav__frame--thumb\" tabindex=\"0\" role=\"button\">\n<div class=\"fotorama__thumb fotorama__loaded fotorama__loaded--img\"><img class=\"fotorama__img\" src=\"https:\/\/ikisahil.az\/photo\/150x100_2\/upload\/gallery\/2024\/07\/24\/-8d235536172182191736652836511012763.jpg\" \/><\/div>\n<\/div>\n<div class=\"fotorama__nav__frame fotorama__nav__frame--thumb\" tabindex=\"0\" role=\"button\">\n<div class=\"fotorama__thumb\"><\/div>\n<\/div>\n<div class=\"fotorama__nav__frame fotorama__nav__frame--thumb\" tabindex=\"0\" role=\"button\">\n<div class=\"fotorama__thumb\"><\/div>\n<\/div>\n<\/div>\n<\/div>\n<\/div>\n<\/div>\n<\/div>\n<div class=\"sharing my-2 row no-gutters d-print-none\"><\/div>\n<div class=\"d-none d-sm-block\"><\/div>\n<\/section>\n<section id=\"new_block_2\" class=\"mt-3 d-print-none\">\n<div class=\"row\">\n<div class=\"col-md-12\"><\/div>\n<\/div>\n<\/section>\n","protected":false},"excerpt":{"rendered":"<p>T\u0259lim-m\u0259\u015fq zaman\u0131 q\u0259zaya u\u011frayan H\u0259rbi Hava Q\u00fcvv\u0259l\u0259rinin MiQ-29 t\u0259yyar\u0259sinin h\u0259rbi pilotu polkovnik-leytenant R\u0259\u015fad Ataki\u015fiyevin h\u0259lak olmas\u0131n\u0131n 5-ci ild\u00f6n\u00fcm\u00fc il\u0259 \u0259laq\u0259dar iyulun 24-d\u0259 an\u0131m m\u0259rasimi ke\u00e7irilib. ARANTV.AZ x\u0259b\u0259r verir ki,\u00a0\u00a0\u0259vv\u0259lc\u0259 \u0130kinci \u015e\u0259hidl\u0259r xiyaban\u0131nda \u015f\u0259hid h\u0259rbi pilotumuzun m\u0259zar\u0131 ziyar\u0259t olunub, \u00fcz\u0259rin\u0259 \u0259klil v\u0259 g\u00fcl d\u0259st\u0259l\u0259ri qoyularaq xatir\u0259si ehtiramla yad edilib. Sonra M\u00fcdafi\u0259 Nazirliyinin v\u0259 ictimaiyy\u0259tin n\u00fcmay\u0259nd\u0259l\u0259ri, \u015f\u0259hidin ail\u0259 \u00fczvl\u0259ri, yax\u0131nlar\u0131 v\u0259 d\u00f6y\u00fc\u015f yolda\u015flar\u0131n\u0131n i\u015ftirak\u0131 il\u0259 Az\u0259rbaycan H\u0259rb Tarixi Muzeyind\u0259 t\u0259dbir ke\u00e7irilib. T\u0259dbird\u0259 xalq\u0131m\u0131z\u0131n \u00dcmummilli Lideri Heyd\u0259r \u018fliyevin v\u0259 \u015f\u0259hidl\u0259rimizin \u0259ziz xatir\u0259si bir d\u0259qiq\u0259lik s\u00fckutla yad edilib, Az\u0259rbaycan Respublikas\u0131n\u0131n D\u00f6vl\u0259t Himni ifa olunub.\u00a0\u00c7\u0131x\u0131\u015f&hellip;<\/p>\n","protected":false},"author":2,"featured_media":739793,"comment_status":"closed","ping_status":"closed","sticky":false,"template":"","format":"standard","meta":{"om_disable_all_campaigns":false,"_monsterinsights_skip_tracking":false,"_monsterinsights_sitenote_active":false,"_monsterinsights_sitenote_note":"","_monsterinsights_sitenote_category":0},"categories":[10],"tags":[],"aioseo_notices":[],"gutentor_comment":0,"rttpg_featured_image_url":{"full":["https:\/\/arantv.az\/wp-content\/uploads\/2024\/07\/3d489341172182190588614293010778559.jpg",975,540,false],"landscape":["https:\/\/arantv.az\/wp-content\/uploads\/2024\/07\/3d489341172182190588614293010778559.jpg",975,540,false],"portraits":["https:\/\/arantv.az\/wp-content\/uploads\/2024\/07\/3d489341172182190588614293010778559.jpg",975,540,false],"thumbnail":["https:\/\/arantv.az\/wp-content\/uploads\/2024\/07\/3d489341172182190588614293010778559-500x280.jpg",500,280,true],"medium":["https:\/\/arantv.az\/wp-content\/uploads\/2024\/07\/3d489341172182190588614293010778559-660x365.jpg",660,365,true],"large":["https:\/\/arantv.az\/wp-content\/uploads\/2024\/07\/3d489341172182190588614293010778559-840x465.jpg",640,354,true],"1536x1536":["https:\/\/arantv.az\/wp-content\/uploads\/2024\/07\/3d489341172182190588614293010778559.jpg",975,540,false],"2048x2048":["https:\/\/arantv.az\/wp-content\/uploads\/2024\/07\/3d489341172182190588614293010778559.jpg",975,540,false],"post-thumbnail":["https:\/\/arantv.az\/wp-content\/uploads\/2024\/07\/3d489341172182190588614293010778559-240x172.jpg",240,172,true],"advps-thumb-one":["https:\/\/arantv.az\/wp-content\/uploads\/2024\/07\/3d489341172182190588614293010778559.jpg",975,540,false]},"rttpg_author":{"display_name":"V\u00fcsal Rafiqo\u011flu","author_link":"https:\/\/arantv.az\/?author=2"},"rttpg_comment":0,"rttpg_category":"<a href=\"https:\/\/arantv.az\/?cat=10\" rel=\"category\">C\u0259bh\u0259d\u0259n X\u0259b\u0259r<\/a>","rttpg_excerpt":"T\u0259lim-m\u0259\u015fq zaman\u0131 q\u0259zaya u\u011frayan H\u0259rbi Hava Q\u00fcvv\u0259l\u0259rinin MiQ-29 t\u0259yyar\u0259sinin h\u0259rbi pilotu polkovnik-leytenant R\u0259\u015fad Ataki\u015fiyevin h\u0259lak olmas\u0131n\u0131n 5-ci ild\u00f6n\u00fcm\u00fc il\u0259 \u0259laq\u0259dar iyulun 24-d\u0259 an\u0131m m\u0259rasimi ke\u00e7irilib. ARANTV.AZ x\u0259b\u0259r verir ki,\u00a0\u00a0\u0259vv\u0259lc\u0259 \u0130kinci \u015e\u0259hidl\u0259r xiyaban\u0131nda \u015f\u0259hid h\u0259rbi pilotumuzun m\u0259zar\u0131 ziyar\u0259t olunub, \u00fcz\u0259rin\u0259 \u0259klil v\u0259 g\u00fcl d\u0259st\u0259l\u0259ri qoyularaq xatir\u0259si ehtiramla yad edilib. Sonra M\u00fcdafi\u0259 Nazirliyinin v\u0259 ictimaiyy\u0259tin n\u00fcmay\u0259nd\u0259l\u0259ri, \u015f\u0259hidin&hellip;","_links":{"self":[{"href":"https:\/\/arantv.az\/index.php?rest_route=\/wp\/v2\/posts\/739792"}],"collection":[{"href":"https:\/\/arantv.az\/index.php?rest_route=\/wp\/v2\/posts"}],"about":[{"href":"https:\/\/arantv.az\/index.php?rest_route=\/wp\/v2\/types\/post"}],"author":[{"embeddable":true,"href":"https:\/\/arantv.az\/index.php?rest_route=\/wp\/v2\/users\/2"}],"replies":[{"embeddable":true,"href":"https:\/\/arantv.az\/index.php?rest_route=%2Fwp%2Fv2%2Fcomments&post=739792"}],"version-history":[{"count":1,"href":"https:\/\/arantv.az\/index.php?rest_route=\/wp\/v2\/posts\/739792\/revisions"}],"predecessor-version":[{"id":739794,"href":"https:\/\/arantv.az\/index.php?rest_route=\/wp\/v2\/posts\/739792\/revisions\/739794"}],"wp:featuredmedia":[{"embeddable":true,"href":"https:\/\/arantv.az\/index.php?rest_route=\/wp\/v2\/media\/739793"}],"wp:attachment":[{"href":"https:\/\/arantv.az\/index.php?rest_route=%2Fwp%2Fv2%2Fmedia&parent=739792"}],"wp:term":[{"taxonomy":"category","embeddable":true,"href":"https:\/\/arantv.az\/index.php?rest_route=%2Fwp%2Fv2%2Fcategories&post=739792"},{"taxonomy":"post_tag","embeddable":true,"href":"https:\/\/arantv.az\/index.php?rest_route=%2Fwp%2Fv2%2Ftags&post=739792"}],"curies":[{"name":"wp","href":"https:\/\/api.w.org\/{rel}","templated":true}]}}