{"id":739805,"date":"2024-07-24T19:33:38","date_gmt":"2024-07-24T15:33:38","guid":{"rendered":"https:\/\/arantv.az\/?p=739805"},"modified":"2024-07-24T19:33:38","modified_gmt":"2024-07-24T15:33:38","slug":"hikm%c9%99t-haciyev-polsanin-s%c9%99firi-il%c9%99-gorusdu-foto","status":"publish","type":"post","link":"https:\/\/arantv.az\/?p=739805","title":{"rendered":"Hikm\u0259t Hac\u0131yev Pol\u015fan\u0131n s\u0259firi il\u0259 G\u00d6R\u00dc\u015eD\u00dc &#8211; FOTO"},"content":{"rendered":"<div class=\"text-content\" data-id=\"\" data-url=\"\">\n<p>Az\u0259rbaycan Prezidentinin k\u00f6m\u0259k\u00e7isi &#8211; Prezident Administrasiyas\u0131n\u0131n Xarici siyas\u0259t m\u0259s\u0259l\u0259l\u0259ri \u015f\u00f6b\u0259sinin m\u00fcdiri Hikm\u0259t Hac\u0131yev Pol\u015fan\u0131n \u00f6lk\u0259mizd\u0259ki s\u0259firi Rafal Poborskini \u00f6lk\u0259mizd\u0259 diplomatik missiyas\u0131n\u0131n ba\u015fa \u00e7atmas\u0131 m\u00fcnasib\u0259til\u0259 q\u0259bul edib.<\/p>\n<p><strong>ARANTV.AZ <\/strong>x\u0259b\u0259r verir ki, bu bar\u0259d\u0259 Pol\u015fa s\u0259firliyinin \u201cX\u201d sosial \u015f\u0259b\u0259k\u0259sind\u0259ki hesab\u0131nda payla\u015f\u0131m edilib.<\/p>\n<p>\u201cS\u0259fir Rafal Poborski il\u0259 Az\u0259rbaycan Prezidentinin k\u00f6m\u0259k\u00e7isi &#8211; Prezident Administrasiyas\u0131n\u0131n Xarici siyas\u0259t m\u0259s\u0259l\u0259l\u0259ri \u015f\u00f6b\u0259sinin m\u00fcdiri Hikm\u0259t Hac\u0131yev aras\u0131nda dostluq, vida g\u00f6r\u00fc\u015f\u00fc olub. G\u00f6r\u00fc\u015f zaman\u0131, Az\u0259rbaycan il\u0259 Pol\u015fa aras\u0131nda yax\u015f\u0131 m\u00fcnasib\u0259tl\u0259rin m\u00f6vcud oldu\u011fu vur\u011fulan\u0131b\u201d, &#8211; payla\u015f\u0131mda qeyd edilib.<\/p>\n<p><img src=\"https:\/\/ssl.bizim.media\/file\/articles\/2024\/07\/24\/1721827518_capture.png\" alt=\"\" \/><\/p>\n<\/div>\n<div><\/div>\n<div><\/div>\n<div class=\"inner-social-box\">\n<div class=\"subs-in-social subs-whatsapp\"><\/div>\n<\/div>\n","protected":false},"excerpt":{"rendered":"<p>Az\u0259rbaycan Prezidentinin k\u00f6m\u0259k\u00e7isi &#8211; Prezident Administrasiyas\u0131n\u0131n Xarici siyas\u0259t m\u0259s\u0259l\u0259l\u0259ri \u015f\u00f6b\u0259sinin m\u00fcdiri Hikm\u0259t Hac\u0131yev Pol\u015fan\u0131n \u00f6lk\u0259mizd\u0259ki s\u0259firi Rafal Poborskini \u00f6lk\u0259mizd\u0259 diplomatik missiyas\u0131n\u0131n ba\u015fa \u00e7atmas\u0131 m\u00fcnasib\u0259til\u0259 q\u0259bul edib. ARANTV.AZ x\u0259b\u0259r verir ki, bu bar\u0259d\u0259 Pol\u015fa s\u0259firliyinin \u201cX\u201d sosial \u015f\u0259b\u0259k\u0259sind\u0259ki hesab\u0131nda payla\u015f\u0131m edilib. \u201cS\u0259fir Rafal Poborski il\u0259 Az\u0259rbaycan Prezidentinin k\u00f6m\u0259k\u00e7isi &#8211; Prezident Administrasiyas\u0131n\u0131n Xarici siyas\u0259t m\u0259s\u0259l\u0259l\u0259ri \u015f\u00f6b\u0259sinin m\u00fcdiri Hikm\u0259t Hac\u0131yev aras\u0131nda dostluq, vida g\u00f6r\u00fc\u015f\u00fc olub. G\u00f6r\u00fc\u015f zaman\u0131, Az\u0259rbaycan il\u0259 Pol\u015fa aras\u0131nda yax\u015f\u0131 m\u00fcnasib\u0259tl\u0259rin m\u00f6vcud oldu\u011fu vur\u011fulan\u0131b\u201d, &#8211; payla\u015f\u0131mda qeyd edilib.<\/p>\n","protected":false},"author":2,"featured_media":739806,"comment_status":"closed","ping_status":"closed","sticky":false,"template":"","format":"standard","meta":{"om_disable_all_campaigns":false,"_monsterinsights_skip_tracking":false,"_monsterinsights_sitenote_active":false,"_monsterinsights_sitenote_note":"","_monsterinsights_sitenote_category":0},"categories":[4],"tags":[],"aioseo_notices":[],"gutentor_comment":0,"rttpg_featured_image_url":{"full":["https:\/\/arantv.az\/wp-content\/uploads\/2024\/07\/3af6cb11ec9d2c74656a7971a2fba849.jpg",496,412,false],"landscape":["https:\/\/arantv.az\/wp-content\/uploads\/2024\/07\/3af6cb11ec9d2c74656a7971a2fba849.jpg",496,412,false],"portraits":["https:\/\/arantv.az\/wp-content\/uploads\/2024\/07\/3af6cb11ec9d2c74656a7971a2fba849.jpg",496,412,false],"thumbnail":["https:\/\/arantv.az\/wp-content\/uploads\/2024\/07\/3af6cb11ec9d2c74656a7971a2fba849-496x280.jpg",496,280,true],"medium":["https:\/\/arantv.az\/wp-content\/uploads\/2024\/07\/3af6cb11ec9d2c74656a7971a2fba849-439x365.jpg",439,365,true],"large":["https:\/\/arantv.az\/wp-content\/uploads\/2024\/07\/3af6cb11ec9d2c74656a7971a2fba849.jpg",496,412,false],"1536x1536":["https:\/\/arantv.az\/wp-content\/uploads\/2024\/07\/3af6cb11ec9d2c74656a7971a2fba849.jpg",496,412,false],"2048x2048":["https:\/\/arantv.az\/wp-content\/uploads\/2024\/07\/3af6cb11ec9d2c74656a7971a2fba849.jpg",496,412,false],"post-thumbnail":["https:\/\/arantv.az\/wp-content\/uploads\/2024\/07\/3af6cb11ec9d2c74656a7971a2fba849-240x172.jpg",240,172,true],"advps-thumb-one":["https:\/\/arantv.az\/wp-content\/uploads\/2024\/07\/3af6cb11ec9d2c74656a7971a2fba849.jpg",496,412,false]},"rttpg_author":{"display_name":"V\u00fcsal Rafiqo\u011flu","author_link":"https:\/\/arantv.az\/?author=2"},"rttpg_comment":0,"rttpg_category":"<a href=\"https:\/\/arantv.az\/?cat=4\" rel=\"category\">Siyas\u0259t<\/a>","rttpg_excerpt":"Az\u0259rbaycan Prezidentinin k\u00f6m\u0259k\u00e7isi &#8211; Prezident Administrasiyas\u0131n\u0131n Xarici siyas\u0259t m\u0259s\u0259l\u0259l\u0259ri \u015f\u00f6b\u0259sinin m\u00fcdiri Hikm\u0259t Hac\u0131yev Pol\u015fan\u0131n \u00f6lk\u0259mizd\u0259ki s\u0259firi Rafal Poborskini \u00f6lk\u0259mizd\u0259 diplomatik missiyas\u0131n\u0131n ba\u015fa \u00e7atmas\u0131 m\u00fcnasib\u0259til\u0259 q\u0259bul edib. ARANTV.AZ x\u0259b\u0259r verir ki, bu bar\u0259d\u0259 Pol\u015fa s\u0259firliyinin \u201cX\u201d sosial \u015f\u0259b\u0259k\u0259sind\u0259ki hesab\u0131nda payla\u015f\u0131m edilib. \u201cS\u0259fir Rafal Poborski il\u0259 Az\u0259rbaycan Prezidentinin k\u00f6m\u0259k\u00e7isi &#8211; Prezident Administrasiyas\u0131n\u0131n Xarici siyas\u0259t m\u0259s\u0259l\u0259l\u0259ri \u015f\u00f6b\u0259sinin m\u00fcdiri&hellip;","_links":{"self":[{"href":"https:\/\/arantv.az\/index.php?rest_route=\/wp\/v2\/posts\/739805"}],"collection":[{"href":"https:\/\/arantv.az\/index.php?rest_route=\/wp\/v2\/posts"}],"about":[{"href":"https:\/\/arantv.az\/index.php?rest_route=\/wp\/v2\/types\/post"}],"author":[{"embeddable":true,"href":"https:\/\/arantv.az\/index.php?rest_route=\/wp\/v2\/users\/2"}],"replies":[{"embeddable":true,"href":"https:\/\/arantv.az\/index.php?rest_route=%2Fwp%2Fv2%2Fcomments&post=739805"}],"version-history":[{"count":1,"href":"https:\/\/arantv.az\/index.php?rest_route=\/wp\/v2\/posts\/739805\/revisions"}],"predecessor-version":[{"id":739807,"href":"https:\/\/arantv.az\/index.php?rest_route=\/wp\/v2\/posts\/739805\/revisions\/739807"}],"wp:featuredmedia":[{"embeddable":true,"href":"https:\/\/arantv.az\/index.php?rest_route=\/wp\/v2\/media\/739806"}],"wp:attachment":[{"href":"https:\/\/arantv.az\/index.php?rest_route=%2Fwp%2Fv2%2Fmedia&parent=739805"}],"wp:term":[{"taxonomy":"category","embeddable":true,"href":"https:\/\/arantv.az\/index.php?rest_route=%2Fwp%2Fv2%2Fcategories&post=739805"},{"taxonomy":"post_tag","embeddable":true,"href":"https:\/\/arantv.az\/index.php?rest_route=%2Fwp%2Fv2%2Ftags&post=739805"}],"curies":[{"name":"wp","href":"https:\/\/api.w.org\/{rel}","templated":true}]}}