{"id":739815,"date":"2024-07-24T20:24:24","date_gmt":"2024-07-24T16:24:24","guid":{"rendered":"https:\/\/arantv.az\/?p=739815"},"modified":"2024-07-24T20:24:24","modified_gmt":"2024-07-24T16:24:24","slug":"faci%c9%99vi-s%c9%99kild%c9%99-ol%c9%99n-mu%c9%99llim-imis-foto","status":"publish","type":"post","link":"https:\/\/arantv.az\/?p=739815","title":{"rendered":"Faci\u0259vi \u015f\u0259kild\u0259 \u00f6l\u0259n m\u00fc\u0259llim imi\u015f&#8230;- Foto"},"content":{"rendered":"<p><strong>X\u0259b\u0259r verdiyimiz kimi, \u0130smay\u0131ll\u0131da 1986-c\u0131 il t\u0259v\u0259ll\u00fcdl\u00fc A\u011fayev A\u011fabala \u018flibala o\u011flu rayonun \u00c7ayqovu\u015fan k\u0259ndi \u0259razisind\u0259 \u015f\u0259lal\u0259d\u0259n y\u0131x\u0131laraq \u00f6l\u00fcb.<\/strong><\/p>\n<p>\u201cQafqazinfo\u201d x\u0259b\u0259r verir ki, sosial \u015f\u0259b\u0259k\u0259l\u0259rd\u0259 A. A\u011fayevin fotolar\u0131 yay\u0131l\u0131b v\u0259 \u0130vanovka k\u0259nd orta m\u0259kt\u0259bind\u0259 idman m\u00fc\u0259llimi i\u015fl\u0259diyi bildirilib.<\/p>\n<p><em>Faci\u0259vi \u015f\u0259kild\u0259 \u00f6l\u0259n m\u00fc\u0259llimin fotolar\u0131n\u0131 t\u0259qdim edirik:<\/em><\/p>\n<div><img class=\"img-responsive\" title=\"\" src=\"https:\/\/qafqazinfo.az\/uploads\/1721830562\/452153980_7992359810850770_6831591176520236032_n.jpg\" alt=\"\" \/><br \/>\n<img class=\"img-responsive\" title=\"\" src=\"https:\/\/qafqazinfo.az\/uploads\/1721830562\/452629566_7992359874184097_6525276436998173993_n.jpg\" alt=\"\" \/><\/div>\n","protected":false},"excerpt":{"rendered":"<p>X\u0259b\u0259r verdiyimiz kimi, \u0130smay\u0131ll\u0131da 1986-c\u0131 il t\u0259v\u0259ll\u00fcdl\u00fc A\u011fayev A\u011fabala \u018flibala o\u011flu rayonun \u00c7ayqovu\u015fan k\u0259ndi \u0259razisind\u0259 \u015f\u0259lal\u0259d\u0259n y\u0131x\u0131laraq \u00f6l\u00fcb. \u201cQafqazinfo\u201d x\u0259b\u0259r verir ki, sosial \u015f\u0259b\u0259k\u0259l\u0259rd\u0259 A. A\u011fayevin fotolar\u0131 yay\u0131l\u0131b v\u0259 \u0130vanovka k\u0259nd orta m\u0259kt\u0259bind\u0259 idman m\u00fc\u0259llimi i\u015fl\u0259diyi bildirilib. Faci\u0259vi \u015f\u0259kild\u0259 \u00f6l\u0259n m\u00fc\u0259llimin fotolar\u0131n\u0131 t\u0259qdim edirik:<\/p>\n","protected":false},"author":2,"featured_media":739816,"comment_status":"closed","ping_status":"closed","sticky":false,"template":"","format":"standard","meta":{"om_disable_all_campaigns":false,"_monsterinsights_skip_tracking":false,"_monsterinsights_sitenote_active":false,"_monsterinsights_sitenote_note":"","_monsterinsights_sitenote_category":0},"categories":[5],"tags":[],"aioseo_notices":[],"gutentor_comment":0,"rttpg_featured_image_url":{"full":["https:\/\/arantv.az\/wp-content\/uploads\/2024\/07\/3c6d5e1c9448eccce0d3a807395a926c.jpg",637,400,false],"landscape":["https:\/\/arantv.az\/wp-content\/uploads\/2024\/07\/3c6d5e1c9448eccce0d3a807395a926c.jpg",637,400,false],"portraits":["https:\/\/arantv.az\/wp-content\/uploads\/2024\/07\/3c6d5e1c9448eccce0d3a807395a926c.jpg",637,400,false],"thumbnail":["https:\/\/arantv.az\/wp-content\/uploads\/2024\/07\/3c6d5e1c9448eccce0d3a807395a926c-500x280.jpg",500,280,true],"medium":["https:\/\/arantv.az\/wp-content\/uploads\/2024\/07\/3c6d5e1c9448eccce0d3a807395a926c-581x365.jpg",581,365,true],"large":["https:\/\/arantv.az\/wp-content\/uploads\/2024\/07\/3c6d5e1c9448eccce0d3a807395a926c.jpg",637,400,false],"1536x1536":["https:\/\/arantv.az\/wp-content\/uploads\/2024\/07\/3c6d5e1c9448eccce0d3a807395a926c.jpg",637,400,false],"2048x2048":["https:\/\/arantv.az\/wp-content\/uploads\/2024\/07\/3c6d5e1c9448eccce0d3a807395a926c.jpg",637,400,false],"post-thumbnail":["https:\/\/arantv.az\/wp-content\/uploads\/2024\/07\/3c6d5e1c9448eccce0d3a807395a926c-240x172.jpg",240,172,true],"advps-thumb-one":["https:\/\/arantv.az\/wp-content\/uploads\/2024\/07\/3c6d5e1c9448eccce0d3a807395a926c.jpg",637,400,false]},"rttpg_author":{"display_name":"V\u00fcsal Rafiqo\u011flu","author_link":"https:\/\/arantv.az\/?author=2"},"rttpg_comment":0,"rttpg_category":"<a href=\"https:\/\/arantv.az\/?cat=5\" rel=\"category\">Hadis\u0259<\/a>","rttpg_excerpt":"X\u0259b\u0259r verdiyimiz kimi, \u0130smay\u0131ll\u0131da 1986-c\u0131 il t\u0259v\u0259ll\u00fcdl\u00fc A\u011fayev A\u011fabala \u018flibala o\u011flu rayonun \u00c7ayqovu\u015fan k\u0259ndi \u0259razisind\u0259 \u015f\u0259lal\u0259d\u0259n y\u0131x\u0131laraq \u00f6l\u00fcb. \u201cQafqazinfo\u201d x\u0259b\u0259r verir ki, sosial \u015f\u0259b\u0259k\u0259l\u0259rd\u0259 A. A\u011fayevin fotolar\u0131 yay\u0131l\u0131b v\u0259 \u0130vanovka k\u0259nd orta m\u0259kt\u0259bind\u0259 idman m\u00fc\u0259llimi i\u015fl\u0259diyi bildirilib. Faci\u0259vi \u015f\u0259kild\u0259 \u00f6l\u0259n m\u00fc\u0259llimin fotolar\u0131n\u0131 t\u0259qdim edirik:","_links":{"self":[{"href":"https:\/\/arantv.az\/index.php?rest_route=\/wp\/v2\/posts\/739815"}],"collection":[{"href":"https:\/\/arantv.az\/index.php?rest_route=\/wp\/v2\/posts"}],"about":[{"href":"https:\/\/arantv.az\/index.php?rest_route=\/wp\/v2\/types\/post"}],"author":[{"embeddable":true,"href":"https:\/\/arantv.az\/index.php?rest_route=\/wp\/v2\/users\/2"}],"replies":[{"embeddable":true,"href":"https:\/\/arantv.az\/index.php?rest_route=%2Fwp%2Fv2%2Fcomments&post=739815"}],"version-history":[{"count":1,"href":"https:\/\/arantv.az\/index.php?rest_route=\/wp\/v2\/posts\/739815\/revisions"}],"predecessor-version":[{"id":739817,"href":"https:\/\/arantv.az\/index.php?rest_route=\/wp\/v2\/posts\/739815\/revisions\/739817"}],"wp:featuredmedia":[{"embeddable":true,"href":"https:\/\/arantv.az\/index.php?rest_route=\/wp\/v2\/media\/739816"}],"wp:attachment":[{"href":"https:\/\/arantv.az\/index.php?rest_route=%2Fwp%2Fv2%2Fmedia&parent=739815"}],"wp:term":[{"taxonomy":"category","embeddable":true,"href":"https:\/\/arantv.az\/index.php?rest_route=%2Fwp%2Fv2%2Fcategories&post=739815"},{"taxonomy":"post_tag","embeddable":true,"href":"https:\/\/arantv.az\/index.php?rest_route=%2Fwp%2Fv2%2Ftags&post=739815"}],"curies":[{"name":"wp","href":"https:\/\/api.w.org\/{rel}","templated":true}]}}