{"id":739837,"date":"2024-07-24T20:33:14","date_gmt":"2024-07-24T16:33:14","guid":{"rendered":"https:\/\/arantv.az\/?p=739837"},"modified":"2024-07-24T20:33:14","modified_gmt":"2024-07-24T16:33:14","slug":"saglam-qidalanma-t%c9%99liml%c9%99ri-adli-t%c9%99dbir-keciril%c9%99c%c9%99k","status":"publish","type":"post","link":"https:\/\/arantv.az\/?p=739837","title":{"rendered":"&#8220;Sa\u011flam qidalanma t\u0259liml\u0259ri&#8221; adl\u0131 t\u0259dbir ke\u00e7iril\u0259c\u0259k"},"content":{"rendered":"<p>&#8220;\u0130stehlak\u00e7\u0131lar\u0131n Maarifl\u0259ndirilm\u0259sin\u0259 D\u0259st\u0259k&#8221; \u0130ctimai Birliyi Qeyri-H\u00f6kum\u0259t T\u0259\u015fkilatlar\u0131na D\u00f6vl\u0259t D\u0259st\u0259yi Agentliyinin maliyy\u0259 d\u0259st\u0259yi il\u0259 avqust ay\u0131nda &#8220;Sa\u011flam qidalanma t\u0259liml\u0259ri&#8221; adl\u0131 t\u0259dbir ke\u00e7ir\u0259c\u0259k.<\/p>\n<p>&#8220;Report&#8221; x\u0259b\u0259r verir ki, bu bar\u0259d\u0259 &#8220;\u0130stehlak\u00e7\u0131lar\u0131n Maarifl\u0259ndirilm\u0259sin\u0259 D\u0259st\u0259k&#8221; \u0130ctimai Birliyinin s\u0259dri Emil \u018fkb\u0259rov m\u0259lumat verib.<\/p>\n<p>O bildirib ki, son ill\u0259r d\u00fcnyada yay\u0131lan pandemiya qida t\u0259hl\u00fck\u0259sizliyi m\u00f6vzusunu daha aktual etm\u0259kl\u0259 b\u0259rab\u0259r, insanlar\u0131 daha diqq\u0259tli olma\u011fa vadar edib:<\/p>\n<p>&#8220;Qida t\u0259hl\u00fck\u0259sizliyi anlay\u0131\u015f\u0131 insanlar\u0131n qidaya olan ehtiyaclar\u0131n\u0131, o c\u00fcml\u0259d\u0259n onlar\u0131n qida \u00fcst\u00fcnl\u00fckl\u0259rini t\u0259min ed\u0259n qidan\u0131 h\u0259m fiziki, h\u0259m d\u0259 iqtisadi bax\u0131mdan \u0259ld\u0259 ed\u0259 bilm\u0259k imkan\u0131n\u0131 \u00f6z\u00fcnd\u0259 ehtiva edir. Bu m\u0259nada, &#8220;Sa\u011flam qidalanma t\u0259liml\u0259ri&#8221; adl\u0131 layih\u0259nin realla\u015fd\u0131r\u0131lmas\u0131 z\u0259ruridir&#8221;.<\/p>\n","protected":false},"excerpt":{"rendered":"<p>&#8220;\u0130stehlak\u00e7\u0131lar\u0131n Maarifl\u0259ndirilm\u0259sin\u0259 D\u0259st\u0259k&#8221; \u0130ctimai Birliyi Qeyri-H\u00f6kum\u0259t T\u0259\u015fkilatlar\u0131na D\u00f6vl\u0259t D\u0259st\u0259yi Agentliyinin maliyy\u0259 d\u0259st\u0259yi il\u0259 avqust ay\u0131nda &#8220;Sa\u011flam qidalanma t\u0259liml\u0259ri&#8221; adl\u0131 t\u0259dbir ke\u00e7ir\u0259c\u0259k. &#8220;Report&#8221; x\u0259b\u0259r verir ki, bu bar\u0259d\u0259 &#8220;\u0130stehlak\u00e7\u0131lar\u0131n Maarifl\u0259ndirilm\u0259sin\u0259 D\u0259st\u0259k&#8221; \u0130ctimai Birliyinin s\u0259dri Emil \u018fkb\u0259rov m\u0259lumat verib. O bildirib ki, son ill\u0259r d\u00fcnyada yay\u0131lan pandemiya qida t\u0259hl\u00fck\u0259sizliyi m\u00f6vzusunu daha aktual etm\u0259kl\u0259 b\u0259rab\u0259r, insanlar\u0131 daha diqq\u0259tli olma\u011fa vadar edib: &#8220;Qida t\u0259hl\u00fck\u0259sizliyi anlay\u0131\u015f\u0131 insanlar\u0131n qidaya olan ehtiyaclar\u0131n\u0131, o c\u00fcml\u0259d\u0259n onlar\u0131n qida \u00fcst\u00fcnl\u00fckl\u0259rini t\u0259min ed\u0259n qidan\u0131 h\u0259m fiziki, h\u0259m d\u0259 iqtisadi bax\u0131mdan \u0259ld\u0259 ed\u0259 bilm\u0259k imkan\u0131n\u0131 \u00f6z\u00fcnd\u0259 ehtiva edir. Bu m\u0259nada, &#8220;Sa\u011flam qidalanma&hellip;<\/p>\n","protected":false},"author":2,"featured_media":739838,"comment_status":"closed","ping_status":"closed","sticky":false,"template":"","format":"standard","meta":{"om_disable_all_campaigns":false,"_monsterinsights_skip_tracking":false,"_monsterinsights_sitenote_active":false,"_monsterinsights_sitenote_note":"","_monsterinsights_sitenote_category":0},"categories":[1],"tags":[],"aioseo_notices":[],"gutentor_comment":0,"rttpg_featured_image_url":{"full":["https:\/\/arantv.az\/wp-content\/uploads\/2024\/07\/img2110455.jpg",440,315,false],"landscape":["https:\/\/arantv.az\/wp-content\/uploads\/2024\/07\/img2110455.jpg",440,315,false],"portraits":["https:\/\/arantv.az\/wp-content\/uploads\/2024\/07\/img2110455.jpg",440,315,false],"thumbnail":["https:\/\/arantv.az\/wp-content\/uploads\/2024\/07\/img2110455-440x280.jpg",440,280,true],"medium":["https:\/\/arantv.az\/wp-content\/uploads\/2024\/07\/img2110455.jpg",440,315,false],"large":["https:\/\/arantv.az\/wp-content\/uploads\/2024\/07\/img2110455.jpg",440,315,false],"1536x1536":["https:\/\/arantv.az\/wp-content\/uploads\/2024\/07\/img2110455.jpg",440,315,false],"2048x2048":["https:\/\/arantv.az\/wp-content\/uploads\/2024\/07\/img2110455.jpg",440,315,false],"post-thumbnail":["https:\/\/arantv.az\/wp-content\/uploads\/2024\/07\/img2110455-240x172.jpg",240,172,true],"advps-thumb-one":["https:\/\/arantv.az\/wp-content\/uploads\/2024\/07\/img2110455.jpg",440,315,false]},"rttpg_author":{"display_name":"V\u00fcsal Rafiqo\u011flu","author_link":"https:\/\/arantv.az\/?author=2"},"rttpg_comment":0,"rttpg_category":"<a href=\"https:\/\/arantv.az\/?cat=1\" rel=\"category\">C\u0259miyy\u0259t<\/a>","rttpg_excerpt":"&#8220;\u0130stehlak\u00e7\u0131lar\u0131n Maarifl\u0259ndirilm\u0259sin\u0259 D\u0259st\u0259k&#8221; \u0130ctimai Birliyi Qeyri-H\u00f6kum\u0259t T\u0259\u015fkilatlar\u0131na D\u00f6vl\u0259t D\u0259st\u0259yi Agentliyinin maliyy\u0259 d\u0259st\u0259yi il\u0259 avqust ay\u0131nda &#8220;Sa\u011flam qidalanma t\u0259liml\u0259ri&#8221; adl\u0131 t\u0259dbir ke\u00e7ir\u0259c\u0259k. &#8220;Report&#8221; x\u0259b\u0259r verir ki, bu bar\u0259d\u0259 &#8220;\u0130stehlak\u00e7\u0131lar\u0131n Maarifl\u0259ndirilm\u0259sin\u0259 D\u0259st\u0259k&#8221; \u0130ctimai Birliyinin s\u0259dri Emil \u018fkb\u0259rov m\u0259lumat verib. O bildirib ki, son ill\u0259r d\u00fcnyada yay\u0131lan pandemiya qida t\u0259hl\u00fck\u0259sizliyi m\u00f6vzusunu daha aktual etm\u0259kl\u0259 b\u0259rab\u0259r, insanlar\u0131 daha diqq\u0259tli&hellip;","_links":{"self":[{"href":"https:\/\/arantv.az\/index.php?rest_route=\/wp\/v2\/posts\/739837"}],"collection":[{"href":"https:\/\/arantv.az\/index.php?rest_route=\/wp\/v2\/posts"}],"about":[{"href":"https:\/\/arantv.az\/index.php?rest_route=\/wp\/v2\/types\/post"}],"author":[{"embeddable":true,"href":"https:\/\/arantv.az\/index.php?rest_route=\/wp\/v2\/users\/2"}],"replies":[{"embeddable":true,"href":"https:\/\/arantv.az\/index.php?rest_route=%2Fwp%2Fv2%2Fcomments&post=739837"}],"version-history":[{"count":2,"href":"https:\/\/arantv.az\/index.php?rest_route=\/wp\/v2\/posts\/739837\/revisions"}],"predecessor-version":[{"id":739840,"href":"https:\/\/arantv.az\/index.php?rest_route=\/wp\/v2\/posts\/739837\/revisions\/739840"}],"wp:featuredmedia":[{"embeddable":true,"href":"https:\/\/arantv.az\/index.php?rest_route=\/wp\/v2\/media\/739838"}],"wp:attachment":[{"href":"https:\/\/arantv.az\/index.php?rest_route=%2Fwp%2Fv2%2Fmedia&parent=739837"}],"wp:term":[{"taxonomy":"category","embeddable":true,"href":"https:\/\/arantv.az\/index.php?rest_route=%2Fwp%2Fv2%2Fcategories&post=739837"},{"taxonomy":"post_tag","embeddable":true,"href":"https:\/\/arantv.az\/index.php?rest_route=%2Fwp%2Fv2%2Ftags&post=739837"}],"curies":[{"name":"wp","href":"https:\/\/api.w.org\/{rel}","templated":true}]}}