{"id":739859,"date":"2024-07-25T15:58:01","date_gmt":"2024-07-25T11:58:01","guid":{"rendered":"https:\/\/arantv.az\/?p=739859"},"modified":"2024-07-25T15:58:01","modified_gmt":"2024-07-25T11:58:01","slug":"qadinlar-nec%c9%99-sahibkar-ola-bil%c9%99r","status":"publish","type":"post","link":"https:\/\/arantv.az\/?p=739859","title":{"rendered":"Qad\u0131nlar nec\u0259 sahibkar ola bil\u0259r?"},"content":{"rendered":"<p><strong>Ham\u0131m\u0131z bilirik ki, b\u00fct\u00fcn sah\u0259l\u0259rd\u0259 ki\u015fil\u0259r qad\u0131nlardan \u00fcst\u00fcnl\u00fck t\u0259\u015fkil edir.<\/strong><\/p>\n<p>Lakin son ill\u0259rd\u0259 f\u00fcrs\u0259t b\u0259rab\u0259rliyi u\u011frunda ged\u0259n m\u00fcbariz\u0259l\u0259r bu tendensiyada b\u0259zi d\u0259yi\u015fiklikl\u0259r\u0259 v\u0259 qad\u0131n sahibkarlar\u0131n i\u015f h\u0259yat\u0131nda s\u00f6z sahibi olmalar\u0131na mane\u0259l\u0259ri aradan qald\u0131rd\u0131. Qad\u0131n sahibkarlar &#8220;\u00f6z \u015f\u0259xsi biznesi olan, t\u0259kba\u015f\u0131na v\u0259 ya i\u015f\u0259 g\u00f6t\u00fcrd\u00fckl\u0259ri insanlarla i\u015fl\u0259y\u0259n, h\u0259r hans\u0131 m\u0259hsul v\u0259 ya xidm\u0259t istehsal ed\u0259n biznesin t\u0259\u015fkili v\u0259 idar\u0259 edilm\u0259sind\u0259 maraql\u0131 olan, h\u0259m\u00e7inin sat\u0131\u015f\u0131, paylanmas\u0131, marketinqi \u00fc\u00e7\u00fcn m\u0259suliyy\u0259t da\u015f\u0131yand\u0131r v\u0259 ya biznes qurmaq \u00fc\u00e7\u00fcn iqtisadi, sosial v\u0259 ail\u0259 \u015f\u0259raitini idar\u0259 ed\u0259 bil\u0259n xan\u0131mlar\u0131&#8221; &#8211; bu ba\u015fl\u0131q alt\u0131nda yer alma\u011fa layiqdirl\u0259r.<\/p>\n<p>Qad\u0131nlar\u0131n sahibkarl\u0131q m\u00f6vqeyind\u0259 istehsala v\u0259 i\u015f h\u0259yat\u0131na c\u0259lb olunmas\u0131 \u00fcmumilikd\u0259 iqtisadi h\u0259r\u0259k\u0259tliliyi t\u0259min edir. Bu yolla \u00f6z h\u0259yat yolunu m\u00fc\u0259yy\u0259n etm\u0259y\u0259 mane olan stereotipl\u0259riq\u0131ra bil\u0259r. Bir qad\u0131n\u0131n biznes f\u0259aliyy\u0259ti h\u0259m mikro, h\u0259m d\u0259 makro miqyasda m\u00fcsb\u0259t d\u0259yi\u015fiklikl\u0259r\u0259 s\u0259b\u0259b olur.<\/p>\n<p><strong>\u018ftrafl\u0131 t\u0259qdim etdiyimiz videoda.\u00a0<\/strong><\/p>\n<p><iframe src=\"https:\/\/www.youtube.com\/embed\/_M0hYLPjj4o\" allowfullscreen=\"allowfullscreen\" data-mce-fragment=\"1\"><\/iframe><\/p>\n<p>&nbsp;<\/p>\n","protected":false},"excerpt":{"rendered":"<p>Ham\u0131m\u0131z bilirik ki, b\u00fct\u00fcn sah\u0259l\u0259rd\u0259 ki\u015fil\u0259r qad\u0131nlardan \u00fcst\u00fcnl\u00fck t\u0259\u015fkil edir. Lakin son ill\u0259rd\u0259 f\u00fcrs\u0259t b\u0259rab\u0259rliyi u\u011frunda ged\u0259n m\u00fcbariz\u0259l\u0259r bu tendensiyada b\u0259zi d\u0259yi\u015fiklikl\u0259r\u0259 v\u0259 qad\u0131n sahibkarlar\u0131n i\u015f h\u0259yat\u0131nda s\u00f6z sahibi olmalar\u0131na mane\u0259l\u0259ri aradan qald\u0131rd\u0131. Qad\u0131n sahibkarlar &#8220;\u00f6z \u015f\u0259xsi biznesi olan, t\u0259kba\u015f\u0131na v\u0259 ya i\u015f\u0259 g\u00f6t\u00fcrd\u00fckl\u0259ri insanlarla i\u015fl\u0259y\u0259n, h\u0259r hans\u0131 m\u0259hsul v\u0259 ya xidm\u0259t istehsal ed\u0259n biznesin t\u0259\u015fkili v\u0259 idar\u0259 edilm\u0259sind\u0259 maraql\u0131 olan, h\u0259m\u00e7inin sat\u0131\u015f\u0131, paylanmas\u0131, marketinqi \u00fc\u00e7\u00fcn m\u0259suliyy\u0259t da\u015f\u0131yand\u0131r v\u0259 ya biznes qurmaq \u00fc\u00e7\u00fcn iqtisadi, sosial v\u0259 ail\u0259 \u015f\u0259raitini idar\u0259 ed\u0259 bil\u0259n xan\u0131mlar\u0131&#8221; &#8211; bu ba\u015fl\u0131q alt\u0131nda yer alma\u011fa layiqdirl\u0259r. Qad\u0131nlar\u0131n&hellip;<\/p>\n","protected":false},"author":2,"featured_media":739860,"comment_status":"closed","ping_status":"closed","sticky":false,"template":"","format":"standard","meta":{"om_disable_all_campaigns":false,"_monsterinsights_skip_tracking":false,"_monsterinsights_sitenote_active":false,"_monsterinsights_sitenote_note":"","_monsterinsights_sitenote_category":0},"categories":[1],"tags":[],"aioseo_notices":[],"gutentor_comment":0,"rttpg_featured_image_url":{"full":["https:\/\/arantv.az\/wp-content\/uploads\/2024\/07\/73948428c472eea730813c2435e9dc08.jpg",870,400,false],"landscape":["https:\/\/arantv.az\/wp-content\/uploads\/2024\/07\/73948428c472eea730813c2435e9dc08.jpg",870,400,false],"portraits":["https:\/\/arantv.az\/wp-content\/uploads\/2024\/07\/73948428c472eea730813c2435e9dc08.jpg",870,400,false],"thumbnail":["https:\/\/arantv.az\/wp-content\/uploads\/2024\/07\/73948428c472eea730813c2435e9dc08-500x280.jpg",500,280,true],"medium":["https:\/\/arantv.az\/wp-content\/uploads\/2024\/07\/73948428c472eea730813c2435e9dc08-660x303.jpg",660,303,true],"large":["https:\/\/arantv.az\/wp-content\/uploads\/2024\/07\/73948428c472eea730813c2435e9dc08-840x386.jpg",640,294,true],"1536x1536":["https:\/\/arantv.az\/wp-content\/uploads\/2024\/07\/73948428c472eea730813c2435e9dc08.jpg",870,400,false],"2048x2048":["https:\/\/arantv.az\/wp-content\/uploads\/2024\/07\/73948428c472eea730813c2435e9dc08.jpg",870,400,false],"post-thumbnail":["https:\/\/arantv.az\/wp-content\/uploads\/2024\/07\/73948428c472eea730813c2435e9dc08-240x172.jpg",240,172,true],"advps-thumb-one":["https:\/\/arantv.az\/wp-content\/uploads\/2024\/07\/73948428c472eea730813c2435e9dc08.jpg",870,400,false]},"rttpg_author":{"display_name":"V\u00fcsal Rafiqo\u011flu","author_link":"https:\/\/arantv.az\/?author=2"},"rttpg_comment":0,"rttpg_category":"<a href=\"https:\/\/arantv.az\/?cat=1\" rel=\"category\">C\u0259miyy\u0259t<\/a>","rttpg_excerpt":"Ham\u0131m\u0131z bilirik ki, b\u00fct\u00fcn sah\u0259l\u0259rd\u0259 ki\u015fil\u0259r qad\u0131nlardan \u00fcst\u00fcnl\u00fck t\u0259\u015fkil edir. Lakin son ill\u0259rd\u0259 f\u00fcrs\u0259t b\u0259rab\u0259rliyi u\u011frunda ged\u0259n m\u00fcbariz\u0259l\u0259r bu tendensiyada b\u0259zi d\u0259yi\u015fiklikl\u0259r\u0259 v\u0259 qad\u0131n sahibkarlar\u0131n i\u015f h\u0259yat\u0131nda s\u00f6z sahibi olmalar\u0131na mane\u0259l\u0259ri aradan qald\u0131rd\u0131. Qad\u0131n sahibkarlar &#8220;\u00f6z \u015f\u0259xsi biznesi olan, t\u0259kba\u015f\u0131na v\u0259 ya i\u015f\u0259 g\u00f6t\u00fcrd\u00fckl\u0259ri insanlarla i\u015fl\u0259y\u0259n, h\u0259r hans\u0131 m\u0259hsul v\u0259 ya xidm\u0259t istehsal ed\u0259n biznesin&hellip;","_links":{"self":[{"href":"https:\/\/arantv.az\/index.php?rest_route=\/wp\/v2\/posts\/739859"}],"collection":[{"href":"https:\/\/arantv.az\/index.php?rest_route=\/wp\/v2\/posts"}],"about":[{"href":"https:\/\/arantv.az\/index.php?rest_route=\/wp\/v2\/types\/post"}],"author":[{"embeddable":true,"href":"https:\/\/arantv.az\/index.php?rest_route=\/wp\/v2\/users\/2"}],"replies":[{"embeddable":true,"href":"https:\/\/arantv.az\/index.php?rest_route=%2Fwp%2Fv2%2Fcomments&post=739859"}],"version-history":[{"count":1,"href":"https:\/\/arantv.az\/index.php?rest_route=\/wp\/v2\/posts\/739859\/revisions"}],"predecessor-version":[{"id":739861,"href":"https:\/\/arantv.az\/index.php?rest_route=\/wp\/v2\/posts\/739859\/revisions\/739861"}],"wp:featuredmedia":[{"embeddable":true,"href":"https:\/\/arantv.az\/index.php?rest_route=\/wp\/v2\/media\/739860"}],"wp:attachment":[{"href":"https:\/\/arantv.az\/index.php?rest_route=%2Fwp%2Fv2%2Fmedia&parent=739859"}],"wp:term":[{"taxonomy":"category","embeddable":true,"href":"https:\/\/arantv.az\/index.php?rest_route=%2Fwp%2Fv2%2Fcategories&post=739859"},{"taxonomy":"post_tag","embeddable":true,"href":"https:\/\/arantv.az\/index.php?rest_route=%2Fwp%2Fv2%2Ftags&post=739859"}],"curies":[{"name":"wp","href":"https:\/\/api.w.org\/{rel}","templated":true}]}}