{"id":739862,"date":"2024-07-25T15:58:48","date_gmt":"2024-07-25T11:58:48","guid":{"rendered":"https:\/\/arantv.az\/?p=739862"},"modified":"2024-07-25T15:58:48","modified_gmt":"2024-07-25T11:58:48","slug":"yaxin-s%c9%99rq-v%c9%99-%c9%99r%c9%99b-natosu-arzulari-q%c9%99bul-olunmayacaq-duaya-amin-deyilm%c9%99z-t%c9%99hlil","status":"publish","type":"post","link":"https:\/\/arantv.az\/?p=739862","title":{"rendered":"Yax\u0131n \u015e\u0259rq v\u0259 \u0259r\u0259b \u201cNATO\u201dsu arzular\u0131 \u2013 q\u0259bul olunmayacaq duaya \u201camin\u201d deyilm\u0259z &#8211; T\u018fHL\u0130L"},"content":{"rendered":"<div class=\"text-content\" data-id=\"\" data-url=\"\">\n<p>Yax\u0131n \u015e\u0259rqin g\u0259rginlik, qar\u015f\u0131durma, m\u00fcharib\u0259, qa\u00e7q\u0131nl\u0131qdan xilas\u0131 region d\u00f6vl\u0259tl\u0259rinin bir-birin\u0259 yeni yana\u015fmas\u0131ndan ba\u015flay\u0131r. \u00c7\u00fcnki F\u0259l\u0259stinl\u0259 ba\u011fl\u0131 yaranm\u0131\u015f m\u00f6vcud \u015f\u0259raitin, m\u00fcnasib\u0259tl\u0259rin 80 il\u0259 yax\u0131n ya\u015f\u0131 var. \u018fr\u0259b d\u00f6vl\u0259tl\u0259ri v\u0259 \u0130ran\u0131n \u0130srail\u0259 m\u00fcnasib\u0259tinin d\u0259yi\u015fm\u0259m\u0259si, y\u0259hudi d\u00f6vl\u0259tinin F\u0259l\u0259stinl\u0259 ba\u011fl\u0131 \u00f6hd\u0259likl\u0259r\u0259 \u0259m\u0259l etm\u0259m\u0259si qar\u015f\u0131durmalar\u0131n m\u0259nb\u0259yidir.<\/p>\n<p>Bu v\u0259ziyy\u0259td\u0259n istifad\u0259 ed\u0259n g\u00fccl\u0259r c\u0259bh\u0259 tutur, y\u0259ni b\u0259zil\u0259ri F\u0259l\u0259stini b\u0259han\u0259 ed\u0259r\u0259k \u0130ran\u0131n, bir qrup da t\u0259hl\u00fck\u0259sizliyini \u0259sas g\u00f6t\u00fcr\u0259r\u0259k \u0130srailin yan\u0131ndan durur. \u018fslind\u0259, bu, onlar\u0131n bir-birin\u0259 qar\u015f\u0131 m\u00fcbariz\u0259sidir. Aralar\u0131ndak\u0131 ziddiyy\u0259ti bir-birin\u0259 qar\u015f\u0131 m\u00fcharib\u0259 il\u0259 h\u0259ll etm\u0259k ist\u0259m\u0259dikl\u0259rind\u0259n onu \u0130srail-F\u0259l\u0259stin sava\u015f\u0131na transformasiya edirl\u0259r.<\/p>\n<p>\u00d6t\u0259n il oktyabr\u0131n 7-d\u0259 H\u018fMAS-\u0131n \u0130srail\u0259 qar\u015f\u0131 m\u00fcharib\u0259si bu ziddiyy\u0259tl\u0259ri bir daha if\u015fa edib. Mahmud Abbas h\u00f6kum\u0259tinin bu sava\u015fa m\u00fcdaxil\u0259 etm\u0259m\u0259si d\u0259 F\u0259l\u0259stini idar\u0259 ed\u0259n, yaxud oradak\u0131 siyasi q\u00fcvv\u0259l\u0259r aras\u0131nda fikir ayr\u0131l\u0131\u011f\u0131n\u0131n g\u00f6st\u0259ricisidir. Bu da \u00f6z\u00fc-\u00f6zl\u00fcy\u00fcnd\u0259 m\u00f6vcud v\u0259ziyy\u0259tin normalla\u015fmas\u0131na ba\u015fl\u0131ca mane\u0259l\u0259rd\u0259n say\u0131l\u0131r.<\/p>\n<div class=\"news-image\">\n<div class=\"image\"><img src=\"https:\/\/static.report.az\/photo\/44dd18fd-745f-3257-ac2b-67292eaa0834.jpg\" alt=\"\" \/><img loading=\"lazy\" src=\"https:\/\/cdn.musavat.com\/news\/thumbnails\/1b93af47c148e87e1ebeb70b7e1a2503.jpg\" alt=\"44dd18fd-745f-3257-ac2b-67292eaa.jpg (110 KB)\" width=\"700\" height=\"466\" \/><\/div>\n<\/div>\n<p>Yaranm\u0131\u015f v\u0259ziyy\u0259t regiona \u00c7inin d\u0259 m\u00fcdaxil\u0259sin\u0259 yol a\u00e7\u0131b. \u0130yulun 23-d\u0259 Pekind\u0259 F\u0259l\u0259stini t\u0259msil ed\u0259n siyasi q\u00fcvv\u0259l\u0259r aras\u0131nda Pekin q\u0259tnam\u0259si imzalan\u0131b. M\u00fcharib\u0259d\u0259n sonrak\u0131 d\u00f6vr \u00fc\u00e7\u00fcn yarad\u0131lacaq h\u00f6kum\u0259t, F\u0259l\u0259stinin g\u0259l\u0259c\u0259yi v\u0259 \u0130srail d\u00f6vl\u0259tinin tan\u0131nmas\u0131 bu s\u0259n\u0259dd\u0259 \u00f6z \u0259ksini tap\u0131b. Mahmud Abbas\u0131n lideri oldu\u011fu \u00f6lk\u0259 y\u0259hudi d\u00f6vl\u0259tini tan\u0131yaca\u011f\u0131n\u0131 gizl\u0259tmir. H\u018fMAS-\u0131n is\u0259 bu istiqam\u0259td\u0259 m\u00f6vqeyi \u0130ran\u0131n yana\u015fmas\u0131ndan f\u0259rql\u0259nmir. \u0130slam Respublikas\u0131n\u0131n siyasi-ideoloji \u015f\u00fcarlar\u0131ndan, t\u0259m\u0259l prinsipl\u0259rind\u0259n biri \u201c\u0130srail\u0259 \u00f6l\u00fcm!\u201dd\u00fcr.<\/p>\n<p>Odur ki, \u0130ran v\u0259 onun qurdu\u011fu silahl\u0131-siyasi qrupla\u015fmalar\u0131n f\u0259aliyy\u0259ti \u0130sraili t\u0259hl\u00fck\u0259sizliyinin daha geni\u015f miqyasda t\u0259\u015fkilinin qay\u011f\u0131s\u0131na qalma\u011fa vadar edir.<\/p>\n<p>Y\u0259hudi d\u00f6vl\u0259ti daxild\u0259 H\u018fMAS-a, Livanda \u201cHizbullah\u201da, Y\u0259m\u0259nd\u0259 husil\u0259r\u0259, Suriyada is\u0259 &#8220;Sepah&#8221;a qar\u015f\u0131 d\u00f6rd c\u0259bh\u0259d\u0259 d\u00f6y\u00fc\u015f\u00fcr.<\/p>\n<p>\u0130yulun 24-d\u0259 \u0130srailin Ba\u015f naziri Benyamin Netanyahunun AB\u015e-y\u0259 s\u0259f\u0259rind\u0259 d\u0259 t\u0259hl\u00fck\u0259sizlik m\u0259s\u0259l\u0259si apar\u0131c\u0131 m\u00f6vzu olub. O, Konqresin iki palatas\u0131n\u0131n toplant\u0131s\u0131nda \u00e7\u0131x\u0131\u015f edib, b\u00fct\u00fcn girovlar\u0131 azad ed\u0259c\u0259kl\u0259rini boyun olub, Beyn\u0259lxalq Cinay\u0259t M\u0259hk\u0259m\u0259sini t\u0259nqid ed\u0259r\u0259k f\u0259l\u0259stinlil\u0259rin \u201cderadikalla\u015fd\u0131r\u0131lmas\u0131\u201d t\u0259klifini ir\u0259li s\u00fcr\u00fcb. H\u00f6kum\u0259t ba\u015f\u00e7\u0131s\u0131 F\u0259l\u0259stind\u0259ki radikall\u0131\u011f\u0131 \u0130kinci D\u00fcnya M\u00fcharib\u0259sind\u0259n sonra Yaponiya v\u0259 Almaniyada ba\u015f ver\u0259nl\u0259rl\u0259 ox\u015fad\u0131\u011f\u0131n\u0131 s\u00f6yl\u0259yib. O, anti-\u0130srail etiraz aksiyalar\u0131n\u0131 \u0130ran\u0131n maliyy\u0259l\u0259\u015fdirdiyin\u0259 d\u0259 toxunub.<\/p>\n<p>Ba\u015f nazir qeyd edib ki, AB\u015e v\u0259 \u0130srail birlikd\u0259 dayanmal\u0131d\u0131r: \u201c\u00c7\u00fcnki biz bir yerd\u0259 olanda \u00e7ox sad\u0259 bir \u015fey ba\u015f verir: biz qalib g\u0259lirik, onlar uduzurlar\u201d.<\/p>\n<p>Netanyahu \u0130rana qar\u015f\u0131 Yax\u0131n \u015e\u0259rqd\u0259 NATO-nun analoqunun yarad\u0131lmas\u0131na da \u00e7a\u011f\u0131r\u0131\u015f edib: \u201cD\u00fcnyam\u0131z qar\u0131\u015f\u0131ql\u0131q i\u00e7ind\u0259dir. Yax\u0131n \u015e\u0259rqd\u0259 \u0130ran\u0131n terror oxu AB\u015e, \u0130srail v\u0259 \u0259r\u0259b dostlar\u0131m\u0131zla qar\u015f\u0131-qar\u015f\u0131yad\u0131r\u201d.<\/p>\n<p>Yeri g\u0259lmi\u015fk\u0259n, AB\u015e Konqresind\u0259 \u00e7\u0131x\u0131\u015f\u0131 \u00fczr\u0259 \u0130srailin Ba\u015f naziri B\u00f6y\u00fck Britaniyan\u0131n sabiq h\u00f6kum\u0259t ba\u015f\u00e7\u0131s\u0131 Uinston \u00c7\u00f6r\u00e7ilin rekordunu t\u0259z\u0259l\u0259yib. \u00c7\u00f6r\u00e7il \u0130kinci D\u00fcnya M\u00fcharib\u0259si zaman\u0131 burada \u00fc\u00e7 d\u0259f\u0259, Netanyahu is\u0259 d\u00f6rd d\u0259f\u0259 \u00e7\u0131x\u0131\u015f edib.<\/p>\n<div class=\"news-image\">\n<div class=\"image\"><img src=\"https:\/\/static.report.az\/photo\/2027b473-37e3-348f-a9cd-16ac0863114e.jpeg\" alt=\"\" \/><img loading=\"lazy\" src=\"https:\/\/cdn.musavat.com\/news\/thumbnails\/033afb534458445f2b4be313919a3f4b.jpg\" alt=\"2027b473-37e3-348f-a9cd-16ac0863.jpg (162 KB)\" width=\"700\" height=\"466\" \/><\/div>\n<\/div>\n<p>Ba\u015f nazirin Yax\u0131n \u015e\u0259rq NATO-sunun yarad\u0131lmas\u0131 t\u0259klifi yeni deyil. 2020-ci ild\u0259 AB\u015e-nin ovaxtk\u0131 Prezidenti Donald Tramp\u0131n vasit\u0259\u00e7iliyi il\u0259 Birl\u0259\u015fmi\u015f \u018fr\u0259b \u018fmirlikl\u0259ri, B\u0259hreyn, M\u0259rake\u015fin \u0130sraill\u0259 m\u00fcnasib\u0259tl\u0259rin normalla\u015fmas\u0131 haqq\u0131nda \u201c\u0130brahim anla\u015fmas\u0131\u201d (\u201cAvraam anla\u015fmas\u0131\u201d) imzalan\u0131b. Sonradan Sudan da bu anla\u015fmaya qo\u015fulub. Bu, \u0259r\u0259b \u00f6lk\u0259l\u0259ri il\u0259 y\u0259hudi d\u00f6vl\u0259ti aras\u0131nda at\u0131lan vacib add\u0131mlardand\u0131r. Anla\u015famada t\u0259hl\u00fck\u0259sizliyin t\u0259min olunmas\u0131 da apar\u0131c\u0131 \u015f\u0259rtl\u0259rd\u0259n say\u0131l\u0131r.<\/p>\n<p>\u201c\u0130brahim anlamas\u0131\u201dndan \u0259vv\u0259l Donald Tramp 2017-ci ild\u0259 prezident olaraq ilk s\u0259f\u0259rini S\u0259udiyy\u0259 \u018fr\u0259bistan\u0131na etm\u0259kl\u0259 s\u0259l\u0259fl\u0259rinin \u0259n\u0259n\u0259sini pozub. \u00c7\u00fcnki \u015ftatlar\u0131n yeni d\u00f6vl\u0259t ba\u015f\u00e7\u0131s\u0131 bir qayda olaraq ilk s\u0259f\u0259rl\u0259rini ya Kanadaya, ya da Meksikaya edirl\u0259r. Bundan ba\u015fqa, \u015ftatlarla \u0130ran aras\u0131nda 2013-c\u00fc ild\u0259 m\u00fcnasib\u0259tl\u0259r\u0259 yaranan m\u00fc\u0259yy\u0259n istilikd\u0259n krall\u0131q narahat olmu\u015fdu. O, bunu \u201cm\u00fctt\u0259fiqinin ba\u015f\u0131 \u00fcz\u0259rind\u0259n \u0130ranla dan\u0131\u015f\u0131q\u201d kimi d\u0259y\u0259rl\u0259ndirmi\u015fdi. Bu bax\u0131mdan da Tramp\u0131n jesti krall\u0131\u011f\u0131n AB\u015e \u00fc\u00e7\u00fcn \u0259h\u0259miyy\u0259tinin g\u00f6st\u0259ricisi d\u0259 say\u0131la bil\u0259rdi. H\u0259min s\u0259f\u0259rd\u0259 \u0130srail-F\u0259l\u0259stin m\u00fcnasib\u0259tl\u0259ri \u0259sas m\u00f6vzu olub. Onda t\u0259r\u0259fl\u0259r aras\u0131nda h\u0259rbi texnika v\u0259 silah-sursat alq\u0131-satq\u0131s\u0131na dair 110 milyard dollarl\u0131q m\u00fcqavil\u0259 imzalan\u0131b. O, m\u00fcs\u0259lman d\u00f6vl\u0259tl\u0259rini ekstremizm v\u0259 terror\u00e7ulu\u011fa qar\u015f\u0131 m\u00fcbariz\u0259nin y\u00fck\u00fcn\u00fcn bir hiss\u0259sini \u00fcz\u0259rl\u0259rin\u0259 g\u00f6t\u00fcrm\u0259y\u0259 \u00e7a\u011f\u0131rm\u0131\u015fd\u0131: \u201cYax\u0131n \u015e\u0259rq xalqlar\u0131 d\u00fc\u015fm\u0259n\u0259 qalib g\u0259lm\u0259k \u00fc\u00e7\u00fcn AB\u015e-nin yard\u0131m\u0131n\u0131 g\u00f6zl\u0259y\u0259 bilmirl\u0259r\u201d.<\/p>\n<p>2017-ci il may\u0131n 21-d\u0259 S\u0259udiyy\u0259 \u018fr\u0259bistan\u0131 Krall\u0131\u011f\u0131n\u0131n paytaxt\u0131 \u018fr-Riyad \u015f\u0259h\u0259rind\u0259 \u018fr\u0259b-\u0130slam-Amerika Sammiti ke\u00e7irilmi\u015fdi. G\u00f6r\u00fc\u015f\u0259 Az\u0259rbaycan v\u0259 T\u00fcrkiy\u0259 d\u0259 daxil olmaqla, 18 \u00f6lk\u0259nin y\u00fcks\u0259k v\u0259zif\u0259li r\u0259smisi qat\u0131lm\u0131\u015fd\u0131. \u0130ran is\u0259 sammit\u0259 d\u0259v\u0259t olunmam\u0131\u015fd\u0131. H\u0259min sammitd\u0259 D.Tramp b\u00fct\u00fcn \u00f6lk\u0259l\u0259ri \u0130ran\u0131 t\u0259crid v\u0259ziyy\u0259tind\u0259 saxlama\u011fa \u00e7a\u011f\u0131rm\u0131\u015fd\u0131. O, ekstremizml\u0259 m\u00fcbariz\u0259nin vacibliyini vur\u011fulayaraq bu sah\u0259d\u0259 f\u0259aliyy\u0259tin m\u00fcxt\u0259lif dinl\u0259r aras\u0131nda deyil, xeyirl\u0259 \u015f\u0259r aras\u0131nda getdiyini, \u015f\u0259r\u0259 qalib g\u0259lm\u0259k \u00fc\u00e7\u00fcn s\u0259yl\u0259rin birl\u0259\u015fdirilm\u0259sinin vacibliyini s\u00f6yl\u0259mi\u015fdi.<\/p>\n<p>Onda Tramp\u0131n Yax\u0131n \u015e\u0259rq\u0259 s\u0259f\u0259rinin n\u0259tic\u0259si olaraq \u201cm\u00fcs\u0259lman NATO-su&#8221;nun yaranaca\u011f\u0131 ehtimal edilirdi. \u00c7\u00fcnki 2015-ci ilin dekabr\u0131nda m\u00fcs\u0259lman d\u00f6vl\u0259tl\u0259rin terror\u00e7ulu\u011fa qar\u015f\u0131 m\u00fcbariz\u0259 ittifaq\u0131n\u0131n yarand\u0131\u011f\u0131 elan edilmi\u015fdi. Koalisiyaya S\u0259udiyy\u0259 \u018fr\u0259bistan\u0131, T\u00fcrkiy\u0259, Misir, Pakistan, \u0130ordaniya, Tunis, Q\u0259t\u0259r, Liviya, Mali, M\u0259rake\u015f, Somali, Sierra Leona, Sudan, Komor adalar\u0131, Mavritaniya, Niger, Nigeriya, Y\u0259m\u0259n, Qabon, Maldiv adalar\u0131, Qvineya, F\u0259l\u0259stin, \u00c7ad, Toqo, Cibuti, Seneqal, Malayziya, Birl\u0259\u015fmi\u015f \u018fr\u0259b \u018fmirlikl\u0259ri, B\u0259hreyn, Banqlade\u015f, Benin, Livan v\u0259 K\u00fcveyt daxil idi.<\/p>\n<p><img loading=\"lazy\" src=\"https:\/\/cdn.musavat.com\/news\/thumbnails\/b68f640e5c3d65963d535a3bdb2fac25.jpg\" alt=\"a84f65f3-4d09-4d56-9ad8-e3907801.jpg (216 KB)\" width=\"700\" height=\"400\" \/><\/p>\n<p>Qeyd ed\u0259k ki, \u0130\u015e\u0130D terror\u00e7u qrupla\u015fmas\u0131na qar\u015f\u0131 beyn\u0259lxalq koalisiya 65 d\u00f6vl\u0259td\u0259n formala\u015fm\u0131\u015fd\u0131. Koalisiyadak\u0131 d\u00f6vl\u0259tl\u0259r eyni zamanda h\u0259min koalisiyan\u0131n \u00fczvl\u0259ri idi.<\/p>\n<p>Odur ki, n\u0259 \u201c\u0130brahim anla\u015fmas\u0131\u201d, n\u0259 d\u0259 \u201cterror\u00e7ulu\u011fa qar\u015f\u0131 m\u00fcbariz\u0259 koalisiyas\u0131\u201d Yax\u0131n \u015e\u0259rqd\u0259 h\u0259rbi blokla\u015fman\u0131n yaranmas\u0131 il\u0259 n\u0259tic\u0259l\u0259nm\u0259di.<\/p>\n<p>B\u00f6lg\u0259 \u00f6lk\u0259l\u0259rinin \u0130rana m\u00fcnasib\u0259tl\u0259ri indi d\u0259yi\u015fib. \u00d6t\u0259n ilin mart\u0131nda \u0130slam Respublikas\u0131 il\u0259 S\u0259udiyy\u0259 \u018fr\u0259bistan\u0131 aras\u0131nda m\u00fcnasib\u0259tl\u0259rin b\u0259rpas\u0131, \u00c7inin regional m\u0259s\u0259l\u0259l\u0259rin h\u0259llin\u0259 daha f\u0259al qar\u0131\u015fmas\u0131, \u0259r\u0259b \u00f6lk\u0259l\u0259ri il\u0259 \u0130srail aras\u0131nda m\u00fcnasib\u0259tl\u0259rd\u0259 normalla\u015fman\u0131n davam etm\u0259si v\u0259 s. paradoksal \u0259laq\u0259l\u0259r, m\u00fcnasib\u0259tl\u0259r h\u0259l\u0259 h\u0259rbi blokla\u015fmaya imkan vermir.<\/p>\n<p>Ancaq g\u0259rginlik davam edir. Ke\u00e7iril\u0259n g\u00f6r\u00fc\u015fl\u0259r is\u0259 v\u0259ziyy\u0259tin normalla\u015fmas\u0131na deyil, \u0259ksin\u0259, daha da k\u0259skinl\u0259\u015fm\u0259sin\u0259 t\u0259sir g\u00f6st\u0259rir.<\/p>\n<div class=\"news-image\">\n<div class=\"image\"><img src=\"https:\/\/static.report.az\/photo\/d8bae59f-4118-3cba-a82d-fd4c1350c645.jpg\" alt=\"\" \/><\/div>\n<\/div>\n<p>Odur ki, Benyamin Netanyahunun AB\u015e s\u0259f\u0259ri regiona s\u00fclh g\u0259tirmir. Bu s\u0259f\u0259r Q\u0259zza zola\u011f\u0131nda m\u00fcharib\u0259nin davam ed\u0259c\u0259yini dem\u0259y\u0259 \u0259sas verir.<\/p>\n<p>El\u0259 Rusiya Prezidenti Vladimir Putinin Kremld\u0259 Suriyadak\u0131 rejimin ba\u015f\u00e7\u0131s\u0131 B\u0259\u015f\u015far \u018fs\u0259di q\u0259bul etm\u0259si d\u0259 g\u0259rginliyin azalmas\u0131na, m\u00fcharib\u0259nin ba\u015fa \u00e7atmas\u0131na yard\u0131m m\u0259qs\u0259di il\u0259 olmay\u0131b. Ehtimal etm\u0259k olar ki, onlar Suriyan\u0131n t\u0259hl\u00fck\u0259sizliyini, h\u0259tta, ola bilsin, \u00f6lk\u0259nin \u015fimal\u0131nda PKK\/YPG-PYD qrupla\u015fmas\u0131n\u0131n ke\u00e7ir\u0259c\u0259yi regional \u201cse\u00e7kini\u201d, Ukraynadak\u0131 m\u00fcharib\u0259nin gedi\u015fat\u0131n\u0131, habel\u0259 regional m\u0259s\u0259l\u0259l\u0259ri m\u00fczakir\u0259 edibl\u0259r. Vladimir Putin bu g\u00f6r\u00fc\u015fd\u0259n \u00f6nc\u0259 Suriyan\u0131n \u0259razi b\u00fct\u00f6vl\u00fcy\u00fc u\u011frunda m\u00fcbariz\u0259sini d\u0259st\u0259kl\u0259dikl\u0259rini vur\u011fulay\u0131b.<\/p>\n<p>Bu da regional hadis\u0259l\u0259rin bel\u0259 tezlikl\u0259 sakitl\u0259\u015fm\u0259y\u0259c\u0259yin\u0259 dair ismar\u0131\u015f say\u0131la bil\u0259r.<\/p>\n<p>B\u00f6y\u00fck Britaniya Ordusu Birl\u0259\u015fmi\u015f Q\u0259rargah\u0131n\u0131n yeni r\u0259isi Rolli Vakerin a\u00e7\u0131qlamas\u0131 da bunu t\u0259sdiql\u0259yir: \u201cD\u00fc\u015fm\u0259ni m\u0259\u011flub etm\u0259k \u00fc\u00e7\u00fcn ordunun g\u00fcc\u00fcn\u00fc ikiqat art\u0131rmaq laz\u0131md\u0131r. Yax\u0131n \u00fc\u00e7 ild\u0259 \u0130ranla m\u00fcharib\u0259y\u0259 haz\u0131rla\u015fmal\u0131y\u0131q\u201d.<\/p>\n<p>Onun s\u00f6zl\u0259rin\u0259 g\u00f6r\u0259, \u0130ran, Rusiya, \u015eimali Koreya v\u0259 \u00c7in &#8220;g\u0259rginlik oxu&#8221; kimi B\u00f6y\u00fck Britaniyan\u0131n t\u0259hl\u00fck\u0259sizliyini h\u0259d\u0259l\u0259yir v\u0259 qar\u015f\u0131dan g\u0259l\u0259n \u00fc\u00e7 ild\u0259 krall\u0131q onlarla m\u00fcharib\u0259y\u0259 haz\u0131r olmal\u0131d\u0131r. Rolli Vaker 2027- 2028-ci ill\u0259rd\u0259 \u00f6lk\u0259sinin bu d\u00f6rd d\u00f6vl\u0259tin b\u00f6y\u00fck t\u0259hdidi il\u0259 \u00fczl\u0259\u015f\u0259 bil\u0259c\u0259yi bar\u0259d\u0259 d\u0259 x\u0259b\u0259rdarl\u0131q edib.<\/p>\n<p>Bu kimi \u00e7\u0131x\u0131\u015flar, g\u00f6r\u00fc\u015fl\u0259r, a\u00e7\u0131qlamalar maraqlar\u0131 daha ziddiyy\u0259tli hala g\u0259tirir. Bu da Netanyahunun, Tramp\u0131n h\u0259rbi blokun yaranmas\u0131 il\u0259 ba\u011fl\u0131 t\u0259\u015f\u0259bb\u00fcsl\u0259rini m\u00fcmk\u00fcns\u00fcz edir. G\u0259rginlik, qar\u015f\u0131durma art\u0131r, m\u00fcharib\u0259 davam edir. Odur ki, yaranmayacaq \u201cNATO\u201d q\u0259bul edilm\u0259y\u0259c\u0259k duaya &#8220;amin&#8221; dem\u0259y\u0259 ox\u015fay\u0131r.<\/p>\n<p><strong>S\u0259dr\u0259ddin Soltan,<\/strong><br \/>\n<strong>Report.az<\/strong><\/p>\n<\/div>\n<div><\/div>\n<div><\/div>\n<div class=\"inner-social-box\">\n<div class=\"subs-in-social subs-whatsapp\"><\/div>\n<\/div>\n","protected":false},"excerpt":{"rendered":"<p>Yax\u0131n \u015e\u0259rqin g\u0259rginlik, qar\u015f\u0131durma, m\u00fcharib\u0259, qa\u00e7q\u0131nl\u0131qdan xilas\u0131 region d\u00f6vl\u0259tl\u0259rinin bir-birin\u0259 yeni yana\u015fmas\u0131ndan ba\u015flay\u0131r. \u00c7\u00fcnki F\u0259l\u0259stinl\u0259 ba\u011fl\u0131 yaranm\u0131\u015f m\u00f6vcud \u015f\u0259raitin, m\u00fcnasib\u0259tl\u0259rin 80 il\u0259 yax\u0131n ya\u015f\u0131 var. \u018fr\u0259b d\u00f6vl\u0259tl\u0259ri v\u0259 \u0130ran\u0131n \u0130srail\u0259 m\u00fcnasib\u0259tinin d\u0259yi\u015fm\u0259m\u0259si, y\u0259hudi d\u00f6vl\u0259tinin F\u0259l\u0259stinl\u0259 ba\u011fl\u0131 \u00f6hd\u0259likl\u0259r\u0259 \u0259m\u0259l etm\u0259m\u0259si qar\u015f\u0131durmalar\u0131n m\u0259nb\u0259yidir. Bu v\u0259ziyy\u0259td\u0259n istifad\u0259 ed\u0259n g\u00fccl\u0259r c\u0259bh\u0259 tutur, y\u0259ni b\u0259zil\u0259ri F\u0259l\u0259stini b\u0259han\u0259 ed\u0259r\u0259k \u0130ran\u0131n, bir qrup da t\u0259hl\u00fck\u0259sizliyini \u0259sas g\u00f6t\u00fcr\u0259r\u0259k \u0130srailin yan\u0131ndan durur. \u018fslind\u0259, bu, onlar\u0131n bir-birin\u0259 qar\u015f\u0131 m\u00fcbariz\u0259sidir. Aralar\u0131ndak\u0131 ziddiyy\u0259ti bir-birin\u0259 qar\u015f\u0131 m\u00fcharib\u0259 il\u0259 h\u0259ll etm\u0259k ist\u0259m\u0259dikl\u0259rind\u0259n onu \u0130srail-F\u0259l\u0259stin sava\u015f\u0131na transformasiya edirl\u0259r. \u00d6t\u0259n il oktyabr\u0131n 7-d\u0259 H\u018fMAS-\u0131n \u0130srail\u0259 qar\u015f\u0131&hellip;<\/p>\n","protected":false},"author":2,"featured_media":739863,"comment_status":"closed","ping_status":"closed","sticky":false,"template":"","format":"standard","meta":{"om_disable_all_campaigns":false,"_monsterinsights_skip_tracking":false,"_monsterinsights_sitenote_active":false,"_monsterinsights_sitenote_note":"","_monsterinsights_sitenote_category":0},"categories":[19],"tags":[],"aioseo_notices":[],"gutentor_comment":0,"rttpg_featured_image_url":{"full":["https:\/\/arantv.az\/wp-content\/uploads\/2024\/07\/e548ebbb29c5b8750e3f554dd24fbb1f.jpg",850,500,false],"landscape":["https:\/\/arantv.az\/wp-content\/uploads\/2024\/07\/e548ebbb29c5b8750e3f554dd24fbb1f.jpg",850,500,false],"portraits":["https:\/\/arantv.az\/wp-content\/uploads\/2024\/07\/e548ebbb29c5b8750e3f554dd24fbb1f.jpg",850,500,false],"thumbnail":["https:\/\/arantv.az\/wp-content\/uploads\/2024\/07\/e548ebbb29c5b8750e3f554dd24fbb1f-500x280.jpg",500,280,true],"medium":["https:\/\/arantv.az\/wp-content\/uploads\/2024\/07\/e548ebbb29c5b8750e3f554dd24fbb1f-621x365.jpg",621,365,true],"large":["https:\/\/arantv.az\/wp-content\/uploads\/2024\/07\/e548ebbb29c5b8750e3f554dd24fbb1f-840x494.jpg",640,376,true],"1536x1536":["https:\/\/arantv.az\/wp-content\/uploads\/2024\/07\/e548ebbb29c5b8750e3f554dd24fbb1f.jpg",850,500,false],"2048x2048":["https:\/\/arantv.az\/wp-content\/uploads\/2024\/07\/e548ebbb29c5b8750e3f554dd24fbb1f.jpg",850,500,false],"post-thumbnail":["https:\/\/arantv.az\/wp-content\/uploads\/2024\/07\/e548ebbb29c5b8750e3f554dd24fbb1f-240x172.jpg",240,172,true],"advps-thumb-one":["https:\/\/arantv.az\/wp-content\/uploads\/2024\/07\/e548ebbb29c5b8750e3f554dd24fbb1f.jpg",850,500,false]},"rttpg_author":{"display_name":"V\u00fcsal Rafiqo\u011flu","author_link":"https:\/\/arantv.az\/?author=2"},"rttpg_comment":0,"rttpg_category":"<a href=\"https:\/\/arantv.az\/?cat=19\" rel=\"category\">G\u00fcnd\u0259m<\/a>","rttpg_excerpt":"Yax\u0131n \u015e\u0259rqin g\u0259rginlik, qar\u015f\u0131durma, m\u00fcharib\u0259, qa\u00e7q\u0131nl\u0131qdan xilas\u0131 region d\u00f6vl\u0259tl\u0259rinin bir-birin\u0259 yeni yana\u015fmas\u0131ndan ba\u015flay\u0131r. \u00c7\u00fcnki F\u0259l\u0259stinl\u0259 ba\u011fl\u0131 yaranm\u0131\u015f m\u00f6vcud \u015f\u0259raitin, m\u00fcnasib\u0259tl\u0259rin 80 il\u0259 yax\u0131n ya\u015f\u0131 var. \u018fr\u0259b d\u00f6vl\u0259tl\u0259ri v\u0259 \u0130ran\u0131n \u0130srail\u0259 m\u00fcnasib\u0259tinin d\u0259yi\u015fm\u0259m\u0259si, y\u0259hudi d\u00f6vl\u0259tinin F\u0259l\u0259stinl\u0259 ba\u011fl\u0131 \u00f6hd\u0259likl\u0259r\u0259 \u0259m\u0259l etm\u0259m\u0259si qar\u015f\u0131durmalar\u0131n m\u0259nb\u0259yidir. Bu v\u0259ziyy\u0259td\u0259n istifad\u0259 ed\u0259n g\u00fccl\u0259r c\u0259bh\u0259 tutur, y\u0259ni b\u0259zil\u0259ri F\u0259l\u0259stini b\u0259han\u0259 ed\u0259r\u0259k \u0130ran\u0131n, bir&hellip;","_links":{"self":[{"href":"https:\/\/arantv.az\/index.php?rest_route=\/wp\/v2\/posts\/739862"}],"collection":[{"href":"https:\/\/arantv.az\/index.php?rest_route=\/wp\/v2\/posts"}],"about":[{"href":"https:\/\/arantv.az\/index.php?rest_route=\/wp\/v2\/types\/post"}],"author":[{"embeddable":true,"href":"https:\/\/arantv.az\/index.php?rest_route=\/wp\/v2\/users\/2"}],"replies":[{"embeddable":true,"href":"https:\/\/arantv.az\/index.php?rest_route=%2Fwp%2Fv2%2Fcomments&post=739862"}],"version-history":[{"count":1,"href":"https:\/\/arantv.az\/index.php?rest_route=\/wp\/v2\/posts\/739862\/revisions"}],"predecessor-version":[{"id":739864,"href":"https:\/\/arantv.az\/index.php?rest_route=\/wp\/v2\/posts\/739862\/revisions\/739864"}],"wp:featuredmedia":[{"embeddable":true,"href":"https:\/\/arantv.az\/index.php?rest_route=\/wp\/v2\/media\/739863"}],"wp:attachment":[{"href":"https:\/\/arantv.az\/index.php?rest_route=%2Fwp%2Fv2%2Fmedia&parent=739862"}],"wp:term":[{"taxonomy":"category","embeddable":true,"href":"https:\/\/arantv.az\/index.php?rest_route=%2Fwp%2Fv2%2Fcategories&post=739862"},{"taxonomy":"post_tag","embeddable":true,"href":"https:\/\/arantv.az\/index.php?rest_route=%2Fwp%2Fv2%2Ftags&post=739862"}],"curies":[{"name":"wp","href":"https:\/\/api.w.org\/{rel}","templated":true}]}}