{"id":739869,"date":"2024-07-25T16:01:14","date_gmt":"2024-07-25T12:01:14","guid":{"rendered":"https:\/\/arantv.az\/?p=739869"},"modified":"2024-07-25T16:01:14","modified_gmt":"2024-07-25T12:01:14","slug":"natiq-qasimovun-anasina-ev-verildi-foto","status":"publish","type":"post","link":"https:\/\/arantv.az\/?p=739869","title":{"rendered":"Natiq Qas\u0131movun anas\u0131na ev verildi &#8211; FOTO"},"content":{"rendered":"<div class=\"text-content\" data-id=\"\" data-url=\"\">\n<p><strong>\u018fm\u0259k v\u0259 \u018fhalinin Sosial M\u00fcdafi\u0259si Nazirliyi t\u0259r\u0259find\u0259n \u015f\u0259hid Milli Q\u0259hr\u0259man Natiq Qas\u0131movun anas\u0131 Dursun Qas\u0131movaya G\u0259nc\u0259 \u015f\u0259h\u0259rind\u0259 yerl\u0259\u015f\u0259n M\u0130DA ya\u015fay\u0131\u015f kompleksind\u0259n ev verilib.<\/strong><\/p>\n<p><strong>ARANTV.AZ <\/strong>\u00a0x\u0259b\u0259r verir ki, bu bar\u0259d\u0259 \u018fm\u0259k v\u0259 \u018fhalinin Sosial M\u00fcdafi\u0259si Nazirliyinin \u0130ctimaiyy\u0259tl\u0259 \u0259laq\u0259l\u0259r \u015f\u00f6b\u0259sinin m\u00fcdiri Fazil Tal\u0131bov bildirib.<\/p>\n<p>Qeyd edilib ki, ikiotaql\u0131, tam t\u0259mirli m\u0259nzil D.Qas\u0131movaya t\u0259qdim edilib.<\/p>\n<p>Qeyd ed\u0259k ki, Prezident \u0130lham \u018fliyevin 25 iyun 2024-c\u00fc il S\u0259r\u0259ncam\u0131na \u0259sas\u0259n, Natiq S\u0259lim o\u011flu Qas\u0131mova \u201cAz\u0259rbaycan\u0131n Milli Q\u0259hr\u0259man\u0131\u201d ad\u0131 verilib.<\/p>\n<\/div>\n<div>\n<div class=\"form-group\"><img class=\"img-responsive\" src=\"https:\/\/cdn.musavat.com\/news\/images\/iqbal\/1375f1f3-e10c-3765-b432-74deea88.jpg\" \/><\/div>\n<\/div>\n","protected":false},"excerpt":{"rendered":"<p>\u018fm\u0259k v\u0259 \u018fhalinin Sosial M\u00fcdafi\u0259si Nazirliyi t\u0259r\u0259find\u0259n \u015f\u0259hid Milli Q\u0259hr\u0259man Natiq Qas\u0131movun anas\u0131 Dursun Qas\u0131movaya G\u0259nc\u0259 \u015f\u0259h\u0259rind\u0259 yerl\u0259\u015f\u0259n M\u0130DA ya\u015fay\u0131\u015f kompleksind\u0259n ev verilib. ARANTV.AZ \u00a0x\u0259b\u0259r verir ki, bu bar\u0259d\u0259 \u018fm\u0259k v\u0259 \u018fhalinin Sosial M\u00fcdafi\u0259si Nazirliyinin \u0130ctimaiyy\u0259tl\u0259 \u0259laq\u0259l\u0259r \u015f\u00f6b\u0259sinin m\u00fcdiri Fazil Tal\u0131bov bildirib. Qeyd edilib ki, ikiotaql\u0131, tam t\u0259mirli m\u0259nzil D.Qas\u0131movaya t\u0259qdim edilib. Qeyd ed\u0259k ki, Prezident \u0130lham \u018fliyevin 25 iyun 2024-c\u00fc il S\u0259r\u0259ncam\u0131na \u0259sas\u0259n, Natiq S\u0259lim o\u011flu Qas\u0131mova \u201cAz\u0259rbaycan\u0131n Milli Q\u0259hr\u0259man\u0131\u201d ad\u0131 verilib.<\/p>\n","protected":false},"author":2,"featured_media":739870,"comment_status":"closed","ping_status":"closed","sticky":false,"template":"","format":"standard","meta":{"om_disable_all_campaigns":false,"_monsterinsights_skip_tracking":false,"_monsterinsights_sitenote_active":false,"_monsterinsights_sitenote_note":"","_monsterinsights_sitenote_category":0},"categories":[1],"tags":[],"aioseo_notices":[],"gutentor_comment":0,"rttpg_featured_image_url":{"full":["https:\/\/arantv.az\/wp-content\/uploads\/2024\/07\/21b77c55273c84f41dc42d0af9e455fc.jpg",850,500,false],"landscape":["https:\/\/arantv.az\/wp-content\/uploads\/2024\/07\/21b77c55273c84f41dc42d0af9e455fc.jpg",850,500,false],"portraits":["https:\/\/arantv.az\/wp-content\/uploads\/2024\/07\/21b77c55273c84f41dc42d0af9e455fc.jpg",850,500,false],"thumbnail":["https:\/\/arantv.az\/wp-content\/uploads\/2024\/07\/21b77c55273c84f41dc42d0af9e455fc-500x280.jpg",500,280,true],"medium":["https:\/\/arantv.az\/wp-content\/uploads\/2024\/07\/21b77c55273c84f41dc42d0af9e455fc-621x365.jpg",621,365,true],"large":["https:\/\/arantv.az\/wp-content\/uploads\/2024\/07\/21b77c55273c84f41dc42d0af9e455fc-840x494.jpg",640,376,true],"1536x1536":["https:\/\/arantv.az\/wp-content\/uploads\/2024\/07\/21b77c55273c84f41dc42d0af9e455fc.jpg",850,500,false],"2048x2048":["https:\/\/arantv.az\/wp-content\/uploads\/2024\/07\/21b77c55273c84f41dc42d0af9e455fc.jpg",850,500,false],"post-thumbnail":["https:\/\/arantv.az\/wp-content\/uploads\/2024\/07\/21b77c55273c84f41dc42d0af9e455fc-240x172.jpg",240,172,true],"advps-thumb-one":["https:\/\/arantv.az\/wp-content\/uploads\/2024\/07\/21b77c55273c84f41dc42d0af9e455fc.jpg",850,500,false]},"rttpg_author":{"display_name":"V\u00fcsal Rafiqo\u011flu","author_link":"https:\/\/arantv.az\/?author=2"},"rttpg_comment":0,"rttpg_category":"<a href=\"https:\/\/arantv.az\/?cat=1\" rel=\"category\">C\u0259miyy\u0259t<\/a>","rttpg_excerpt":"\u018fm\u0259k v\u0259 \u018fhalinin Sosial M\u00fcdafi\u0259si Nazirliyi t\u0259r\u0259find\u0259n \u015f\u0259hid Milli Q\u0259hr\u0259man Natiq Qas\u0131movun anas\u0131 Dursun Qas\u0131movaya G\u0259nc\u0259 \u015f\u0259h\u0259rind\u0259 yerl\u0259\u015f\u0259n M\u0130DA ya\u015fay\u0131\u015f kompleksind\u0259n ev verilib. ARANTV.AZ \u00a0x\u0259b\u0259r verir ki, bu bar\u0259d\u0259 \u018fm\u0259k v\u0259 \u018fhalinin Sosial M\u00fcdafi\u0259si Nazirliyinin \u0130ctimaiyy\u0259tl\u0259 \u0259laq\u0259l\u0259r \u015f\u00f6b\u0259sinin m\u00fcdiri Fazil Tal\u0131bov bildirib. Qeyd edilib ki, ikiotaql\u0131, tam t\u0259mirli m\u0259nzil D.Qas\u0131movaya t\u0259qdim edilib. Qeyd ed\u0259k ki,&hellip;","_links":{"self":[{"href":"https:\/\/arantv.az\/index.php?rest_route=\/wp\/v2\/posts\/739869"}],"collection":[{"href":"https:\/\/arantv.az\/index.php?rest_route=\/wp\/v2\/posts"}],"about":[{"href":"https:\/\/arantv.az\/index.php?rest_route=\/wp\/v2\/types\/post"}],"author":[{"embeddable":true,"href":"https:\/\/arantv.az\/index.php?rest_route=\/wp\/v2\/users\/2"}],"replies":[{"embeddable":true,"href":"https:\/\/arantv.az\/index.php?rest_route=%2Fwp%2Fv2%2Fcomments&post=739869"}],"version-history":[{"count":2,"href":"https:\/\/arantv.az\/index.php?rest_route=\/wp\/v2\/posts\/739869\/revisions"}],"predecessor-version":[{"id":739872,"href":"https:\/\/arantv.az\/index.php?rest_route=\/wp\/v2\/posts\/739869\/revisions\/739872"}],"wp:featuredmedia":[{"embeddable":true,"href":"https:\/\/arantv.az\/index.php?rest_route=\/wp\/v2\/media\/739870"}],"wp:attachment":[{"href":"https:\/\/arantv.az\/index.php?rest_route=%2Fwp%2Fv2%2Fmedia&parent=739869"}],"wp:term":[{"taxonomy":"category","embeddable":true,"href":"https:\/\/arantv.az\/index.php?rest_route=%2Fwp%2Fv2%2Fcategories&post=739869"},{"taxonomy":"post_tag","embeddable":true,"href":"https:\/\/arantv.az\/index.php?rest_route=%2Fwp%2Fv2%2Ftags&post=739869"}],"curies":[{"name":"wp","href":"https:\/\/api.w.org\/{rel}","templated":true}]}}