{"id":739873,"date":"2024-07-25T16:02:13","date_gmt":"2024-07-25T12:02:13","guid":{"rendered":"https:\/\/arantv.az\/?p=739873"},"modified":"2024-07-25T16:02:13","modified_gmt":"2024-07-25T12:02:13","slug":"agadadas-agayevi-doy%c9%99n-goz%c9%99tci-h%c9%99bsd%c9%99n-yeni-cixibmis-sok-faktlar","status":"publish","type":"post","link":"https:\/\/arantv.az\/?p=739873","title":{"rendered":"A\u011fadada\u015f A\u011fayevi d\u00f6y\u0259n g\u00f6z\u0259t\u00e7i h\u0259bsd\u0259n yeni \u00e7\u0131x\u0131bm\u0131\u015f &#8211; \u015fok faktlar"},"content":{"rendered":"<p><strong>X\u0259b\u0259r verdiyimiz kimi,\u00a0Xalq artisti A\u011fadada\u015f A\u011fayev ya\u015fad\u0131\u011f\u0131 binan\u0131n h\u0259y\u0259tind\u0259, &#8220;Medera&#8221; klinikas\u0131n\u0131n m\u00fchafiz\u0259\u00e7isi il\u0259 \u0259lb\u0259yaxa dava edib, A.A\u011fayevin atd\u0131\u011f\u0131 balta ba\u015fqa bir \u015f\u0259xsi &#8211; x\u0259st\u0259xanada \u00e7al\u0131\u015fan qad\u0131n\u0131 yaralay\u0131b.<\/strong><\/p>\n<p>G\u00fcnd\u0259mi z\u0259bt ed\u0259n hadis\u0259 il\u0259\u00a0ba\u011fl\u0131 yeni t\u0259f\u0259rr\u00fcatlar\u00a0ortaya \u00e7\u0131x\u0131b.<\/p>\n<p><strong>ARANTV.AZ <\/strong>\u00a0x\u0259b\u0259r verir ki, t\u0259f\u0259rr\u00fcatlar\u0131 Xalq artistinin v\u0259kili Asim Abbasov b\u00f6l\u00fc\u015f\u00fcb.<\/p>\n<p><em><strong>V\u0259kilin s\u00f6zl\u0259rin\u0259 g\u00f6r\u0259, m\u00fc\u011f\u0259nni a\u011fr\u0131d\u0131\u011f\u0131 \u00fc\u00e7\u00fcn k\u00f6m\u0259k ist\u0259y\u0259n zaman\u00a0m\u00fchafiz\u0259\u00e7inin laqeyd m\u00fcnasib\u0259ti, daha sonra is\u0259 t\u0259hqiramiz ifad\u0259l\u0259ri m\u00fcnasib\u0259ti g\u0259rginl\u0259\u015fdirib:<\/strong><\/em><\/p>\n<p>\u201cBildirir\u0259m ki, h\u00fcquqlar\u0131n\u0131 m\u00fcdafi\u0259 etdiyim A\u011fadada\u015f A\u011fayev video g\u00f6r\u00fcnt\u00fcl\u0259rd\u0259n g\u00f6r\u00fcnd\u00fcy\u00fc kimi, hadis\u0259 zaman\u0131 m\u00fcxt\u0259lif d\u0259r\u0259c\u0259li b\u0259d\u0259n x\u0259sar\u0259tl\u0259ri al\u0131b v\u0259 buna g\u00f6r\u0259 d\u0259 ciddi h\u0259kim n\u0259zar\u0259ti alt\u0131nda m\u00fcalic\u0259sini davam etdirir.<\/p>\n<p>Haz\u0131rda is\u0259 Bin\u0259q\u0259di rayon Polis \u0130dar\u0259sind\u0259 cinay\u0259t i\u015fi ba\u015flan\u0131l\u0131b. Qeyd ed\u0259k ki, A\u011fadada\u015f A\u011fayev h\u0259min g\u00fcn gec\u0259 saatlar\u0131nda evin\u0259 olduqca yax\u0131n olan \u201cMedera\u201d Hospital\u0131nda qulaq nahiy\u0259sind\u0259n a\u011f\u0131r \u0259m\u0259liyyat ke\u00e7irdib. H\u0259min gec\u0259ni a\u011fr\u0131dan s\u0259h\u0259r\u0259 q\u0259d\u0259r yatmay\u0131b, s\u0259h\u0259r is\u0259 yenid\u0259n qula\u011f\u0131nda \u015fidd\u0259tli a\u011fr\u0131lar yaran\u0131b. A\u011fr\u0131lar d\u00f6z\u00fclm\u0259z oldu\u011fu \u00fc\u00e7\u00fcn o, eyvana \u00e7\u0131xaraq \u201cMedera\u201d Hospital\u0131n\u0131n m\u00fchafiz\u0259\u00e7isind\u0259n k\u00f6m\u0259klik ist\u0259yib, ondan h\u0259kim \u00e7a\u011f\u0131rmas\u0131n\u0131 xahi\u015f edib. M\u00fchafiz\u0259\u00e7inin laqeyd m\u00fcnasib\u0259ti, daha sonra is\u0259 t\u0259hqiramiz ifad\u0259l\u0259ri v\u0259 t\u0259hrikedici h\u0259r\u0259k\u0259tl\u0259ri n\u0259tic\u0259sind\u0259 t\u0259r\u0259fl\u0259r aras\u0131ndak\u0131 m\u00fcnasib\u0259t g\u0259rginl\u0259\u015fib\u201d.<\/p>\n<p><em><strong>Asim Abbasov m\u00fchafiz\u0259\u00e7i bar\u0259d\u0259 bir s\u0131ra sensasion iddialar ortaya at\u0131b. O bildirib ki, h\u0259min \u015f\u0259xs adam adam o\u011frusudur:<\/strong><\/em><\/p>\n<p>\u201cBundan ba\u015fqa daha \u0259vv\u0259l d\u0259f\u0259l\u0259rl\u0259 m\u0259hkum olmu\u015f qar\u015f\u0131 t\u0259r\u0259f N.C\u0259lilov 2013-c\u00fc il Bak\u0131 A\u011f\u0131r Cinay\u0259tl\u0259r M\u0259hk\u0259m\u0259sinin h\u00f6km\u00fc \u0259sas\u0131nda Cinay\u0259t M\u0259c\u0259ll\u0259sinin 144-c\u00fc madd\u0259si (adam o\u011furlu\u011fu) il\u0259 t\u0259qsirli bilin\u0259r\u0259k 9 il m\u00fcdd\u0259tind\u0259 azadl\u0131qdan m\u0259hrum edilib. O, h\u0259bsd\u0259n yeni \u00e7\u0131x\u0131b. H\u0259m\u00e7inin N.C\u0259lilov daha \u0259vv\u0259l d\u0259 Rusiya Federasiyas\u0131nda \u201cxuliqanl\u0131q\u201d madd\u0259si il\u0259 m\u0259hkum edilib.<\/p>\n<p>Yeri g\u0259lmi\u015fk\u0259n onu da qeyd edim ki, A\u011fadada\u015f A\u011fayevin \u00f6z\u00fc art\u0131q bir ne\u00e7\u0259 ildir ki, ciddi onkoloji x\u0259st\u0259dir, m\u00fct\u0259madi olaraq a\u011f\u0131r d\u0259rmanlar q\u0259bul edir, bu s\u0259b\u0259bd\u0259n d\u0259 h\u0259m fiziki, h\u0259m d\u0259 psixoloji v\u0259ziyy\u0259ti daimi g\u0259rginlik alt\u0131ndad\u0131r.<\/p>\n<p>Haz\u0131rda i\u015f \u00fczr\u0259 z\u0259ruri istintaq h\u0259r\u0259k\u0259tl\u0259ri davam etdirilir. Bu m\u00fcdd\u0259t \u0259rzind\u0259 k\u00fctl\u0259vi informasiya vasit\u0259l\u0259rini v\u0259 media subyektl\u0259rini do\u011frulu\u011fu t\u0259sdiql\u0259nm\u0259mi\u015f m\u0259lumatlar\u0131 yaymaqdan \u00e7\u0259kinm\u0259y\u0259 s\u0259sl\u0259yir\u0259m. Yay\u0131lm\u0131\u015f video g\u00f6r\u00fcnt\u00fc ba\u015f vermi\u015f hadis\u0259nin sad\u0259c\u0259 bir epizodunu \u0259ks etdirir. \u0130\u015f \u00fczr\u0259 istintaq ba\u015fa \u00e7atd\u0131qdan sonra h\u0259min epizoda q\u0259d\u0259r v\u0259 ondan sonra da olan hadis\u0259l\u0259ri \u00f6z\u00fcnd\u0259 \u0259ks etdir\u0259n video g\u00f6r\u00fcnt\u00fc v\u0259 i\u015f \u00fczr\u0259 \u0259h\u0259miyy\u0259t k\u0259sb ed\u0259n dig\u0259r detallar ictimaiyy\u0259t\u0259 t\u0259qdim edil\u0259c\u0259k. Bununla da \u0259sl h\u0259qiq\u0259t ham\u0131ya m\u0259lum olacaq\u201d.<\/p>\n","protected":false},"excerpt":{"rendered":"<p>X\u0259b\u0259r verdiyimiz kimi,\u00a0Xalq artisti A\u011fadada\u015f A\u011fayev ya\u015fad\u0131\u011f\u0131 binan\u0131n h\u0259y\u0259tind\u0259, &#8220;Medera&#8221; klinikas\u0131n\u0131n m\u00fchafiz\u0259\u00e7isi il\u0259 \u0259lb\u0259yaxa dava edib, A.A\u011fayevin atd\u0131\u011f\u0131 balta ba\u015fqa bir \u015f\u0259xsi &#8211; x\u0259st\u0259xanada \u00e7al\u0131\u015fan qad\u0131n\u0131 yaralay\u0131b. G\u00fcnd\u0259mi z\u0259bt ed\u0259n hadis\u0259 il\u0259\u00a0ba\u011fl\u0131 yeni t\u0259f\u0259rr\u00fcatlar\u00a0ortaya \u00e7\u0131x\u0131b. ARANTV.AZ \u00a0x\u0259b\u0259r verir ki, t\u0259f\u0259rr\u00fcatlar\u0131 Xalq artistinin v\u0259kili Asim Abbasov b\u00f6l\u00fc\u015f\u00fcb. V\u0259kilin s\u00f6zl\u0259rin\u0259 g\u00f6r\u0259, m\u00fc\u011f\u0259nni a\u011fr\u0131d\u0131\u011f\u0131 \u00fc\u00e7\u00fcn k\u00f6m\u0259k ist\u0259y\u0259n zaman\u00a0m\u00fchafiz\u0259\u00e7inin laqeyd m\u00fcnasib\u0259ti, daha sonra is\u0259 t\u0259hqiramiz ifad\u0259l\u0259ri m\u00fcnasib\u0259ti g\u0259rginl\u0259\u015fdirib: \u201cBildirir\u0259m ki, h\u00fcquqlar\u0131n\u0131 m\u00fcdafi\u0259 etdiyim A\u011fadada\u015f A\u011fayev video g\u00f6r\u00fcnt\u00fcl\u0259rd\u0259n g\u00f6r\u00fcnd\u00fcy\u00fc kimi, hadis\u0259 zaman\u0131 m\u00fcxt\u0259lif d\u0259r\u0259c\u0259li b\u0259d\u0259n x\u0259sar\u0259tl\u0259ri al\u0131b v\u0259 buna g\u00f6r\u0259 d\u0259 ciddi h\u0259kim n\u0259zar\u0259ti alt\u0131nda&hellip;<\/p>\n","protected":false},"author":2,"featured_media":739874,"comment_status":"closed","ping_status":"closed","sticky":false,"template":"","format":"standard","meta":{"om_disable_all_campaigns":false,"_monsterinsights_skip_tracking":false,"_monsterinsights_sitenote_active":false,"_monsterinsights_sitenote_note":"","_monsterinsights_sitenote_category":0},"categories":[19],"tags":[],"aioseo_notices":[],"gutentor_comment":0,"rttpg_featured_image_url":{"full":["https:\/\/arantv.az\/wp-content\/uploads\/2024\/07\/753c1711983ed11018b3a49326eb7b35.jpg",740,493,false],"landscape":["https:\/\/arantv.az\/wp-content\/uploads\/2024\/07\/753c1711983ed11018b3a49326eb7b35.jpg",740,493,false],"portraits":["https:\/\/arantv.az\/wp-content\/uploads\/2024\/07\/753c1711983ed11018b3a49326eb7b35.jpg",740,493,false],"thumbnail":["https:\/\/arantv.az\/wp-content\/uploads\/2024\/07\/753c1711983ed11018b3a49326eb7b35-500x280.jpg",500,280,true],"medium":["https:\/\/arantv.az\/wp-content\/uploads\/2024\/07\/753c1711983ed11018b3a49326eb7b35-548x365.jpg",548,365,true],"large":["https:\/\/arantv.az\/wp-content\/uploads\/2024\/07\/753c1711983ed11018b3a49326eb7b35.jpg",640,426,false],"1536x1536":["https:\/\/arantv.az\/wp-content\/uploads\/2024\/07\/753c1711983ed11018b3a49326eb7b35.jpg",740,493,false],"2048x2048":["https:\/\/arantv.az\/wp-content\/uploads\/2024\/07\/753c1711983ed11018b3a49326eb7b35.jpg",740,493,false],"post-thumbnail":["https:\/\/arantv.az\/wp-content\/uploads\/2024\/07\/753c1711983ed11018b3a49326eb7b35-240x172.jpg",240,172,true],"advps-thumb-one":["https:\/\/arantv.az\/wp-content\/uploads\/2024\/07\/753c1711983ed11018b3a49326eb7b35.jpg",740,493,false]},"rttpg_author":{"display_name":"V\u00fcsal Rafiqo\u011flu","author_link":"https:\/\/arantv.az\/?author=2"},"rttpg_comment":0,"rttpg_category":"<a href=\"https:\/\/arantv.az\/?cat=19\" rel=\"category\">G\u00fcnd\u0259m<\/a>","rttpg_excerpt":"X\u0259b\u0259r verdiyimiz kimi,\u00a0Xalq artisti A\u011fadada\u015f A\u011fayev ya\u015fad\u0131\u011f\u0131 binan\u0131n h\u0259y\u0259tind\u0259, &#8220;Medera&#8221; klinikas\u0131n\u0131n m\u00fchafiz\u0259\u00e7isi il\u0259 \u0259lb\u0259yaxa dava edib, A.A\u011fayevin atd\u0131\u011f\u0131 balta ba\u015fqa bir \u015f\u0259xsi &#8211; x\u0259st\u0259xanada \u00e7al\u0131\u015fan qad\u0131n\u0131 yaralay\u0131b. G\u00fcnd\u0259mi z\u0259bt ed\u0259n hadis\u0259 il\u0259\u00a0ba\u011fl\u0131 yeni t\u0259f\u0259rr\u00fcatlar\u00a0ortaya \u00e7\u0131x\u0131b. ARANTV.AZ \u00a0x\u0259b\u0259r verir ki, t\u0259f\u0259rr\u00fcatlar\u0131 Xalq artistinin v\u0259kili Asim Abbasov b\u00f6l\u00fc\u015f\u00fcb. V\u0259kilin s\u00f6zl\u0259rin\u0259 g\u00f6r\u0259, m\u00fc\u011f\u0259nni a\u011fr\u0131d\u0131\u011f\u0131 \u00fc\u00e7\u00fcn k\u00f6m\u0259k ist\u0259y\u0259n zaman\u00a0m\u00fchafiz\u0259\u00e7inin&hellip;","_links":{"self":[{"href":"https:\/\/arantv.az\/index.php?rest_route=\/wp\/v2\/posts\/739873"}],"collection":[{"href":"https:\/\/arantv.az\/index.php?rest_route=\/wp\/v2\/posts"}],"about":[{"href":"https:\/\/arantv.az\/index.php?rest_route=\/wp\/v2\/types\/post"}],"author":[{"embeddable":true,"href":"https:\/\/arantv.az\/index.php?rest_route=\/wp\/v2\/users\/2"}],"replies":[{"embeddable":true,"href":"https:\/\/arantv.az\/index.php?rest_route=%2Fwp%2Fv2%2Fcomments&post=739873"}],"version-history":[{"count":1,"href":"https:\/\/arantv.az\/index.php?rest_route=\/wp\/v2\/posts\/739873\/revisions"}],"predecessor-version":[{"id":739875,"href":"https:\/\/arantv.az\/index.php?rest_route=\/wp\/v2\/posts\/739873\/revisions\/739875"}],"wp:featuredmedia":[{"embeddable":true,"href":"https:\/\/arantv.az\/index.php?rest_route=\/wp\/v2\/media\/739874"}],"wp:attachment":[{"href":"https:\/\/arantv.az\/index.php?rest_route=%2Fwp%2Fv2%2Fmedia&parent=739873"}],"wp:term":[{"taxonomy":"category","embeddable":true,"href":"https:\/\/arantv.az\/index.php?rest_route=%2Fwp%2Fv2%2Fcategories&post=739873"},{"taxonomy":"post_tag","embeddable":true,"href":"https:\/\/arantv.az\/index.php?rest_route=%2Fwp%2Fv2%2Ftags&post=739873"}],"curies":[{"name":"wp","href":"https:\/\/api.w.org\/{rel}","templated":true}]}}