{"id":739883,"date":"2024-07-25T16:04:38","date_gmt":"2024-07-25T12:04:38","guid":{"rendered":"https:\/\/arantv.az\/?p=739883"},"modified":"2024-07-25T16:04:38","modified_gmt":"2024-07-25T12:04:38","slug":"agadadas-agayevin-doyul%c9%99nd%c9%99n-sonra-ilk-fotosu","status":"publish","type":"post","link":"https:\/\/arantv.az\/?p=739883","title":{"rendered":"A\u011fadada\u015f A\u011fayevin d\u00f6y\u00fcl\u0259nd\u0259n sonra ilk fotosu"},"content":{"rendered":"<div class=\"text-content\" data-id=\"\" data-url=\"\">\n<p>X\u0259b\u0259r verdiyimiz kimi, 22 iyul saat 07 rad\u0259l\u0259rind\u0259 xalq artisti A\u011fadada\u015f A\u011fayevl\u0131 &#8220;Medera&#8221; hospital\u0131n\u0131n g\u00f6z\u0259t\u00e7isi Nur\u0259ddin C\u0259lilov aras\u0131nda insident ya\u015fan\u0131b.<\/p>\n<p><strong>ARANTV.AZ <\/strong>\u00a0x\u0259b\u0259r verir ki, insident zaman\u0131 Nur\u0259ddin C\u0259lilov xalq artistini hospital\u0131n qar\u015f\u0131s\u0131nda d\u00f6y\u00fcb.<\/p>\n<p><strong>Qeyd ed\u0259k ki,<\/strong>\u00a0m\u00fcnaqi\u015f\u0259 t\u0259r\u0259fl\u0259ri &#8211; N.C\u0259lilov v\u0259 A.A\u011fayev cinay\u0259t m\u0259suliyy\u0259tin\u0259 c\u0259lb edilib. Cinay\u0259t i\u015fi \u00fczr\u0259 istintaq h\u0259r\u0259k\u0259tl\u0259ri davam etdirilir.<\/p>\n<p>Hadis\u0259 ba\u015f ver\u0259nd\u0259n sonra Xalq artistinin ilk g\u00f6r\u00fcnt\u00fcs\u00fc yay\u0131l\u0131b. A\u011fadada\u015f A\u011fayevin v\u0259kili Asim Abbasov xalq artistinin s\u00f6z\u00fcged\u0259n hadis\u0259d\u0259n sonra fotosunu yay\u0131b. Fotoda xalq artistinin qula\u011f\u0131 v\u0259 qolunun sar\u011f\u0131da oldu\u011fu g\u00f6r\u00fcn\u00fcr.<\/p>\n<p><strong>Musavat.com<\/strong><\/p>\n<p><iframe loading=\"lazy\" id=\"telegram-post-TVmusavat-91486\" src=\"https:\/\/t.me\/TVmusavat\/91486?embed=1\" width=\"100%\" height=\"\" frameborder=\"0\" scrolling=\"no\" data-mce-fragment=\"1\"><\/iframe><\/p>\n<\/div>\n<div><\/div>\n<div><\/div>\n<div class=\"inner-social-box\">\n<div class=\"subs-in-social subs-whatsapp\"><\/div>\n<\/div>\n","protected":false},"excerpt":{"rendered":"<p>X\u0259b\u0259r verdiyimiz kimi, 22 iyul saat 07 rad\u0259l\u0259rind\u0259 xalq artisti A\u011fadada\u015f A\u011fayevl\u0131 &#8220;Medera&#8221; hospital\u0131n\u0131n g\u00f6z\u0259t\u00e7isi Nur\u0259ddin C\u0259lilov aras\u0131nda insident ya\u015fan\u0131b. ARANTV.AZ \u00a0x\u0259b\u0259r verir ki, insident zaman\u0131 Nur\u0259ddin C\u0259lilov xalq artistini hospital\u0131n qar\u015f\u0131s\u0131nda d\u00f6y\u00fcb. Qeyd ed\u0259k ki,\u00a0m\u00fcnaqi\u015f\u0259 t\u0259r\u0259fl\u0259ri &#8211; N.C\u0259lilov v\u0259 A.A\u011fayev cinay\u0259t m\u0259suliyy\u0259tin\u0259 c\u0259lb edilib. Cinay\u0259t i\u015fi \u00fczr\u0259 istintaq h\u0259r\u0259k\u0259tl\u0259ri davam etdirilir. Hadis\u0259 ba\u015f ver\u0259nd\u0259n sonra Xalq artistinin ilk g\u00f6r\u00fcnt\u00fcs\u00fc yay\u0131l\u0131b. A\u011fadada\u015f A\u011fayevin v\u0259kili Asim Abbasov xalq artistinin s\u00f6z\u00fcged\u0259n hadis\u0259d\u0259n sonra fotosunu yay\u0131b. Fotoda xalq artistinin qula\u011f\u0131 v\u0259 qolunun sar\u011f\u0131da oldu\u011fu g\u00f6r\u00fcn\u00fcr. Musavat.com<\/p>\n","protected":false},"author":2,"featured_media":739884,"comment_status":"closed","ping_status":"closed","sticky":false,"template":"","format":"standard","meta":{"om_disable_all_campaigns":false,"_monsterinsights_skip_tracking":false,"_monsterinsights_sitenote_active":false,"_monsterinsights_sitenote_note":"","_monsterinsights_sitenote_category":0},"categories":[19],"tags":[],"aioseo_notices":[],"gutentor_comment":0,"rttpg_featured_image_url":{"full":["https:\/\/arantv.az\/wp-content\/uploads\/2024\/07\/49daabab9b99b0d6010f67ce7a5ea77b.jpg",452,364,false],"landscape":["https:\/\/arantv.az\/wp-content\/uploads\/2024\/07\/49daabab9b99b0d6010f67ce7a5ea77b.jpg",452,364,false],"portraits":["https:\/\/arantv.az\/wp-content\/uploads\/2024\/07\/49daabab9b99b0d6010f67ce7a5ea77b.jpg",452,364,false],"thumbnail":["https:\/\/arantv.az\/wp-content\/uploads\/2024\/07\/49daabab9b99b0d6010f67ce7a5ea77b-452x280.jpg",452,280,true],"medium":["https:\/\/arantv.az\/wp-content\/uploads\/2024\/07\/49daabab9b99b0d6010f67ce7a5ea77b.jpg",452,364,false],"large":["https:\/\/arantv.az\/wp-content\/uploads\/2024\/07\/49daabab9b99b0d6010f67ce7a5ea77b.jpg",452,364,false],"1536x1536":["https:\/\/arantv.az\/wp-content\/uploads\/2024\/07\/49daabab9b99b0d6010f67ce7a5ea77b.jpg",452,364,false],"2048x2048":["https:\/\/arantv.az\/wp-content\/uploads\/2024\/07\/49daabab9b99b0d6010f67ce7a5ea77b.jpg",452,364,false],"post-thumbnail":["https:\/\/arantv.az\/wp-content\/uploads\/2024\/07\/49daabab9b99b0d6010f67ce7a5ea77b-240x172.jpg",240,172,true],"advps-thumb-one":["https:\/\/arantv.az\/wp-content\/uploads\/2024\/07\/49daabab9b99b0d6010f67ce7a5ea77b.jpg",452,364,false]},"rttpg_author":{"display_name":"V\u00fcsal Rafiqo\u011flu","author_link":"https:\/\/arantv.az\/?author=2"},"rttpg_comment":0,"rttpg_category":"<a href=\"https:\/\/arantv.az\/?cat=19\" rel=\"category\">G\u00fcnd\u0259m<\/a>","rttpg_excerpt":"X\u0259b\u0259r verdiyimiz kimi, 22 iyul saat 07 rad\u0259l\u0259rind\u0259 xalq artisti A\u011fadada\u015f A\u011fayevl\u0131 &#8220;Medera&#8221; hospital\u0131n\u0131n g\u00f6z\u0259t\u00e7isi Nur\u0259ddin C\u0259lilov aras\u0131nda insident ya\u015fan\u0131b. ARANTV.AZ \u00a0x\u0259b\u0259r verir ki, insident zaman\u0131 Nur\u0259ddin C\u0259lilov xalq artistini hospital\u0131n qar\u015f\u0131s\u0131nda d\u00f6y\u00fcb. Qeyd ed\u0259k ki,\u00a0m\u00fcnaqi\u015f\u0259 t\u0259r\u0259fl\u0259ri &#8211; N.C\u0259lilov v\u0259 A.A\u011fayev cinay\u0259t m\u0259suliyy\u0259tin\u0259 c\u0259lb edilib. Cinay\u0259t i\u015fi \u00fczr\u0259 istintaq h\u0259r\u0259k\u0259tl\u0259ri davam etdirilir. Hadis\u0259 ba\u015f ver\u0259nd\u0259n&hellip;","_links":{"self":[{"href":"https:\/\/arantv.az\/index.php?rest_route=\/wp\/v2\/posts\/739883"}],"collection":[{"href":"https:\/\/arantv.az\/index.php?rest_route=\/wp\/v2\/posts"}],"about":[{"href":"https:\/\/arantv.az\/index.php?rest_route=\/wp\/v2\/types\/post"}],"author":[{"embeddable":true,"href":"https:\/\/arantv.az\/index.php?rest_route=\/wp\/v2\/users\/2"}],"replies":[{"embeddable":true,"href":"https:\/\/arantv.az\/index.php?rest_route=%2Fwp%2Fv2%2Fcomments&post=739883"}],"version-history":[{"count":1,"href":"https:\/\/arantv.az\/index.php?rest_route=\/wp\/v2\/posts\/739883\/revisions"}],"predecessor-version":[{"id":739885,"href":"https:\/\/arantv.az\/index.php?rest_route=\/wp\/v2\/posts\/739883\/revisions\/739885"}],"wp:featuredmedia":[{"embeddable":true,"href":"https:\/\/arantv.az\/index.php?rest_route=\/wp\/v2\/media\/739884"}],"wp:attachment":[{"href":"https:\/\/arantv.az\/index.php?rest_route=%2Fwp%2Fv2%2Fmedia&parent=739883"}],"wp:term":[{"taxonomy":"category","embeddable":true,"href":"https:\/\/arantv.az\/index.php?rest_route=%2Fwp%2Fv2%2Fcategories&post=739883"},{"taxonomy":"post_tag","embeddable":true,"href":"https:\/\/arantv.az\/index.php?rest_route=%2Fwp%2Fv2%2Ftags&post=739883"}],"curies":[{"name":"wp","href":"https:\/\/api.w.org\/{rel}","templated":true}]}}