{"id":739946,"date":"2024-07-25T16:45:10","date_gmt":"2024-07-25T12:45:10","guid":{"rendered":"https:\/\/arantv.az\/?p=739946"},"modified":"2024-07-25T16:45:10","modified_gmt":"2024-07-25T12:45:10","slug":"mederanin-sahibi-klinikasindan-imtina-etdi","status":"publish","type":"post","link":"https:\/\/arantv.az\/?p=739946","title":{"rendered":"\u201cMedera\u201dn\u0131n sahibi klinikas\u0131ndan imtina etdi"},"content":{"rendered":"<p><strong>M\u0259n \u201cMedera\u201d klinikas\u0131nda i\u015fl\u0259mir\u0259m v\u0259 bu m\u0259s\u0259l\u0259y\u0259 m\u00fcdaxil\u0259 etm\u0259y\u0259 o q\u0259d\u0259r d\u0259 haqq\u0131m yoxdur. He\u00e7 n\u0259 dey\u0259 bilm\u0259r\u0259m.<\/strong><\/p>\n<p><strong>ARANTV.AZ<\/strong> x\u0259b\u0259r verir ki, bu s\u00f6zl\u0259ri Axar.az-a xalq artisti A\u011fadada\u015f A\u011fayev v\u0259 \u201cMedera\u201dn\u0131n g\u00f6z\u0259t\u00e7isi Nur\u0259ddin C\u0259lilov aras\u0131nda 22 iyulda ba\u015f ver\u0259n insident haqda sual\u0131 cavabland\u0131ran klinikan\u0131n sahibi, i\u015f adam\u0131 Qaraxan \u018fliyev deyib.<\/p>\n<p>Xat\u0131rladaq ki, Qaraxan \u018fliyevin s\u00f6z\u00fcged\u0259n tibb m\u00fc\u0259ssis\u0259sinin sahibi oldu\u011fu bildirils\u0259 d\u0259, \u00f6z\u00fc bu fakt\u0131 t\u0259kzib edir.<\/p>\n","protected":false},"excerpt":{"rendered":"<p>M\u0259n \u201cMedera\u201d klinikas\u0131nda i\u015fl\u0259mir\u0259m v\u0259 bu m\u0259s\u0259l\u0259y\u0259 m\u00fcdaxil\u0259 etm\u0259y\u0259 o q\u0259d\u0259r d\u0259 haqq\u0131m yoxdur. He\u00e7 n\u0259 dey\u0259 bilm\u0259r\u0259m. ARANTV.AZ x\u0259b\u0259r verir ki, bu s\u00f6zl\u0259ri Axar.az-a xalq artisti A\u011fadada\u015f A\u011fayev v\u0259 \u201cMedera\u201dn\u0131n g\u00f6z\u0259t\u00e7isi Nur\u0259ddin C\u0259lilov aras\u0131nda 22 iyulda ba\u015f ver\u0259n insident haqda sual\u0131 cavabland\u0131ran klinikan\u0131n sahibi, i\u015f adam\u0131 Qaraxan \u018fliyev deyib. Xat\u0131rladaq ki, Qaraxan \u018fliyevin s\u00f6z\u00fcged\u0259n tibb m\u00fc\u0259ssis\u0259sinin sahibi oldu\u011fu bildirils\u0259 d\u0259, \u00f6z\u00fc bu fakt\u0131 t\u0259kzib edir.<\/p>\n","protected":false},"author":2,"featured_media":739947,"comment_status":"closed","ping_status":"closed","sticky":false,"template":"","format":"standard","meta":{"om_disable_all_campaigns":false,"_monsterinsights_skip_tracking":false,"_monsterinsights_sitenote_active":false,"_monsterinsights_sitenote_note":"","_monsterinsights_sitenote_category":0},"categories":[1],"tags":[],"aioseo_notices":[],"gutentor_comment":0,"rttpg_featured_image_url":{"full":["https:\/\/arantv.az\/wp-content\/uploads\/2024\/07\/4075e6557df049c7089b2e3f9381f77c.jpg",650,406,false],"landscape":["https:\/\/arantv.az\/wp-content\/uploads\/2024\/07\/4075e6557df049c7089b2e3f9381f77c.jpg",650,406,false],"portraits":["https:\/\/arantv.az\/wp-content\/uploads\/2024\/07\/4075e6557df049c7089b2e3f9381f77c.jpg",650,406,false],"thumbnail":["https:\/\/arantv.az\/wp-content\/uploads\/2024\/07\/4075e6557df049c7089b2e3f9381f77c-500x280.jpg",500,280,true],"medium":["https:\/\/arantv.az\/wp-content\/uploads\/2024\/07\/4075e6557df049c7089b2e3f9381f77c-584x365.jpg",584,365,true],"large":["https:\/\/arantv.az\/wp-content\/uploads\/2024\/07\/4075e6557df049c7089b2e3f9381f77c.jpg",640,400,false],"1536x1536":["https:\/\/arantv.az\/wp-content\/uploads\/2024\/07\/4075e6557df049c7089b2e3f9381f77c.jpg",650,406,false],"2048x2048":["https:\/\/arantv.az\/wp-content\/uploads\/2024\/07\/4075e6557df049c7089b2e3f9381f77c.jpg",650,406,false],"post-thumbnail":["https:\/\/arantv.az\/wp-content\/uploads\/2024\/07\/4075e6557df049c7089b2e3f9381f77c-240x172.jpg",240,172,true],"advps-thumb-one":["https:\/\/arantv.az\/wp-content\/uploads\/2024\/07\/4075e6557df049c7089b2e3f9381f77c.jpg",650,406,false]},"rttpg_author":{"display_name":"V\u00fcsal Rafiqo\u011flu","author_link":"https:\/\/arantv.az\/?author=2"},"rttpg_comment":0,"rttpg_category":"<a href=\"https:\/\/arantv.az\/?cat=1\" rel=\"category\">C\u0259miyy\u0259t<\/a>","rttpg_excerpt":"M\u0259n \u201cMedera\u201d klinikas\u0131nda i\u015fl\u0259mir\u0259m v\u0259 bu m\u0259s\u0259l\u0259y\u0259 m\u00fcdaxil\u0259 etm\u0259y\u0259 o q\u0259d\u0259r d\u0259 haqq\u0131m yoxdur. He\u00e7 n\u0259 dey\u0259 bilm\u0259r\u0259m. ARANTV.AZ x\u0259b\u0259r verir ki, bu s\u00f6zl\u0259ri Axar.az-a xalq artisti A\u011fadada\u015f A\u011fayev v\u0259 \u201cMedera\u201dn\u0131n g\u00f6z\u0259t\u00e7isi Nur\u0259ddin C\u0259lilov aras\u0131nda 22 iyulda ba\u015f ver\u0259n insident haqda sual\u0131 cavabland\u0131ran klinikan\u0131n sahibi, i\u015f adam\u0131 Qaraxan \u018fliyev deyib. Xat\u0131rladaq ki, Qaraxan \u018fliyevin s\u00f6z\u00fcged\u0259n&hellip;","_links":{"self":[{"href":"https:\/\/arantv.az\/index.php?rest_route=\/wp\/v2\/posts\/739946"}],"collection":[{"href":"https:\/\/arantv.az\/index.php?rest_route=\/wp\/v2\/posts"}],"about":[{"href":"https:\/\/arantv.az\/index.php?rest_route=\/wp\/v2\/types\/post"}],"author":[{"embeddable":true,"href":"https:\/\/arantv.az\/index.php?rest_route=\/wp\/v2\/users\/2"}],"replies":[{"embeddable":true,"href":"https:\/\/arantv.az\/index.php?rest_route=%2Fwp%2Fv2%2Fcomments&post=739946"}],"version-history":[{"count":1,"href":"https:\/\/arantv.az\/index.php?rest_route=\/wp\/v2\/posts\/739946\/revisions"}],"predecessor-version":[{"id":739948,"href":"https:\/\/arantv.az\/index.php?rest_route=\/wp\/v2\/posts\/739946\/revisions\/739948"}],"wp:featuredmedia":[{"embeddable":true,"href":"https:\/\/arantv.az\/index.php?rest_route=\/wp\/v2\/media\/739947"}],"wp:attachment":[{"href":"https:\/\/arantv.az\/index.php?rest_route=%2Fwp%2Fv2%2Fmedia&parent=739946"}],"wp:term":[{"taxonomy":"category","embeddable":true,"href":"https:\/\/arantv.az\/index.php?rest_route=%2Fwp%2Fv2%2Fcategories&post=739946"},{"taxonomy":"post_tag","embeddable":true,"href":"https:\/\/arantv.az\/index.php?rest_route=%2Fwp%2Fv2%2Ftags&post=739946"}],"curies":[{"name":"wp","href":"https:\/\/api.w.org\/{rel}","templated":true}]}}