{"id":740684,"date":"2024-07-29T15:26:25","date_gmt":"2024-07-29T11:26:25","guid":{"rendered":"https:\/\/arantv.az\/?p=740684"},"modified":"2024-07-29T15:26:25","modified_gmt":"2024-07-29T11:26:25","slug":"bas-prokurorlugun-uc-yuks%c9%99kv%c9%99zif%c9%99li-%c9%99m%c9%99kdasi-t%c9%99qaud%c9%99-gond%c9%99rilib","status":"publish","type":"post","link":"https:\/\/arantv.az\/?p=740684","title":{"rendered":"Ba\u015f Prokurorlu\u011fun \u00fc\u00e7 y\u00fcks\u0259kv\u0259zif\u0259li \u0259m\u0259kda\u015f\u0131 t\u0259qa\u00fcd\u0259 g\u00f6nd\u0259rilib"},"content":{"rendered":"<p>Ba\u015f Prokurorluqda qulluqda olman\u0131n son ya\u015f h\u0259ddin\u0259 \u00e7atm\u0131\u015f y\u00fcks\u0259kv\u0259zif\u0259li \u00fc\u00e7 \u0259m\u0259kda\u015f\u0131 t\u0259qa\u00fcd\u0259 g\u00f6nd\u0259rilib.<\/p>\n<p><b>ARANTV.AZ <\/b>x\u0259b\u0259r verir ki, bu bar\u0259d\u0259 Ba\u015f Prokurorluq m\u0259lumat yay\u0131b.<\/p>\n<p>Bildirilib ki, qurumun \u018fdliyy\u0259, g\u00f6mr\u00fck v\u0259 vergi orqanlar\u0131n\u0131n istintaq, t\u0259hqiqat v\u0259 \u0259m\u0259liyyat-axtar\u0131\u015f f\u0259aliyy\u0259tind\u0259 qanunlar\u0131n icras\u0131na n\u0259zar\u0259t idar\u0259sinin r\u0259is m\u00fcavini R\u00f6v\u015f\u0259n Abid o\u011flu Maqsudov, Ba\u015f Prokurorlu\u011funun S\u0259n\u0259dl\u0259rl\u0259 v\u0259 m\u00fcraci\u0259tl\u0259rl\u0259 i\u015fin t\u0259\u015fkili idar\u0259sinin M\u0259xfi\u00e7ilik \u00fczr\u0259 xidm\u0259tinin r\u0259hb\u0259ri &#8211; b\u00f6y\u00fck prokuror Akif Nazim o\u011flu \u018fliyev v\u0259 H\u0259rbi Prokurorlu\u011funun Kriminalistika v\u0259 informasiya texnologiyalar\u0131 idar\u0259sinin prokuror-kriminalisti Elman F\u0259rman o\u011flu Ki\u015fiyev qulluq ke\u00e7m\u0259l\u0259rin\u0259 xitam verilib.<\/p>\n<p>Onlara ba\u015f prokuror t\u0259r\u0259find\u0259n verilmi\u015f &#8220;Prokurorlu\u011fun f\u0259xri i\u015f\u00e7isi&#8221; d\u00f6\u015f ni\u015fan\u0131, f\u0259xri f\u0259rmanlar v\u0259 h\u0259diyy\u0259l\u0259r t\u0259qdim edilib.<\/p>\n<p>G\u00f6r\u00fc\u015f zaman\u0131 veteran prokurorluq i\u015f\u00e7il\u0259rinin prokurorluq orqanlar\u0131nda ke\u00e7dikl\u0259ri uzunm\u00fcdd\u0259tli xidm\u0259t ill\u0259rin\u0259 n\u0259z\u0259r sal\u0131naraq, prokurorluq orqanlar\u0131nda s\u0259m\u0259r\u0259li f\u0259aliyy\u0259tl\u0259ri, cinay\u0259tkarl\u0131\u011fa qar\u015f\u0131 m\u00fcbariz\u0259, qanun\u00e7uluq v\u0259 h\u00fcquq qaydas\u0131n\u0131n m\u00f6hk\u0259ml\u0259ndirilm\u0259si, habel\u0259 insan v\u0259 v\u0259t\u0259nda\u015f h\u00fcquq v\u0259 azadl\u0131qlar\u0131n\u0131n m\u00fcdafi\u0259si sah\u0259sind\u0259 \u0259ld\u0259 etdikl\u0259ri nailiyy\u0259tl\u0259r qeyd edilib, eyni zamanda veteran prokurorluq i\u015f\u00e7il\u0259ri is\u0259 onlara g\u00f6st\u0259ril\u0259n diqq\u0259t v\u0259 qay\u011f\u0131ya g\u00f6r\u0259 minn\u0259tdarl\u0131q bildirib.<\/p>\n<p>R\u00f6v\u015f\u0259n Maqsudov, Akif \u018fliyev v\u0259 Elman Ki\u015fiyev t\u0259dbir i\u015ftirak\u00e7\u0131lar\u0131 il\u0259 xatir\u0259l\u0259rini b\u00f6l\u00fc\u015f\u00fcb v\u0259 sonda xatir\u0259 \u015f\u0259kli \u00e7\u0259kilibl\u0259r.<\/p>\n","protected":false},"excerpt":{"rendered":"<p>Ba\u015f Prokurorluqda qulluqda olman\u0131n son ya\u015f h\u0259ddin\u0259 \u00e7atm\u0131\u015f y\u00fcks\u0259kv\u0259zif\u0259li \u00fc\u00e7 \u0259m\u0259kda\u015f\u0131 t\u0259qa\u00fcd\u0259 g\u00f6nd\u0259rilib. ARANTV.AZ x\u0259b\u0259r verir ki, bu bar\u0259d\u0259 Ba\u015f Prokurorluq m\u0259lumat yay\u0131b. Bildirilib ki, qurumun \u018fdliyy\u0259, g\u00f6mr\u00fck v\u0259 vergi orqanlar\u0131n\u0131n istintaq, t\u0259hqiqat v\u0259 \u0259m\u0259liyyat-axtar\u0131\u015f f\u0259aliyy\u0259tind\u0259 qanunlar\u0131n icras\u0131na n\u0259zar\u0259t idar\u0259sinin r\u0259is m\u00fcavini R\u00f6v\u015f\u0259n Abid o\u011flu Maqsudov, Ba\u015f Prokurorlu\u011funun S\u0259n\u0259dl\u0259rl\u0259 v\u0259 m\u00fcraci\u0259tl\u0259rl\u0259 i\u015fin t\u0259\u015fkili idar\u0259sinin M\u0259xfi\u00e7ilik \u00fczr\u0259 xidm\u0259tinin r\u0259hb\u0259ri &#8211; b\u00f6y\u00fck prokuror Akif Nazim o\u011flu \u018fliyev v\u0259 H\u0259rbi Prokurorlu\u011funun Kriminalistika v\u0259 informasiya texnologiyalar\u0131 idar\u0259sinin prokuror-kriminalisti Elman F\u0259rman o\u011flu Ki\u015fiyev qulluq ke\u00e7m\u0259l\u0259rin\u0259 xitam verilib. Onlara ba\u015f prokuror t\u0259r\u0259find\u0259n verilmi\u015f &#8220;Prokurorlu\u011fun f\u0259xri i\u015f\u00e7isi&#8221;&hellip;<\/p>\n","protected":false},"author":2,"featured_media":740685,"comment_status":"closed","ping_status":"closed","sticky":false,"template":"","format":"standard","meta":{"om_disable_all_campaigns":false,"_monsterinsights_skip_tracking":false,"_monsterinsights_sitenote_active":false,"_monsterinsights_sitenote_note":"","_monsterinsights_sitenote_category":0},"categories":[1],"tags":[],"aioseo_notices":[],"gutentor_comment":0,"rttpg_featured_image_url":{"full":["https:\/\/arantv.az\/wp-content\/uploads\/2024\/07\/photo_248771.jpg",750,500,false],"landscape":["https:\/\/arantv.az\/wp-content\/uploads\/2024\/07\/photo_248771.jpg",750,500,false],"portraits":["https:\/\/arantv.az\/wp-content\/uploads\/2024\/07\/photo_248771.jpg",750,500,false],"thumbnail":["https:\/\/arantv.az\/wp-content\/uploads\/2024\/07\/photo_248771-500x280.jpg",500,280,true],"medium":["https:\/\/arantv.az\/wp-content\/uploads\/2024\/07\/photo_248771-548x365.jpg",548,365,true],"large":["https:\/\/arantv.az\/wp-content\/uploads\/2024\/07\/photo_248771.jpg",640,427,false],"1536x1536":["https:\/\/arantv.az\/wp-content\/uploads\/2024\/07\/photo_248771.jpg",750,500,false],"2048x2048":["https:\/\/arantv.az\/wp-content\/uploads\/2024\/07\/photo_248771.jpg",750,500,false],"post-thumbnail":["https:\/\/arantv.az\/wp-content\/uploads\/2024\/07\/photo_248771-240x172.jpg",240,172,true],"advps-thumb-one":["https:\/\/arantv.az\/wp-content\/uploads\/2024\/07\/photo_248771.jpg",750,500,false]},"rttpg_author":{"display_name":"V\u00fcsal Rafiqo\u011flu","author_link":"https:\/\/arantv.az\/?author=2"},"rttpg_comment":0,"rttpg_category":"<a href=\"https:\/\/arantv.az\/?cat=1\" rel=\"category\">C\u0259miyy\u0259t<\/a>","rttpg_excerpt":"Ba\u015f Prokurorluqda qulluqda olman\u0131n son ya\u015f h\u0259ddin\u0259 \u00e7atm\u0131\u015f y\u00fcks\u0259kv\u0259zif\u0259li \u00fc\u00e7 \u0259m\u0259kda\u015f\u0131 t\u0259qa\u00fcd\u0259 g\u00f6nd\u0259rilib. ARANTV.AZ x\u0259b\u0259r verir ki, bu bar\u0259d\u0259 Ba\u015f Prokurorluq m\u0259lumat yay\u0131b. Bildirilib ki, qurumun \u018fdliyy\u0259, g\u00f6mr\u00fck v\u0259 vergi orqanlar\u0131n\u0131n istintaq, t\u0259hqiqat v\u0259 \u0259m\u0259liyyat-axtar\u0131\u015f f\u0259aliyy\u0259tind\u0259 qanunlar\u0131n icras\u0131na n\u0259zar\u0259t idar\u0259sinin r\u0259is m\u00fcavini R\u00f6v\u015f\u0259n Abid o\u011flu Maqsudov, Ba\u015f Prokurorlu\u011funun S\u0259n\u0259dl\u0259rl\u0259 v\u0259 m\u00fcraci\u0259tl\u0259rl\u0259 i\u015fin t\u0259\u015fkili idar\u0259sinin M\u0259xfi\u00e7ilik&hellip;","_links":{"self":[{"href":"https:\/\/arantv.az\/index.php?rest_route=\/wp\/v2\/posts\/740684"}],"collection":[{"href":"https:\/\/arantv.az\/index.php?rest_route=\/wp\/v2\/posts"}],"about":[{"href":"https:\/\/arantv.az\/index.php?rest_route=\/wp\/v2\/types\/post"}],"author":[{"embeddable":true,"href":"https:\/\/arantv.az\/index.php?rest_route=\/wp\/v2\/users\/2"}],"replies":[{"embeddable":true,"href":"https:\/\/arantv.az\/index.php?rest_route=%2Fwp%2Fv2%2Fcomments&post=740684"}],"version-history":[{"count":1,"href":"https:\/\/arantv.az\/index.php?rest_route=\/wp\/v2\/posts\/740684\/revisions"}],"predecessor-version":[{"id":740686,"href":"https:\/\/arantv.az\/index.php?rest_route=\/wp\/v2\/posts\/740684\/revisions\/740686"}],"wp:featuredmedia":[{"embeddable":true,"href":"https:\/\/arantv.az\/index.php?rest_route=\/wp\/v2\/media\/740685"}],"wp:attachment":[{"href":"https:\/\/arantv.az\/index.php?rest_route=%2Fwp%2Fv2%2Fmedia&parent=740684"}],"wp:term":[{"taxonomy":"category","embeddable":true,"href":"https:\/\/arantv.az\/index.php?rest_route=%2Fwp%2Fv2%2Fcategories&post=740684"},{"taxonomy":"post_tag","embeddable":true,"href":"https:\/\/arantv.az\/index.php?rest_route=%2Fwp%2Fv2%2Ftags&post=740684"}],"curies":[{"name":"wp","href":"https:\/\/api.w.org\/{rel}","templated":true}]}}