{"id":740687,"date":"2024-07-29T15:27:35","date_gmt":"2024-07-29T11:27:35","guid":{"rendered":"https:\/\/arantv.az\/?p=740687"},"modified":"2024-07-29T15:27:35","modified_gmt":"2024-07-29T11:27:35","slug":"texniki-universitet%c9%99-rektor-t%c9%99yin-olunan-vilay%c9%99t-v%c9%99liyev-kimdir","status":"publish","type":"post","link":"https:\/\/arantv.az\/?p=740687","title":{"rendered":"Texniki Universitet\u0259 rektor t\u0259yin olunan Vilay\u0259t V\u0259liyev kimdir?"},"content":{"rendered":"<div class=\"post-detail-content-inner resize-area\">\n<p>Prezident\u00a0<strong>\u0130lham \u018fliyevin<\/strong>\u00a0s\u0259r\u0259ncam\u0131 il\u0259 Vilay\u0259t V\u0259liyev Az\u0259rbaycan Texniki Universitetinin rektoru t\u0259yin edilib.<\/p>\n<p><b>ARANTV.AZ <\/b>yeni t\u0259yin olunan rektorun dosyesini t\u0259qdim edir:<\/p>\n<p>Vilay\u0259t M\u0259mm\u0259d o\u011flu V\u0259liyev 1960-c\u0131 il mart\u0131n 28-d\u0259 anadan olub.<\/p>\n<p>O, 1978-ci ild\u0259 Sumqay\u0131t \u015f\u0259h\u0259ri 49 sayl\u0131 texniki-pe\u015f\u0259 m\u0259kt\u0259bini bitirib, 1978-83-c\u00fc ill\u0259rd\u0259 Az\u0259rbaycan D\u00f6vl\u0259t Universitetinin (indiki Bak\u0131 D\u00f6vl\u0259t Universitetinin) T\u0259tbiqi riyaziyyat fak\u00fclt\u0259sind\u0259 t\u0259hsil al\u0131b. 1985-89-cu ill\u0259rd\u0259 Az\u0259rbaycan Elml\u0259r Akademiyas\u0131n\u0131n D\u0259rin Neft v\u0259 Qaz Yataqlar\u0131n\u0131n Probleml\u0259ri \u0130nstitutunun (DNQYP\u0130) aspiranturas\u0131nda t\u0259hsilini davam etdirib.<\/p>\n<p>1990-c\u0131 ild\u0259 namiz\u0259dlik dissertasiyas\u0131n\u0131 m\u00fcdafi\u0259 ed\u0259r\u0259k, &#8220;Neft-qaz yataqlar\u0131n\u0131n i\u015fl\u0259nm\u0259si v\u0259 istismar\u0131&#8221; ixtisas\u0131 \u00fczr\u0259 texnika elml\u0259ri namiz\u0259di elmi d\u0259r\u0259c\u0259si alan Vilay\u0259t V\u0259liyev 1992-94-c\u00fc ill\u0259rd\u0259 AB\u015e-d\u0259 &#8220;Unocal&#8221; v\u0259 &#8220;Pennzoil&#8221; \u015firk\u0259tl\u0259rinin elmi m\u0259rk\u0259zl\u0259rind\u0259 birg\u0259 t\u0259dqiqatlar apar\u0131b. 1994-c\u00fc ild\u0259 AB\u015e-nin Beyn\u0259lxalq Enerji \u0130qtisad\u00e7\u0131lar\u0131 Assosiasiyas\u0131n\u0131n (IAEE) \u00fczv\u00fc, 2017-ci ild\u0259 \u0130dar\u0259 Hey\u0259tinin \u00fczv\u00fc, 2018-ci ild\u0259 regional inki\u015faf m\u0259s\u0259l\u0259l\u0259ri \u00fczr\u0259 vitse-prezidenti se\u00e7ilib.<\/p>\n<p>1995-99-cu ill\u0259rd\u0259 Az\u0259rbaycan Elml\u0259r Akademiyas\u0131n\u0131n D\u0259rin Neft v\u0259 Qaz Yataqlar\u0131n\u0131n Probleml\u0259ri \u0130nstitutunun (DNQYP\u0130) doktoranturas\u0131nda \u0259yani t\u0259hsil alan Vilay\u0259t V\u0259liyev 1999-cu ild\u0259 AB\u015e-nin Oklahoma Universitetind\u0259 (Oklahoma \u015ftat\u0131, Norman \u015f\u0259h\u0259ri) &#8220;T\u0259k m\u0259hsul ixrac\u0131ndan as\u0131l\u0131 ke\u00e7id iqtisadiyyatlar\u0131&#8221; m\u00f6vzusunda t\u0259hsil al\u0131b v\u0259 birg\u0259 t\u0259dqiqatlar apar\u0131b.<\/p>\n<p>2007-ci ild\u0259 Az\u0259rbaycan Milli Elml\u0259r Akademiyas\u0131n\u0131n Kibernetika (indiki \u0130dar\u0259etm\u0259 Sisteml\u0259ri) \u0130nstitutunda dissertasiya i\u015fini m\u00fcdafi\u0259 ed\u0259r\u0259k, &#8220;\u0130qtisadiyyat\u0131n riyazi v\u0259 instrumental \u00fcsullar\u0131&#8221; ixtisas\u0131 \u00fczr\u0259 iqtisad elml\u0259ri doktoru elmi d\u0259r\u0259c\u0259sini al\u0131b.<\/p>\n<p>Vilay\u0259t V\u0259liyev 2000-2004-c\u00fc ill\u0259rd\u0259 Bak\u0131 D\u00f6vl\u0259t Universitetinin Beyn\u0259lxalq h\u00fcquq fak\u00fclt\u0259sind\u0259 (f\u0259rql\u0259nm\u0259 il\u0259) ikinci ali t\u0259hsil al\u0131b.<\/p>\n<p>1983-2009-cu ill\u0259rd\u0259 Az\u0259rbaycan Elml\u0259r Akademiyas\u0131n\u0131n D\u0259rin Neft v\u0259 Qaz Yataqlar\u0131n\u0131n Probleml\u0259ri \u0130nstitutunda (DNQYP\u0130) b\u00f6y\u00fck laborant kimi \u00e7al\u0131\u015faraq, m\u00fch\u0259ndis, b\u00f6y\u00fck m\u00fch\u0259ndis, ki\u00e7ik elmi i\u015f\u00e7i, elmi i\u015f\u00e7i, b\u00f6y\u00fck elmi i\u015f\u00e7i, apar\u0131c\u0131 elmi i\u015f\u00e7i, ba\u015f elmi i\u015f\u00e7i, sektor m\u00fcdiri v\u0259 \u015f\u00f6b\u0259 m\u00fcdiri v\u0259zif\u0259sin\u0259 y\u00fcks\u0259lib.<\/p>\n<p>2003-11-ci ill\u0259rd\u0259 (2009-cu ild\u0259n sonra \u0259v\u0259z\u00e7ilikl\u0259) AMEA-n\u0131n Geologiya \u0130nstitutunda (AMEA-n\u0131n DNQYP\u0130 il\u0259 Geologiya \u0130nstitutu birl\u0259\u015fdikd\u0259n sonra) Neft-Qaz Probleml\u0259rinin \u0130qtisadi T\u0259dqiqi \u015e\u00f6b\u0259sinin m\u00fcdiri i\u015fl\u0259y\u0259n Vilay\u0259t V\u0259liyev 2013-c\u00fc ild\u0259 ekonometriya, iqtisadi statistika ixtisas\u0131 \u00fczr\u0259 professor elmi ad\u0131n\u0131 al\u0131b.<\/p>\n<p>2012-ci ild\u0259n Az\u0259rbaycan Milli Aviasiya Akademiyas\u0131nda yar\u0131m\u015ftat professor v\u0259zif\u0259sind\u0259 \u00e7al\u0131\u015fan Vilay\u0259t V\u0259liyev 2014-c\u00fc ild\u0259 Az\u0259rbaycan Respublikas\u0131 Prezidentinin F\u0259rman\u0131 il\u0259 &#8220;\u018fm\u0259kdar elm xadimi&#8221; f\u0259xri ad\u0131na layiq g\u00f6r\u00fcl\u00fcb.<\/p>\n<p>O, bu t\u0259yinata q\u0259d\u0259r \u0130qtisadiyyat Nazirliyinin \u0130qtisadi \u0130slahatlar Elmi-T\u0259dqiqat \u0130nstitutunun direktoru v\u0259zif\u0259sind\u0259 \u00e7al\u0131\u015f\u0131b.<\/p>\n<p>Vilay\u0259t V\u0259liyev 112 elmi \u0259s\u0259rin, o c\u00fcml\u0259d\u0259n 40-dan art\u0131q xaricd\u0259 \u00e7ap olunmu\u015f \u0259s\u0259rin, h\u0259m\u00e7inin bir monoqrafiya v\u0259 bir d\u0259rsliyin m\u00fc\u0259llifidir. Onun elmi r\u0259hb\u0259rliyi il\u0259 12 elml\u0259r namiz\u0259di (f\u0259ls\u0259f\u0259 doktoru) haz\u0131rlan\u0131b.<\/p>\n<p>O, h\u0259m\u00e7inin, 2019-cu ild\u0259 Az\u0259rbaycan D\u00f6vl\u0259t Texniki Universitetinin rektoru t\u0259yin edilib.<\/p>\n<p>Rus v\u0259 ingilis dill\u0259rini bilir. Ail\u0259lidir, iki \u00f6vlad\u0131 var.<\/p>\n<\/div>\n<div class=\"tag-area tag-area-slide tag-area--slider\">\n<div class=\"swiper swiper-initialized swiper-horizontal swiper-pointer-events swiper-free-mode swiper-watch-progress swiper-backface-hidden\">\n<div id=\"swiper-wrapper-661535496d9fcc7c\" class=\"swiper-wrapper\" aria-live=\"polite\">\n<div class=\"swiper-slide swiper-slide-visible swiper-slide-active\" role=\"group\" aria-label=\"1 \/ 3\"><\/div>\n<div class=\"swiper-slide swiper-slide-visible swiper-slide-next\" role=\"group\" aria-label=\"2 \/ 3\">\n<div class=\"tag-item\"><\/div>\n<\/div>\n<div class=\"swiper-slide swiper-slide-visible\" role=\"group\" aria-label=\"3 \/ 3\">\n<div class=\"tag-item\"><\/div>\n<\/div>\n<\/div>\n<\/div>\n<\/div>\n","protected":false},"excerpt":{"rendered":"<p>Prezident\u00a0\u0130lham \u018fliyevin\u00a0s\u0259r\u0259ncam\u0131 il\u0259 Vilay\u0259t V\u0259liyev Az\u0259rbaycan Texniki Universitetinin rektoru t\u0259yin edilib. ARANTV.AZ yeni t\u0259yin olunan rektorun dosyesini t\u0259qdim edir: Vilay\u0259t M\u0259mm\u0259d o\u011flu V\u0259liyev 1960-c\u0131 il mart\u0131n 28-d\u0259 anadan olub. O, 1978-ci ild\u0259 Sumqay\u0131t \u015f\u0259h\u0259ri 49 sayl\u0131 texniki-pe\u015f\u0259 m\u0259kt\u0259bini bitirib, 1978-83-c\u00fc ill\u0259rd\u0259 Az\u0259rbaycan D\u00f6vl\u0259t Universitetinin (indiki Bak\u0131 D\u00f6vl\u0259t Universitetinin) T\u0259tbiqi riyaziyyat fak\u00fclt\u0259sind\u0259 t\u0259hsil al\u0131b. 1985-89-cu ill\u0259rd\u0259 Az\u0259rbaycan Elml\u0259r Akademiyas\u0131n\u0131n D\u0259rin Neft v\u0259 Qaz Yataqlar\u0131n\u0131n Probleml\u0259ri \u0130nstitutunun (DNQYP\u0130) aspiranturas\u0131nda t\u0259hsilini davam etdirib. 1990-c\u0131 ild\u0259 namiz\u0259dlik dissertasiyas\u0131n\u0131 m\u00fcdafi\u0259 ed\u0259r\u0259k, &#8220;Neft-qaz yataqlar\u0131n\u0131n i\u015fl\u0259nm\u0259si v\u0259 istismar\u0131&#8221; ixtisas\u0131 \u00fczr\u0259 texnika elml\u0259ri namiz\u0259di elmi d\u0259r\u0259c\u0259si alan Vilay\u0259t&hellip;<\/p>\n","protected":false},"author":2,"featured_media":740688,"comment_status":"closed","ping_status":"closed","sticky":false,"template":"","format":"standard","meta":{"om_disable_all_campaigns":false,"_monsterinsights_skip_tracking":false,"_monsterinsights_sitenote_active":false,"_monsterinsights_sitenote_note":"","_monsterinsights_sitenote_category":0},"categories":[4],"tags":[],"aioseo_notices":[],"gutentor_comment":0,"rttpg_featured_image_url":{"full":["https:\/\/arantv.az\/wp-content\/uploads\/2024\/07\/cc4b7f694fb2d82a384660301269c9e8.jpg",800,500,false],"landscape":["https:\/\/arantv.az\/wp-content\/uploads\/2024\/07\/cc4b7f694fb2d82a384660301269c9e8.jpg",800,500,false],"portraits":["https:\/\/arantv.az\/wp-content\/uploads\/2024\/07\/cc4b7f694fb2d82a384660301269c9e8.jpg",800,500,false],"thumbnail":["https:\/\/arantv.az\/wp-content\/uploads\/2024\/07\/cc4b7f694fb2d82a384660301269c9e8-500x280.jpg",500,280,true],"medium":["https:\/\/arantv.az\/wp-content\/uploads\/2024\/07\/cc4b7f694fb2d82a384660301269c9e8-584x365.jpg",584,365,true],"large":["https:\/\/arantv.az\/wp-content\/uploads\/2024\/07\/cc4b7f694fb2d82a384660301269c9e8.jpg",640,400,false],"1536x1536":["https:\/\/arantv.az\/wp-content\/uploads\/2024\/07\/cc4b7f694fb2d82a384660301269c9e8.jpg",800,500,false],"2048x2048":["https:\/\/arantv.az\/wp-content\/uploads\/2024\/07\/cc4b7f694fb2d82a384660301269c9e8.jpg",800,500,false],"post-thumbnail":["https:\/\/arantv.az\/wp-content\/uploads\/2024\/07\/cc4b7f694fb2d82a384660301269c9e8-240x172.jpg",240,172,true],"advps-thumb-one":["https:\/\/arantv.az\/wp-content\/uploads\/2024\/07\/cc4b7f694fb2d82a384660301269c9e8.jpg",800,500,false]},"rttpg_author":{"display_name":"V\u00fcsal Rafiqo\u011flu","author_link":"https:\/\/arantv.az\/?author=2"},"rttpg_comment":0,"rttpg_category":"<a href=\"https:\/\/arantv.az\/?cat=4\" rel=\"category\">Siyas\u0259t<\/a>","rttpg_excerpt":"Prezident\u00a0\u0130lham \u018fliyevin\u00a0s\u0259r\u0259ncam\u0131 il\u0259 Vilay\u0259t V\u0259liyev Az\u0259rbaycan Texniki Universitetinin rektoru t\u0259yin edilib. ARANTV.AZ yeni t\u0259yin olunan rektorun dosyesini t\u0259qdim edir: Vilay\u0259t M\u0259mm\u0259d o\u011flu V\u0259liyev 1960-c\u0131 il mart\u0131n 28-d\u0259 anadan olub. O, 1978-ci ild\u0259 Sumqay\u0131t \u015f\u0259h\u0259ri 49 sayl\u0131 texniki-pe\u015f\u0259 m\u0259kt\u0259bini bitirib, 1978-83-c\u00fc ill\u0259rd\u0259 Az\u0259rbaycan D\u00f6vl\u0259t Universitetinin (indiki Bak\u0131 D\u00f6vl\u0259t Universitetinin) T\u0259tbiqi riyaziyyat fak\u00fclt\u0259sind\u0259 t\u0259hsil al\u0131b. 1985-89-cu ill\u0259rd\u0259&hellip;","_links":{"self":[{"href":"https:\/\/arantv.az\/index.php?rest_route=\/wp\/v2\/posts\/740687"}],"collection":[{"href":"https:\/\/arantv.az\/index.php?rest_route=\/wp\/v2\/posts"}],"about":[{"href":"https:\/\/arantv.az\/index.php?rest_route=\/wp\/v2\/types\/post"}],"author":[{"embeddable":true,"href":"https:\/\/arantv.az\/index.php?rest_route=\/wp\/v2\/users\/2"}],"replies":[{"embeddable":true,"href":"https:\/\/arantv.az\/index.php?rest_route=%2Fwp%2Fv2%2Fcomments&post=740687"}],"version-history":[{"count":1,"href":"https:\/\/arantv.az\/index.php?rest_route=\/wp\/v2\/posts\/740687\/revisions"}],"predecessor-version":[{"id":740689,"href":"https:\/\/arantv.az\/index.php?rest_route=\/wp\/v2\/posts\/740687\/revisions\/740689"}],"wp:featuredmedia":[{"embeddable":true,"href":"https:\/\/arantv.az\/index.php?rest_route=\/wp\/v2\/media\/740688"}],"wp:attachment":[{"href":"https:\/\/arantv.az\/index.php?rest_route=%2Fwp%2Fv2%2Fmedia&parent=740687"}],"wp:term":[{"taxonomy":"category","embeddable":true,"href":"https:\/\/arantv.az\/index.php?rest_route=%2Fwp%2Fv2%2Fcategories&post=740687"},{"taxonomy":"post_tag","embeddable":true,"href":"https:\/\/arantv.az\/index.php?rest_route=%2Fwp%2Fv2%2Ftags&post=740687"}],"curies":[{"name":"wp","href":"https:\/\/api.w.org\/{rel}","templated":true}]}}