{"id":740690,"date":"2024-07-29T15:28:16","date_gmt":"2024-07-29T11:28:16","guid":{"rendered":"https:\/\/arantv.az\/?p=740690"},"modified":"2024-07-29T15:28:16","modified_gmt":"2024-07-29T11:28:16","slug":"az%c9%99rbaycanda-ot%c9%99n-il-yaradilan-n%c9%99zar%c9%99t-xidm%c9%99tinin-%c9%99sasnam%c9%99si-t%c9%99sdiql%c9%99ndi","status":"publish","type":"post","link":"https:\/\/arantv.az\/?p=740690","title":{"rendered":"Az\u0259rbaycanda \u00f6t\u0259n il yarad\u0131lan n\u0259zar\u0259t xidm\u0259tinin \u0259sasnam\u0259si t\u0259sdiql\u0259ndi"},"content":{"rendered":"<p>Prezident\u00a0<strong>\u0130lham \u018fliyev<\/strong>\u00a0&#8220;Az\u0259rbaycan D\u00f6vl\u0259t Su Ehtiyatlar\u0131 Agentliyi yan\u0131nda Sular\u0131n \u0130stifad\u0259sin\u0259 v\u0259 M\u00fchafiz\u0259sin\u0259 D\u00f6vl\u0259t N\u0259zar\u0259ti Xidm\u0259ti haqq\u0131nda \u018fsasnam\u0259&#8221;nin t\u0259sdiq edilm\u0259si bar\u0259d\u0259 F\u0259rman imzalay\u0131b.<\/p>\n<p><a href=\"https:\/\/president.az\/az\/articles\/view\/66580\" target=\"_blank\" rel=\"nofollow noopener\"><strong>President.az<\/strong><\/a>-\u0131n x\u0259b\u0259rin\u0259 g\u00f6r\u0259, f\u0259rmandan ir\u0259li g\u0259l\u0259n m\u0259s\u0259l\u0259l\u0259rin h\u0259lli Nazirl\u0259r Kabinetin\u0259 h\u0259val\u0259 olunub.<\/p>\n<p>Az\u0259rbaycan D\u00f6vl\u0259t Su Ehtiyatlar\u0131 Agentliyi yan\u0131nda Sular\u0131n \u0130stifad\u0259sin\u0259 v\u0259 M\u00fchafiz\u0259sin\u0259 D\u00f6vl\u0259t N\u0259zar\u0259ti Xidm\u0259ti haqq\u0131nda \u018fsasnam\u0259 il\u0259 bu\u00a0<a href=\"https:\/\/president.az\/az\/articles\/view\/66581\" target=\"_blank\" rel=\"nofollow noopener\"><strong>ke\u00e7id<\/strong><\/a>d\u0259n tan\u0131\u015f ola bil\u0259rsiniz.<\/p>\n<p>Xat\u0131rladaq ki, Sular\u0131n \u0130stifad\u0259sin\u0259 v\u0259 M\u00fchafiz\u0259sin\u0259 D\u00f6vl\u0259t N\u0259zar\u0259ti Xidm\u0259ti 2023-c\u00fc il noyabr\u0131n 17-d\u0259\u00a0<strong><a href=\"https:\/\/oxu.az\/siyaset\/sularin-istifadesine-ve-muhafizesine-dovlet-nezareti-xidmeti-yaradilib\" target=\"_blank\" rel=\"noopener\">yarad\u0131l\u0131b<\/a><\/strong>.<\/p>\n","protected":false},"excerpt":{"rendered":"<p>Prezident\u00a0\u0130lham \u018fliyev\u00a0&#8220;Az\u0259rbaycan D\u00f6vl\u0259t Su Ehtiyatlar\u0131 Agentliyi yan\u0131nda Sular\u0131n \u0130stifad\u0259sin\u0259 v\u0259 M\u00fchafiz\u0259sin\u0259 D\u00f6vl\u0259t N\u0259zar\u0259ti Xidm\u0259ti haqq\u0131nda \u018fsasnam\u0259&#8221;nin t\u0259sdiq edilm\u0259si bar\u0259d\u0259 F\u0259rman imzalay\u0131b. President.az-\u0131n x\u0259b\u0259rin\u0259 g\u00f6r\u0259, f\u0259rmandan ir\u0259li g\u0259l\u0259n m\u0259s\u0259l\u0259l\u0259rin h\u0259lli Nazirl\u0259r Kabinetin\u0259 h\u0259val\u0259 olunub. Az\u0259rbaycan D\u00f6vl\u0259t Su Ehtiyatlar\u0131 Agentliyi yan\u0131nda Sular\u0131n \u0130stifad\u0259sin\u0259 v\u0259 M\u00fchafiz\u0259sin\u0259 D\u00f6vl\u0259t N\u0259zar\u0259ti Xidm\u0259ti haqq\u0131nda \u018fsasnam\u0259 il\u0259 bu\u00a0ke\u00e7idd\u0259n tan\u0131\u015f ola bil\u0259rsiniz. Xat\u0131rladaq ki, Sular\u0131n \u0130stifad\u0259sin\u0259 v\u0259 M\u00fchafiz\u0259sin\u0259 D\u00f6vl\u0259t N\u0259zar\u0259ti Xidm\u0259ti 2023-c\u00fc il noyabr\u0131n 17-d\u0259\u00a0yarad\u0131l\u0131b.<\/p>\n","protected":false},"author":2,"featured_media":740691,"comment_status":"closed","ping_status":"closed","sticky":false,"template":"","format":"standard","meta":{"om_disable_all_campaigns":false,"_monsterinsights_skip_tracking":false,"_monsterinsights_sitenote_active":false,"_monsterinsights_sitenote_note":"","_monsterinsights_sitenote_category":0},"categories":[4],"tags":[],"aioseo_notices":[],"gutentor_comment":0,"rttpg_featured_image_url":{"full":["https:\/\/arantv.az\/wp-content\/uploads\/2024\/07\/155aa97884b2830aed89a7db470317c5.jpg",850,500,false],"landscape":["https:\/\/arantv.az\/wp-content\/uploads\/2024\/07\/155aa97884b2830aed89a7db470317c5.jpg",850,500,false],"portraits":["https:\/\/arantv.az\/wp-content\/uploads\/2024\/07\/155aa97884b2830aed89a7db470317c5.jpg",850,500,false],"thumbnail":["https:\/\/arantv.az\/wp-content\/uploads\/2024\/07\/155aa97884b2830aed89a7db470317c5-500x280.jpg",500,280,true],"medium":["https:\/\/arantv.az\/wp-content\/uploads\/2024\/07\/155aa97884b2830aed89a7db470317c5-621x365.jpg",621,365,true],"large":["https:\/\/arantv.az\/wp-content\/uploads\/2024\/07\/155aa97884b2830aed89a7db470317c5-840x494.jpg",640,376,true],"1536x1536":["https:\/\/arantv.az\/wp-content\/uploads\/2024\/07\/155aa97884b2830aed89a7db470317c5.jpg",850,500,false],"2048x2048":["https:\/\/arantv.az\/wp-content\/uploads\/2024\/07\/155aa97884b2830aed89a7db470317c5.jpg",850,500,false],"post-thumbnail":["https:\/\/arantv.az\/wp-content\/uploads\/2024\/07\/155aa97884b2830aed89a7db470317c5-240x172.jpg",240,172,true],"advps-thumb-one":["https:\/\/arantv.az\/wp-content\/uploads\/2024\/07\/155aa97884b2830aed89a7db470317c5.jpg",850,500,false]},"rttpg_author":{"display_name":"V\u00fcsal Rafiqo\u011flu","author_link":"https:\/\/arantv.az\/?author=2"},"rttpg_comment":0,"rttpg_category":"<a href=\"https:\/\/arantv.az\/?cat=4\" rel=\"category\">Siyas\u0259t<\/a>","rttpg_excerpt":"Prezident\u00a0\u0130lham \u018fliyev\u00a0&#8220;Az\u0259rbaycan D\u00f6vl\u0259t Su Ehtiyatlar\u0131 Agentliyi yan\u0131nda Sular\u0131n \u0130stifad\u0259sin\u0259 v\u0259 M\u00fchafiz\u0259sin\u0259 D\u00f6vl\u0259t N\u0259zar\u0259ti Xidm\u0259ti haqq\u0131nda \u018fsasnam\u0259&#8221;nin t\u0259sdiq edilm\u0259si bar\u0259d\u0259 F\u0259rman imzalay\u0131b. President.az-\u0131n x\u0259b\u0259rin\u0259 g\u00f6r\u0259, f\u0259rmandan ir\u0259li g\u0259l\u0259n m\u0259s\u0259l\u0259l\u0259rin h\u0259lli Nazirl\u0259r Kabinetin\u0259 h\u0259val\u0259 olunub. Az\u0259rbaycan D\u00f6vl\u0259t Su Ehtiyatlar\u0131 Agentliyi yan\u0131nda Sular\u0131n \u0130stifad\u0259sin\u0259 v\u0259 M\u00fchafiz\u0259sin\u0259 D\u00f6vl\u0259t N\u0259zar\u0259ti Xidm\u0259ti haqq\u0131nda \u018fsasnam\u0259 il\u0259 bu\u00a0ke\u00e7idd\u0259n tan\u0131\u015f ola bil\u0259rsiniz. Xat\u0131rladaq ki,&hellip;","_links":{"self":[{"href":"https:\/\/arantv.az\/index.php?rest_route=\/wp\/v2\/posts\/740690"}],"collection":[{"href":"https:\/\/arantv.az\/index.php?rest_route=\/wp\/v2\/posts"}],"about":[{"href":"https:\/\/arantv.az\/index.php?rest_route=\/wp\/v2\/types\/post"}],"author":[{"embeddable":true,"href":"https:\/\/arantv.az\/index.php?rest_route=\/wp\/v2\/users\/2"}],"replies":[{"embeddable":true,"href":"https:\/\/arantv.az\/index.php?rest_route=%2Fwp%2Fv2%2Fcomments&post=740690"}],"version-history":[{"count":1,"href":"https:\/\/arantv.az\/index.php?rest_route=\/wp\/v2\/posts\/740690\/revisions"}],"predecessor-version":[{"id":740692,"href":"https:\/\/arantv.az\/index.php?rest_route=\/wp\/v2\/posts\/740690\/revisions\/740692"}],"wp:featuredmedia":[{"embeddable":true,"href":"https:\/\/arantv.az\/index.php?rest_route=\/wp\/v2\/media\/740691"}],"wp:attachment":[{"href":"https:\/\/arantv.az\/index.php?rest_route=%2Fwp%2Fv2%2Fmedia&parent=740690"}],"wp:term":[{"taxonomy":"category","embeddable":true,"href":"https:\/\/arantv.az\/index.php?rest_route=%2Fwp%2Fv2%2Fcategories&post=740690"},{"taxonomy":"post_tag","embeddable":true,"href":"https:\/\/arantv.az\/index.php?rest_route=%2Fwp%2Fv2%2Ftags&post=740690"}],"curies":[{"name":"wp","href":"https:\/\/api.w.org\/{rel}","templated":true}]}}