{"id":740693,"date":"2024-07-29T15:29:08","date_gmt":"2024-07-29T11:29:08","guid":{"rendered":"https:\/\/arantv.az\/?p=740693"},"modified":"2024-07-29T15:29:08","modified_gmt":"2024-07-29T11:29:08","slug":"az%c9%99rbaycan-dovl%c9%99t-su-ehtiyatlari-agentliyi-haqqinda-%c9%99sasnam%c9%99y%c9%99-d%c9%99yisiklik-edildi","status":"publish","type":"post","link":"https:\/\/arantv.az\/?p=740693","title":{"rendered":"&#8220;Az\u0259rbaycan D\u00f6vl\u0259t Su Ehtiyatlar\u0131 Agentliyi haqq\u0131nda \u018fsasnam\u0259&#8221;y\u0259 d\u0259yi\u015fiklik edildi"},"content":{"rendered":"<p>Prezident\u00a0<strong>\u0130lham \u018fliyev<\/strong>\u00a0Az\u0259rbaycan Respublikas\u0131 Prezidentinin 2023-c\u00fc il 17 noyabr tarixli 2356 n\u00f6mr\u0259li F\u0259rman\u0131 il\u0259 t\u0259sdiq edilmi\u015f &#8220;Az\u0259rbaycan D\u00f6vl\u0259t Su Ehtiyatlar\u0131 Agentliyi haqq\u0131nda \u018fsasnam\u0259&#8221;d\u0259 d\u0259yi\u015fiklik edilm\u0259si bar\u0259d\u0259 F\u0259rman imzalay\u0131b.<\/p>\n<p><a href=\"https:\/\/president.az\/az\/articles\/view\/66579\" target=\"_blank\" rel=\"nofollow noopener\"><strong>President.az<\/strong><\/a>-\u0131n x\u0259b\u0259rin\u0259 g\u00f6r\u0259, \u0259sasnam\u0259y\u0259 a\u015fa\u011f\u0131dak\u0131 d\u0259yi\u015fiklikl\u0259r edilir:<\/p>\n<p>&#8220;1. 3.1.4-c\u00fc, 3.1.24-c\u00fc, 3.1.38-3.1.40-c\u0131, 3.1.43-3.1.45-ci, 3.1.51-ci, 3.1.53-c\u00fc, 3.1.54-c\u00fc v\u0259 3.1.57-ci yar\u0131mb\u0259ndl\u0259rd\u0259n &#8220;tabeliyind\u0259ki qurum vasit\u0259sil\u0259&#8221; s\u00f6zl\u0259ri \u00e7\u0131xar\u0131ls\u0131n.<\/p>\n<p>2._3.1.42-ci, 3.1.48-ci, 3.1.49-cu, 3.1.52-ci v\u0259 3.1.55-ci yar\u0131mb\u0259ndl\u0259rd\u0259n &#8220;strukturuna daxil olan qurum vasit\u0259sil\u0259&#8221; s\u00f6zl\u0259ri \u00e7\u0131xar\u0131ls\u0131n&#8221;.<\/p>\n<p>Qeyd ed\u0259k ki, d\u0259yi\u015fiklikl\u0259rin edildiyi 3-c\u00fc madd\u0259 agentliyin v\u0259zif\u0259l\u0259rini ehtiva edir.<\/p>\n","protected":false},"excerpt":{"rendered":"<p>Prezident\u00a0\u0130lham \u018fliyev\u00a0Az\u0259rbaycan Respublikas\u0131 Prezidentinin 2023-c\u00fc il 17 noyabr tarixli 2356 n\u00f6mr\u0259li F\u0259rman\u0131 il\u0259 t\u0259sdiq edilmi\u015f &#8220;Az\u0259rbaycan D\u00f6vl\u0259t Su Ehtiyatlar\u0131 Agentliyi haqq\u0131nda \u018fsasnam\u0259&#8221;d\u0259 d\u0259yi\u015fiklik edilm\u0259si bar\u0259d\u0259 F\u0259rman imzalay\u0131b. President.az-\u0131n x\u0259b\u0259rin\u0259 g\u00f6r\u0259, \u0259sasnam\u0259y\u0259 a\u015fa\u011f\u0131dak\u0131 d\u0259yi\u015fiklikl\u0259r edilir: &#8220;1. 3.1.4-c\u00fc, 3.1.24-c\u00fc, 3.1.38-3.1.40-c\u0131, 3.1.43-3.1.45-ci, 3.1.51-ci, 3.1.53-c\u00fc, 3.1.54-c\u00fc v\u0259 3.1.57-ci yar\u0131mb\u0259ndl\u0259rd\u0259n &#8220;tabeliyind\u0259ki qurum vasit\u0259sil\u0259&#8221; s\u00f6zl\u0259ri \u00e7\u0131xar\u0131ls\u0131n. 2._3.1.42-ci, 3.1.48-ci, 3.1.49-cu, 3.1.52-ci v\u0259 3.1.55-ci yar\u0131mb\u0259ndl\u0259rd\u0259n &#8220;strukturuna daxil olan qurum vasit\u0259sil\u0259&#8221; s\u00f6zl\u0259ri \u00e7\u0131xar\u0131ls\u0131n&#8221;. Qeyd ed\u0259k ki, d\u0259yi\u015fiklikl\u0259rin edildiyi 3-c\u00fc madd\u0259 agentliyin v\u0259zif\u0259l\u0259rini ehtiva edir.<\/p>\n","protected":false},"author":2,"featured_media":740694,"comment_status":"closed","ping_status":"closed","sticky":false,"template":"","format":"standard","meta":{"om_disable_all_campaigns":false,"_monsterinsights_skip_tracking":false,"_monsterinsights_sitenote_active":false,"_monsterinsights_sitenote_note":"","_monsterinsights_sitenote_category":0},"categories":[4],"tags":[],"aioseo_notices":[],"gutentor_comment":0,"rttpg_featured_image_url":{"full":["https:\/\/arantv.az\/wp-content\/uploads\/2024\/07\/68a558f25ce2d68aedff382c1ea86386.jpg",850,500,false],"landscape":["https:\/\/arantv.az\/wp-content\/uploads\/2024\/07\/68a558f25ce2d68aedff382c1ea86386.jpg",850,500,false],"portraits":["https:\/\/arantv.az\/wp-content\/uploads\/2024\/07\/68a558f25ce2d68aedff382c1ea86386.jpg",850,500,false],"thumbnail":["https:\/\/arantv.az\/wp-content\/uploads\/2024\/07\/68a558f25ce2d68aedff382c1ea86386-500x280.jpg",500,280,true],"medium":["https:\/\/arantv.az\/wp-content\/uploads\/2024\/07\/68a558f25ce2d68aedff382c1ea86386-621x365.jpg",621,365,true],"large":["https:\/\/arantv.az\/wp-content\/uploads\/2024\/07\/68a558f25ce2d68aedff382c1ea86386-840x494.jpg",640,376,true],"1536x1536":["https:\/\/arantv.az\/wp-content\/uploads\/2024\/07\/68a558f25ce2d68aedff382c1ea86386.jpg",850,500,false],"2048x2048":["https:\/\/arantv.az\/wp-content\/uploads\/2024\/07\/68a558f25ce2d68aedff382c1ea86386.jpg",850,500,false],"post-thumbnail":["https:\/\/arantv.az\/wp-content\/uploads\/2024\/07\/68a558f25ce2d68aedff382c1ea86386-240x172.jpg",240,172,true],"advps-thumb-one":["https:\/\/arantv.az\/wp-content\/uploads\/2024\/07\/68a558f25ce2d68aedff382c1ea86386.jpg",850,500,false]},"rttpg_author":{"display_name":"V\u00fcsal Rafiqo\u011flu","author_link":"https:\/\/arantv.az\/?author=2"},"rttpg_comment":0,"rttpg_category":"<a href=\"https:\/\/arantv.az\/?cat=4\" rel=\"category\">Siyas\u0259t<\/a>","rttpg_excerpt":"Prezident\u00a0\u0130lham \u018fliyev\u00a0Az\u0259rbaycan Respublikas\u0131 Prezidentinin 2023-c\u00fc il 17 noyabr tarixli 2356 n\u00f6mr\u0259li F\u0259rman\u0131 il\u0259 t\u0259sdiq edilmi\u015f &#8220;Az\u0259rbaycan D\u00f6vl\u0259t Su Ehtiyatlar\u0131 Agentliyi haqq\u0131nda \u018fsasnam\u0259&#8221;d\u0259 d\u0259yi\u015fiklik edilm\u0259si bar\u0259d\u0259 F\u0259rman imzalay\u0131b. President.az-\u0131n x\u0259b\u0259rin\u0259 g\u00f6r\u0259, \u0259sasnam\u0259y\u0259 a\u015fa\u011f\u0131dak\u0131 d\u0259yi\u015fiklikl\u0259r edilir: &#8220;1. 3.1.4-c\u00fc, 3.1.24-c\u00fc, 3.1.38-3.1.40-c\u0131, 3.1.43-3.1.45-ci, 3.1.51-ci, 3.1.53-c\u00fc, 3.1.54-c\u00fc v\u0259 3.1.57-ci yar\u0131mb\u0259ndl\u0259rd\u0259n &#8220;tabeliyind\u0259ki qurum vasit\u0259sil\u0259&#8221; s\u00f6zl\u0259ri \u00e7\u0131xar\u0131ls\u0131n. 2._3.1.42-ci, 3.1.48-ci, 3.1.49-cu, 3.1.52-ci v\u0259&hellip;","_links":{"self":[{"href":"https:\/\/arantv.az\/index.php?rest_route=\/wp\/v2\/posts\/740693"}],"collection":[{"href":"https:\/\/arantv.az\/index.php?rest_route=\/wp\/v2\/posts"}],"about":[{"href":"https:\/\/arantv.az\/index.php?rest_route=\/wp\/v2\/types\/post"}],"author":[{"embeddable":true,"href":"https:\/\/arantv.az\/index.php?rest_route=\/wp\/v2\/users\/2"}],"replies":[{"embeddable":true,"href":"https:\/\/arantv.az\/index.php?rest_route=%2Fwp%2Fv2%2Fcomments&post=740693"}],"version-history":[{"count":1,"href":"https:\/\/arantv.az\/index.php?rest_route=\/wp\/v2\/posts\/740693\/revisions"}],"predecessor-version":[{"id":740695,"href":"https:\/\/arantv.az\/index.php?rest_route=\/wp\/v2\/posts\/740693\/revisions\/740695"}],"wp:featuredmedia":[{"embeddable":true,"href":"https:\/\/arantv.az\/index.php?rest_route=\/wp\/v2\/media\/740694"}],"wp:attachment":[{"href":"https:\/\/arantv.az\/index.php?rest_route=%2Fwp%2Fv2%2Fmedia&parent=740693"}],"wp:term":[{"taxonomy":"category","embeddable":true,"href":"https:\/\/arantv.az\/index.php?rest_route=%2Fwp%2Fv2%2Fcategories&post=740693"},{"taxonomy":"post_tag","embeddable":true,"href":"https:\/\/arantv.az\/index.php?rest_route=%2Fwp%2Fv2%2Ftags&post=740693"}],"curies":[{"name":"wp","href":"https:\/\/api.w.org\/{rel}","templated":true}]}}