{"id":741293,"date":"2024-07-31T19:54:27","date_gmt":"2024-07-31T15:54:27","guid":{"rendered":"https:\/\/arantv.az\/?p=741293"},"modified":"2024-07-31T19:54:27","modified_gmt":"2024-07-31T15:54:27","slug":"london-taksil%c9%99rinin-bakidaki-q%c9%99bristanligi-ayna-dan-aciqlama","status":"publish","type":"post","link":"https:\/\/arantv.az\/?p=741293","title":{"rendered":"&#8220;London&#8221; taksil\u0259rinin Bak\u0131dak\u0131 q\u0259bristanl\u0131\u011f\u0131: AYNA-dan A\u00c7IQLAMA"},"content":{"rendered":"<div class=\"text-content\" data-id=\"\" data-url=\"\">\n<p><strong>R\u0259q\u0259msal \u0130nki\u015faf v\u0259 N\u0259qliyyat Nazirliyi yan\u0131nda Az\u0259rbaycan Yer\u00fcst\u00fc N\u0259qliyyat Agentliyi (AYNA) son g\u00fcnl\u0259r sosial mediada &#8220;London&#8221; taksil\u0259rinin k\u00fctl\u0259vi \u015f\u0259kild\u0259 istismardan \u00e7\u0131xar\u0131lmas\u0131 il\u0259 ba\u011fl\u0131 yay\u0131lan fikirl\u0259r\u0259 m\u00fcnasib\u0259t bildirib.<\/strong><\/p>\n<p>AYNA-dan &#8220;APA-Economics&#8221;in sor\u011fusuna cavab olaraq deyilib ki, \u00f6lk\u0259d\u0259 taksi minik avtomobill\u0259ri park\u0131n\u0131n yenil\u0259nm\u0259si, elektrikl\u0259 i\u015fl\u0259y\u0259n, ekoloji c\u0259h\u0259td\u0259n t\u0259miz v\u0259 smart texnologiyalar\u0131n geni\u015f t\u0259tbiq edildiyi taksil\u0259rin istismar\u0131 prioritet istiqam\u0259t kimi m\u00fc\u0259yy\u0259n edilib.<\/p>\n<p><strong>&#8220;\u201cLEVC TX4\u201d London taksil\u0259rinin \u0259ks\u0259riyy\u0259tinin istismar m\u00fcdd\u0259ti ba\u015fa \u00e7at\u0131b. \u0130stismar m\u00fcdd\u0259ti ba\u015fa \u00e7atan avtomobill\u0259rl\u0259 ba\u011fl\u0131 qanunvericiliyin t\u0259l\u0259bl\u0259rin\u0259 \u0259sas\u0259n t\u0259dbir g\u00f6r\u00fcl\u0259c\u0259k.<\/strong><\/p>\n<p>\u0130stismar m\u00fcdd\u0259ti bitm\u0259y\u0259n, b\u0259rpas\u0131 m\u00fcmk\u00fcn olan v\u0259 m\u00f6vcud t\u0259l\u0259bl\u0259r\u0259 cavab ver\u0259n n\u0259qliyyat vasit\u0259l\u0259ri is\u0259 m\u0259rh\u0259l\u0259li \u015f\u0259kild\u0259 t\u0259mir olunaraq x\u0259tt\u0259 burax\u0131l\u0131r&#8221;, &#8211; dey\u0259 a\u00e7\u0131qlamada qeyd olunub.<\/p>\n<p>Qeyd ed\u0259k ki, 2011-ci ild\u0259 Az\u0259rbaycana g\u0259tiril\u0259n &#8220;London&#8221; taksil\u0259ri L\u00f6kbatan q\u0259s\u0259b\u0259sind\u0259ki qarajda toplan\u0131l\u0131r. Bu avtomobill\u0259rin tamamil\u0259 yarars\u0131z hala d\u00fc\u015fm\u0259sil\u0259 ba\u011fl\u0131 fotolar bir ne\u00e7\u0259 g\u00fcnd\u00fcr sosial medialarda yay\u0131l\u0131b.<\/p>\n<p><img loading=\"lazy\" src=\"https:\/\/cdn.musavat.com\/news\/thumbnails\/a78caabd331e00337c4cbd354b124763.jpg\" alt=\"27854df5-01d1-4c6e-92a6-d854524ffabd.jpeg (118 KB)\" width=\"768\" height=\"960\" \/><\/p>\n<\/div>\n<div><\/div>\n<div><\/div>\n<div class=\"inner-social-box\">\n<div class=\"subs-in-social subs-whatsapp\"><\/div>\n<\/div>\n","protected":false},"excerpt":{"rendered":"<p>R\u0259q\u0259msal \u0130nki\u015faf v\u0259 N\u0259qliyyat Nazirliyi yan\u0131nda Az\u0259rbaycan Yer\u00fcst\u00fc N\u0259qliyyat Agentliyi (AYNA) son g\u00fcnl\u0259r sosial mediada &#8220;London&#8221; taksil\u0259rinin k\u00fctl\u0259vi \u015f\u0259kild\u0259 istismardan \u00e7\u0131xar\u0131lmas\u0131 il\u0259 ba\u011fl\u0131 yay\u0131lan fikirl\u0259r\u0259 m\u00fcnasib\u0259t bildirib. AYNA-dan &#8220;APA-Economics&#8221;in sor\u011fusuna cavab olaraq deyilib ki, \u00f6lk\u0259d\u0259 taksi minik avtomobill\u0259ri park\u0131n\u0131n yenil\u0259nm\u0259si, elektrikl\u0259 i\u015fl\u0259y\u0259n, ekoloji c\u0259h\u0259td\u0259n t\u0259miz v\u0259 smart texnologiyalar\u0131n geni\u015f t\u0259tbiq edildiyi taksil\u0259rin istismar\u0131 prioritet istiqam\u0259t kimi m\u00fc\u0259yy\u0259n edilib. &#8220;\u201cLEVC TX4\u201d London taksil\u0259rinin \u0259ks\u0259riyy\u0259tinin istismar m\u00fcdd\u0259ti ba\u015fa \u00e7at\u0131b. \u0130stismar m\u00fcdd\u0259ti ba\u015fa \u00e7atan avtomobill\u0259rl\u0259 ba\u011fl\u0131 qanunvericiliyin t\u0259l\u0259bl\u0259rin\u0259 \u0259sas\u0259n t\u0259dbir g\u00f6r\u00fcl\u0259c\u0259k. \u0130stismar m\u00fcdd\u0259ti bitm\u0259y\u0259n, b\u0259rpas\u0131 m\u00fcmk\u00fcn olan v\u0259 m\u00f6vcud t\u0259l\u0259bl\u0259r\u0259 cavab ver\u0259n n\u0259qliyyat&hellip;<\/p>\n","protected":false},"author":2,"featured_media":741294,"comment_status":"closed","ping_status":"closed","sticky":false,"template":"","format":"standard","meta":{"om_disable_all_campaigns":false,"_monsterinsights_skip_tracking":false,"_monsterinsights_sitenote_active":false,"_monsterinsights_sitenote_note":"","_monsterinsights_sitenote_category":0},"categories":[1],"tags":[],"aioseo_notices":[],"gutentor_comment":0,"rttpg_featured_image_url":{"full":["https:\/\/arantv.az\/wp-content\/uploads\/2024\/07\/32fe7ca5f7b509a9e87f2de997df20af.jpg",768,500,false],"landscape":["https:\/\/arantv.az\/wp-content\/uploads\/2024\/07\/32fe7ca5f7b509a9e87f2de997df20af.jpg",768,500,false],"portraits":["https:\/\/arantv.az\/wp-content\/uploads\/2024\/07\/32fe7ca5f7b509a9e87f2de997df20af.jpg",768,500,false],"thumbnail":["https:\/\/arantv.az\/wp-content\/uploads\/2024\/07\/32fe7ca5f7b509a9e87f2de997df20af-500x280.jpg",500,280,true],"medium":["https:\/\/arantv.az\/wp-content\/uploads\/2024\/07\/32fe7ca5f7b509a9e87f2de997df20af-561x365.jpg",561,365,true],"large":["https:\/\/arantv.az\/wp-content\/uploads\/2024\/07\/32fe7ca5f7b509a9e87f2de997df20af.jpg",640,417,false],"1536x1536":["https:\/\/arantv.az\/wp-content\/uploads\/2024\/07\/32fe7ca5f7b509a9e87f2de997df20af.jpg",768,500,false],"2048x2048":["https:\/\/arantv.az\/wp-content\/uploads\/2024\/07\/32fe7ca5f7b509a9e87f2de997df20af.jpg",768,500,false],"post-thumbnail":["https:\/\/arantv.az\/wp-content\/uploads\/2024\/07\/32fe7ca5f7b509a9e87f2de997df20af-240x172.jpg",240,172,true],"advps-thumb-one":["https:\/\/arantv.az\/wp-content\/uploads\/2024\/07\/32fe7ca5f7b509a9e87f2de997df20af.jpg",768,500,false]},"rttpg_author":{"display_name":"V\u00fcsal Rafiqo\u011flu","author_link":"https:\/\/arantv.az\/?author=2"},"rttpg_comment":0,"rttpg_category":"<a href=\"https:\/\/arantv.az\/?cat=1\" rel=\"category\">C\u0259miyy\u0259t<\/a>","rttpg_excerpt":"R\u0259q\u0259msal \u0130nki\u015faf v\u0259 N\u0259qliyyat Nazirliyi yan\u0131nda Az\u0259rbaycan Yer\u00fcst\u00fc N\u0259qliyyat Agentliyi (AYNA) son g\u00fcnl\u0259r sosial mediada &#8220;London&#8221; taksil\u0259rinin k\u00fctl\u0259vi \u015f\u0259kild\u0259 istismardan \u00e7\u0131xar\u0131lmas\u0131 il\u0259 ba\u011fl\u0131 yay\u0131lan fikirl\u0259r\u0259 m\u00fcnasib\u0259t bildirib. AYNA-dan &#8220;APA-Economics&#8221;in sor\u011fusuna cavab olaraq deyilib ki, \u00f6lk\u0259d\u0259 taksi minik avtomobill\u0259ri park\u0131n\u0131n yenil\u0259nm\u0259si, elektrikl\u0259 i\u015fl\u0259y\u0259n, ekoloji c\u0259h\u0259td\u0259n t\u0259miz v\u0259 smart texnologiyalar\u0131n geni\u015f t\u0259tbiq edildiyi taksil\u0259rin istismar\u0131 prioritet istiqam\u0259t&hellip;","_links":{"self":[{"href":"https:\/\/arantv.az\/index.php?rest_route=\/wp\/v2\/posts\/741293"}],"collection":[{"href":"https:\/\/arantv.az\/index.php?rest_route=\/wp\/v2\/posts"}],"about":[{"href":"https:\/\/arantv.az\/index.php?rest_route=\/wp\/v2\/types\/post"}],"author":[{"embeddable":true,"href":"https:\/\/arantv.az\/index.php?rest_route=\/wp\/v2\/users\/2"}],"replies":[{"embeddable":true,"href":"https:\/\/arantv.az\/index.php?rest_route=%2Fwp%2Fv2%2Fcomments&post=741293"}],"version-history":[{"count":1,"href":"https:\/\/arantv.az\/index.php?rest_route=\/wp\/v2\/posts\/741293\/revisions"}],"predecessor-version":[{"id":741295,"href":"https:\/\/arantv.az\/index.php?rest_route=\/wp\/v2\/posts\/741293\/revisions\/741295"}],"wp:featuredmedia":[{"embeddable":true,"href":"https:\/\/arantv.az\/index.php?rest_route=\/wp\/v2\/media\/741294"}],"wp:attachment":[{"href":"https:\/\/arantv.az\/index.php?rest_route=%2Fwp%2Fv2%2Fmedia&parent=741293"}],"wp:term":[{"taxonomy":"category","embeddable":true,"href":"https:\/\/arantv.az\/index.php?rest_route=%2Fwp%2Fv2%2Fcategories&post=741293"},{"taxonomy":"post_tag","embeddable":true,"href":"https:\/\/arantv.az\/index.php?rest_route=%2Fwp%2Fv2%2Ftags&post=741293"}],"curies":[{"name":"wp","href":"https:\/\/api.w.org\/{rel}","templated":true}]}}