{"id":741309,"date":"2024-07-31T20:00:44","date_gmt":"2024-07-31T16:00:44","guid":{"rendered":"https:\/\/arantv.az\/?p=741309"},"modified":"2024-07-31T20:00:44","modified_gmt":"2024-07-31T16:00:44","slug":"havanin-orta-coxillik-temperaturunda-yuks%c9%99lm%c9%99-musahid%c9%99-olunur","status":"publish","type":"post","link":"https:\/\/arantv.az\/?p=741309","title":{"rendered":"Havan\u0131n orta \u00e7oxillik temperaturunda y\u00fcks\u0259lm\u0259 m\u00fc\u015fahid\u0259 olunur"},"content":{"rendered":"<p>Qlobal iqlim d\u0259yi\u015fm\u0259sinin \u0259sas s\u0259b\u0259bl\u0259rind\u0259n biri d\u0259 antropogen f\u0259aliyy\u0259t zaman\u0131 istixana effekti yaradan qazlar\u0131n emissiyas\u0131n\u0131n \u00e7ox olmas\u0131d\u0131r ki, bu da \u00f6z n\u00f6vb\u0259sind\u0259 temperaturun y\u00fcks\u0259lm\u0259sin\u0259 s\u0259b\u0259b olur. \u00d6lk\u0259mizd\u0259 d\u0259 havan\u0131n temperaturu y\u00fcks\u0259l\u0259n x\u0259tt \u00fczr\u0259 davam edir.<\/p>\n<p><a class=\"azertac-link\" href=\"https:\/\/azertag.az\/\" target=\"_blank\" rel=\"noopener\">AZ\u018fRTAC<\/a>\u00a0x\u0259b\u0259r verir bunu Milli Hidrometeorologiya Xidm\u0259tinin r\u0259isi Nazim Mahmudov bildirib.<\/p>\n<p>O qeyd edib ki, Milli Hidrometeorologiya Xidm\u0259tinin hidrometeoroloji stansiya \u015f\u0259b\u0259k\u0259l\u0259rinin m\u0259lumatlar\u0131na \u0259sas\u0259n son ill\u0259r havan\u0131n orta \u00e7oxillik temperaturunun artd\u0131\u011f\u0131n\u0131 dem\u0259k m\u00fcmk\u00fcnd\u00fcr: \u201c2007-ci ild\u0259n 2023-c\u00fc il\u0259 q\u0259d\u0259r apar\u0131lan hidrometeoroloji m\u00fc\u015fahid\u0259l\u0259r \u0259sas\u0131nda dey\u0259 bil\u0259rik ki, \u00f6lk\u0259mizd\u0259 havan\u0131n orta \u00e7oxillik temperaturu 1.3\u00b0 normadan y\u00fcks\u0259k olub\u201d.<\/p>\n<p>Xidm\u0259t r\u0259isinin s\u00f6zl\u0259rin\u0259 g\u00f6r\u0259, son 50 il \u0259rzind\u0259 respublika \u00fczr\u0259 \u0259n isti g\u00fcn 2000-ci il avqustun 2-d\u0259 Nax\u00e7\u0131van\u0131n Culfa v\u0259 Ordubad rayonlar\u0131nda 46\u00b0, Bak\u0131 v\u0259 Ab\u015feron yar\u0131madas\u0131nda is\u0259 2018-ci il iyulun 1-d\u0259 Ma\u015fta\u011fada 44.5\u00b0, Bak\u0131da 42.7\u00b0 qeyd\u0259 al\u0131n\u0131b.<\/p>\n<p>Son 50 il \u0259rzind\u0259 \u0259n soyuq g\u00fcnl\u0259r is\u0259 \u00f6lk\u0259 \u00fczr\u0259 2002-ci il dekabr\u0131n 28-d\u0259 Nax\u00e7\u0131van \u015f\u0259h\u0259rind\u0259 30\u00b0 \u015faxta, Bak\u0131 v\u0259 Ab\u015feron yar\u0131madas\u0131nda 2012-ci il fevral\u0131n 8-d\u0259 11\u00b0 \u015faxta m\u00fc\u015fahid\u0259 olunub\u201d.<\/p>\n<p>N.Mahmudov onu da qeyd edib ki, son d\u00f6vrl\u0259rd\u0259 t\u0259hl\u00fck\u0259li atmosfer hadis\u0259l\u0259rinin art\u0131m tendensiyas\u0131 m\u00fc\u015fahid\u0259 olunur. Bel\u0259 ki, sel-da\u015fq\u0131n hadis\u0259l\u0259rinin say\u0131n\u0131n artmas\u0131n\u0131 buna misal g\u00f6st\u0259rm\u0259k olar.<\/p>\n<p>\u201cSon d\u00f6vrl\u0259rd\u0259 \u00e7aylarda ba\u015f ver\u0259n sel hadis\u0259l\u0259rinin say\u0131nda \u0259h\u0259miyy\u0259tli art\u0131m m\u00fc\u015fahid\u0259 olunur. M\u00fcqayis\u0259 \u00fc\u00e7\u00fcn dey\u0259 bil\u0259rik ki, \u00f6t\u0259n ilin may, iyun v\u0259 iyul aylar\u0131 \u0259rzind\u0259 \u00fcmumi olaraq 87 sel hadis\u0259si qeyd\u0259 al\u0131n\u0131bsa, bu ilin analoji aylar\u0131 \u00fczr\u0259 102 sel hadis\u0259si ba\u015f verib. Son 50 ild\u0259 \u0259n \u00e7ox sel hadis\u0259si bu il qeyd\u0259 al\u0131n\u0131b\u201d, &#8211; dey\u0259 N.Mahmudov bildirib.<\/p>\n","protected":false},"excerpt":{"rendered":"<p>Qlobal iqlim d\u0259yi\u015fm\u0259sinin \u0259sas s\u0259b\u0259bl\u0259rind\u0259n biri d\u0259 antropogen f\u0259aliyy\u0259t zaman\u0131 istixana effekti yaradan qazlar\u0131n emissiyas\u0131n\u0131n \u00e7ox olmas\u0131d\u0131r ki, bu da \u00f6z n\u00f6vb\u0259sind\u0259 temperaturun y\u00fcks\u0259lm\u0259sin\u0259 s\u0259b\u0259b olur. \u00d6lk\u0259mizd\u0259 d\u0259 havan\u0131n temperaturu y\u00fcks\u0259l\u0259n x\u0259tt \u00fczr\u0259 davam edir. AZ\u018fRTAC\u00a0x\u0259b\u0259r verir bunu Milli Hidrometeorologiya Xidm\u0259tinin r\u0259isi Nazim Mahmudov bildirib. O qeyd edib ki, Milli Hidrometeorologiya Xidm\u0259tinin hidrometeoroloji stansiya \u015f\u0259b\u0259k\u0259l\u0259rinin m\u0259lumatlar\u0131na \u0259sas\u0259n son ill\u0259r havan\u0131n orta \u00e7oxillik temperaturunun artd\u0131\u011f\u0131n\u0131 dem\u0259k m\u00fcmk\u00fcnd\u00fcr: \u201c2007-ci ild\u0259n 2023-c\u00fc il\u0259 q\u0259d\u0259r apar\u0131lan hidrometeoroloji m\u00fc\u015fahid\u0259l\u0259r \u0259sas\u0131nda dey\u0259 bil\u0259rik ki, \u00f6lk\u0259mizd\u0259 havan\u0131n orta \u00e7oxillik temperaturu 1.3\u00b0 normadan y\u00fcks\u0259k olub\u201d. Xidm\u0259t r\u0259isinin s\u00f6zl\u0259rin\u0259&hellip;<\/p>\n","protected":false},"author":2,"featured_media":741310,"comment_status":"closed","ping_status":"closed","sticky":false,"template":"","format":"standard","meta":{"om_disable_all_campaigns":false,"_monsterinsights_skip_tracking":false,"_monsterinsights_sitenote_active":false,"_monsterinsights_sitenote_note":"","_monsterinsights_sitenote_category":0},"categories":[22],"tags":[],"aioseo_notices":[],"gutentor_comment":0,"rttpg_featured_image_url":{"full":["https:\/\/arantv.az\/wp-content\/uploads\/2024\/07\/1722429525370453739_1200x630.jpg",923,630,false],"landscape":["https:\/\/arantv.az\/wp-content\/uploads\/2024\/07\/1722429525370453739_1200x630.jpg",923,630,false],"portraits":["https:\/\/arantv.az\/wp-content\/uploads\/2024\/07\/1722429525370453739_1200x630.jpg",923,630,false],"thumbnail":["https:\/\/arantv.az\/wp-content\/uploads\/2024\/07\/1722429525370453739_1200x630-500x280.jpg",500,280,true],"medium":["https:\/\/arantv.az\/wp-content\/uploads\/2024\/07\/1722429525370453739_1200x630-535x365.jpg",535,365,true],"large":["https:\/\/arantv.az\/wp-content\/uploads\/2024\/07\/1722429525370453739_1200x630-840x573.jpg",640,437,true],"1536x1536":["https:\/\/arantv.az\/wp-content\/uploads\/2024\/07\/1722429525370453739_1200x630.jpg",923,630,false],"2048x2048":["https:\/\/arantv.az\/wp-content\/uploads\/2024\/07\/1722429525370453739_1200x630.jpg",923,630,false],"post-thumbnail":["https:\/\/arantv.az\/wp-content\/uploads\/2024\/07\/1722429525370453739_1200x630-240x172.jpg",240,172,true],"advps-thumb-one":["https:\/\/arantv.az\/wp-content\/uploads\/2024\/07\/1722429525370453739_1200x630-923x620.jpg",923,620,true]},"rttpg_author":{"display_name":"V\u00fcsal Rafiqo\u011flu","author_link":"https:\/\/arantv.az\/?author=2"},"rttpg_comment":0,"rttpg_category":"<a href=\"https:\/\/arantv.az\/?cat=22\" rel=\"category\">Hava<\/a>","rttpg_excerpt":"Qlobal iqlim d\u0259yi\u015fm\u0259sinin \u0259sas s\u0259b\u0259bl\u0259rind\u0259n biri d\u0259 antropogen f\u0259aliyy\u0259t zaman\u0131 istixana effekti yaradan qazlar\u0131n emissiyas\u0131n\u0131n \u00e7ox olmas\u0131d\u0131r ki, bu da \u00f6z n\u00f6vb\u0259sind\u0259 temperaturun y\u00fcks\u0259lm\u0259sin\u0259 s\u0259b\u0259b olur. \u00d6lk\u0259mizd\u0259 d\u0259 havan\u0131n temperaturu y\u00fcks\u0259l\u0259n x\u0259tt \u00fczr\u0259 davam edir. AZ\u018fRTAC\u00a0x\u0259b\u0259r verir bunu Milli Hidrometeorologiya Xidm\u0259tinin r\u0259isi Nazim Mahmudov bildirib. O qeyd edib ki, Milli Hidrometeorologiya Xidm\u0259tinin hidrometeoroloji stansiya \u015f\u0259b\u0259k\u0259l\u0259rinin&hellip;","_links":{"self":[{"href":"https:\/\/arantv.az\/index.php?rest_route=\/wp\/v2\/posts\/741309"}],"collection":[{"href":"https:\/\/arantv.az\/index.php?rest_route=\/wp\/v2\/posts"}],"about":[{"href":"https:\/\/arantv.az\/index.php?rest_route=\/wp\/v2\/types\/post"}],"author":[{"embeddable":true,"href":"https:\/\/arantv.az\/index.php?rest_route=\/wp\/v2\/users\/2"}],"replies":[{"embeddable":true,"href":"https:\/\/arantv.az\/index.php?rest_route=%2Fwp%2Fv2%2Fcomments&post=741309"}],"version-history":[{"count":2,"href":"https:\/\/arantv.az\/index.php?rest_route=\/wp\/v2\/posts\/741309\/revisions"}],"predecessor-version":[{"id":741312,"href":"https:\/\/arantv.az\/index.php?rest_route=\/wp\/v2\/posts\/741309\/revisions\/741312"}],"wp:featuredmedia":[{"embeddable":true,"href":"https:\/\/arantv.az\/index.php?rest_route=\/wp\/v2\/media\/741310"}],"wp:attachment":[{"href":"https:\/\/arantv.az\/index.php?rest_route=%2Fwp%2Fv2%2Fmedia&parent=741309"}],"wp:term":[{"taxonomy":"category","embeddable":true,"href":"https:\/\/arantv.az\/index.php?rest_route=%2Fwp%2Fv2%2Fcategories&post=741309"},{"taxonomy":"post_tag","embeddable":true,"href":"https:\/\/arantv.az\/index.php?rest_route=%2Fwp%2Fv2%2Ftags&post=741309"}],"curies":[{"name":"wp","href":"https:\/\/api.w.org\/{rel}","templated":true}]}}