{"id":741349,"date":"2024-08-01T06:08:57","date_gmt":"2024-08-01T02:08:57","guid":{"rendered":"https:\/\/arantv.az\/?p=741349"},"modified":"2024-08-01T06:08:57","modified_gmt":"2024-08-01T02:08:57","slug":"ulu-ond%c9%99r-heyd%c9%99r-%c9%99liyev-dilimizin-turk-dill%c9%99ri-ail%c9%99sind%c9%99-must%c9%99qil-movqeyini-xususi-vurgulayirdi","status":"publish","type":"post","link":"https:\/\/arantv.az\/?p=741349","title":{"rendered":"Ulu \u00f6nd\u0259r Heyd\u0259r \u018fliyev dilimizin t\u00fcrk dill\u0259ri ail\u0259sind\u0259 m\u00fcst\u0259qil m\u00f6vqeyini x\u00fcsusi vur\u011fulay\u0131rd\u0131"},"content":{"rendered":"<p>\u00dcmummilli Lider \u00f6z do\u011fma dilin\u0259 h\u0259r zaman daha b\u00f6y\u00fck \u00f6n\u0259m verirdi<\/p>\n<p>Ulu \u00f6nd\u0259r Heyd\u0259r \u018fliyevin imzalad\u0131\u011f\u0131 9 avqust 2001-ci il tarixli 552 n\u00f6mr\u0259li f\u0259rmanla h\u0259r il avqustun 1-i \u00f6lk\u0259mizd\u0259 Az\u0259rbaycan \u0259lifbas\u0131 v\u0259 Az\u0259rbaycan dili g\u00fcn\u00fc kimi qeyd edilir. Do\u011fma dilimizin d\u00f6vl\u0259t dili kimi t\u0259tbiqi i\u015finin t\u0259kmill\u0259\u015fdirilm\u0259si, beyn\u0259lxalq al\u0259md\u0259 n\u00fcfuzunun y\u00fcks\u0259lm\u0259si \u00fcmummilli lider Heyd\u0259r \u018fliyevin ad\u0131 il\u0259 ba\u011fl\u0131d\u0131r. \u00dcmumxalq s\u0259sverm\u0259si yolu il\u0259 q\u0259bul olunmu\u015f Konstitusiyan\u0131zda Az\u0259rbaycan dilinin d\u00f6vl\u0259t dili kimi t\u0259sbiti, onun r\u0259smi d\u00f6vl\u0259t dili statusuna y\u00fcks\u0259lm\u0259si milli d\u00f6vl\u0259t\u00e7ilik tariximizin \u0259n m\u00fch\u00fcm hadis\u0259l\u0259rind\u0259n biridir. B\u00fct\u00fcn bu s\u0259n\u0259dl\u0259r v\u0259 bu istiqam\u0259td\u0259 g\u00f6r\u00fcl\u0259n i\u015fl\u0259r Ana dilimizin inki\u015faf\u0131na \u00f6lk\u0259 ba\u015f\u00e7\u0131s\u0131 t\u0259r\u0259find\u0259n g\u00f6st\u0259ril\u0259n b\u00f6y\u00fck qay\u011f\u0131 v\u0259 diqq\u0259tin t\u0259zah\u00fcr\u00fcd\u00fcr.<\/p>\n<p>M\u00fck\u0259mm\u0259l \u015f\u0259kild\u0259 bir ne\u00e7\u0259 dil bil\u0259n Ulu \u00f6nd\u0259r h\u0259r zaman \u00f6z do\u011fma dilin\u0259 daha b\u00f6y\u00fck \u00f6n\u0259m verirdi. Sa\u011fl\u0131\u011f\u0131nda Ulu \u00f6nd\u0259r bu haqda fikirl\u0259rini bel\u0259 \u0259sasland\u0131rd\u0131: \u00abM\u0259n h\u0259r bir dil\u0259 \u00f6z h\u00f6rm\u0259t v\u0259 ehtiram\u0131m\u0131 bildirir\u0259m. Amma hesab edir\u0259m ki, \u00f6z dilimizl\u0259. Az\u0259rbaycan dili il\u0259 h\u0259r birimiz f\u0259xr ed\u0259 bil\u0259rik. \u00c7\u00fcnki bu, z\u0259ngin dildir, art\u0131q d\u00fcnyada tan\u0131nm\u0131\u015f dildir. Xalq\u0131m\u0131z\u0131n ad\u0131 da tan\u0131n\u0131b, respublikam\u0131z\u0131n ad\u0131 da tan\u0131n\u0131b, dilimizin ad\u0131 da tan\u0131n\u0131b. \u00d6z dilini bilm\u0259y\u0259n, \u00f6z dilini sevm\u0259y\u0259n adam \u00f6z tarixini yax\u015f\u0131 bil\u0259 bilm\u0259z. M\u0259n f\u0259xr edir\u0259m ki, t\u00fcrk dill\u0259rin\u0259 m\u0259nsub olan Az\u0259rbaycan dili bu q\u0259d\u0259r z\u0259ngindir, bu q\u0259d\u0259r b\u0259dii ifad\u0259l\u0259rl\u0259 doludur v\u0259 biz h\u0259yat\u0131n b\u00fct\u00fcn sah\u0259l\u0259rin\u0259 aid olan fikirl\u0259rimizi \u00f6z ana dilimizd\u0259 ifad\u0259 ed\u0259 bilirik\u00bb.<\/p>\n<p>Sovetl\u0259r d\u00f6n\u0259mind\u0259 d\u0259 Az\u0259rbaycan dilinin qorunub saxlan\u0131lmas\u0131 istiqam\u0259tind\u0259 \u00dcmummilli Liderin olduqca m\u00fch\u00fcm f\u0259aliyy\u0259ti olmu\u015fdur. D\u00f6vl\u0259t M\u00fcst\u0259qilliyi \u0259ld\u0259 edil\u0259nd\u0259n sonra Ulu \u00d6nd\u0259r \u00e7\u0131x\u0131\u015flar\u0131n\u0131n birind\u0259 bunu a\u00e7\u0131q \u015f\u0259kild\u0259 qeyd ed\u0259r\u0259k bildirmi\u015fdir ki, \u00abBu g\u00fcn iftixar hissi il\u0259 dey\u0259 bil\u0259rik ki, Sovet hakimiyy\u0259ti ill\u0259rind\u0259 biz Az\u0259rbaycan dilini qoruduq, saxlad\u0131q v\u0259 inki\u015faf etdirdik. Az\u0259rbaycan dili indi \u00e7ox y\u00fcks\u0259k s\u0259viyy\u0259d\u0259, y\u0259ni onun qrammatik qurulu\u015fu, ba\u015fqa sah\u0259l\u0259ri y\u00fcks\u0259k s\u0259viyy\u0259d\u0259 olan bir dildir\u00bb.<\/p>\n<p>\u00d6z do\u011fma Ana dilin\u0259 olan sevgisini x\u00fcsusi vur\u011fulayan Ulu \u00d6nd\u0259r deyirdi ki, \u00abBizim Az\u0259rbaycan dili \u015feir dilidir. M\u0259n demi\u015f\u0259m v\u0259 bu g\u00fcn d\u0259 deyir\u0259m. Bizim g\u0259ncl\u0259r\u0259 deyir\u0259m ki, rus dilini yax\u015f\u0131 bilin, ingilis, fars, \u0259r\u0259b, frans\u0131z dill\u0259rini d\u0259 yax\u015f\u0131 bilin. Amma bunlar\u0131n ham\u0131s\u0131ndan yax\u015f\u0131 \u00f6z Az\u0259rbaycan dilimizi \u00f6yr\u0259nin. \u018fg\u0259r bunu bilm\u0259s\u0259n, s\u0259n tam az\u0259rbaycanl\u0131 olmursan\u00bb.<\/p>\n<p>Heyd\u0259r \u018fliyev Az\u0259rbaycan dilinin b\u00f6y\u00fckl\u00fcy\u00fcn\u00fc bel\u0259 ifad\u0259 edirdi: \u00abAz\u0259rbaycan dili o q\u0259d\u0259r z\u0259ngindir ki, he\u00e7 bir xarici k\u0259lm\u0259y\u0259 ehtiyac yoxdur. Bir daha dem\u0259k ist\u0259yir\u0259m ki, biz \u0259srl\u0259r boyu dilimizi qorumu\u015fuq. Bu g\u00fcn d\u0259 qorumal\u0131y\u0131q. Biz Az\u0259rbaycan dilinin safl\u0131\u011f\u0131n\u0131 t\u0259min etm\u0259liyik\u00bb.<\/p>\n<p>\u00dcmummillli Lider d\u0259 \u00f6z \u00e7\u0131x\u0131\u015flar\u0131nda Az\u0259rbaycan dilinin safl\u0131\u011f\u0131n\u0131n qorunmas\u0131 \u00fc\u00e7\u00fcn \u00e7a\u011f\u0131r\u0131\u015flar edir, dilimizin t\u00fcrk dill\u0259ri ail\u0259sind\u0259 x\u00fcsusi m\u00fcst\u0259qil m\u00f6vqeyini vur\u011fulay\u0131rd\u0131.<\/p>\n<p>Az\u0259rbaycan dilinin qorunmas\u0131, daha da inki\u015faf etdirilm\u0259si istiqam\u0259tind\u0259 b\u00f6y\u00fck add\u0131mlar atan \u00dcmummilli Liderin siyasi x\u0259ttini Prezident \u0130lham \u018fliyev bu g\u00fcn inamla davam etdirir. Az\u0259rbaycan Prezidenti \u0130lham \u018fliyevin &#8220;Az\u0259rbaycan dilind\u0259 lat\u0131n qrafikas\u0131 il\u0259 k\u00fctl\u0259vi n\u0259\u015frl\u0259rin h\u0259yata ke\u00e7irilm\u0259si haqq\u0131nda&#8221; 2004-c\u00fc il 12 yanvar tarixli 56 n\u00f6mr\u0259li, &#8220;Az\u0259rbaycan dilinin qloballa\u015fma \u015f\u0259raitind\u0259 zaman\u0131n t\u0259l\u0259bl\u0259rin\u0259 uy\u011fun istifad\u0259sin\u0259 v\u0259 \u00f6lk\u0259d\u0259 dil\u00e7iliyin inki\u015faf\u0131na dair D\u00f6vl\u0259t Proqram\u0131&#8221;n\u0131n t\u0259sdiq edilm\u0259si haqq\u0131nda 9 aprel 2013-c\u00fc il tarixli 2837 n\u00f6mr\u0259li s\u0259r\u0259ncamlar\u0131na \u0259sas\u0259n, lat\u0131n qrafikal\u0131 yeni Az\u0259rbaycan \u0259lifbas\u0131 il\u0259 d\u0259rslikl\u0259rin, elmi \u0259s\u0259rl\u0259rin, l\u00fc\u011f\u0259tl\u0259r v\u0259 b\u0259dii \u0259d\u0259biyyat n\u00fcmun\u0259l\u0259rinin \u00e7ap olunaraq istifad\u0259y\u0259 verilm\u0259sinin, Az\u0259rbaycan dilinin qloballa\u015fma \u015f\u0259raitind\u0259 zaman\u0131n t\u0259l\u0259bl\u0259rin\u0259 uy\u011fun istifad\u0259sinin, \u00f6lk\u0259d\u0259 dil\u00e7ilik ara\u015fd\u0131rmalar\u0131n\u0131n \u0259sasl\u0131 sur\u0259td\u0259 yax\u015f\u0131la\u015fd\u0131r\u0131lmas\u0131n\u0131n t\u0259min edilm\u0259si milli \u0259d\u0259bi dilin daha da z\u0259nginl\u0259\u015fm\u0259si il\u0259 yana\u015f\u0131, dil\u00e7iliyin \u0259sasl\u0131 inki\u015faf\u0131 bax\u0131m\u0131ndan da \u0259h\u0259miyy\u0259tli olub.<\/p>\n<p>Yeni d\u00f6vr\u00fcn t\u0259l\u0259bl\u0259rini v\u0259 reall\u0131qlar\u0131n\u0131 n\u0259z\u0259r\u0259 alan Az\u0259rbaycan Prezidentinin \u201cAz\u0259rbaycan dilinin qloballa\u015fma \u015f\u0259raitind\u0259 zaman\u0131n t\u0259l\u0259bl\u0259rin\u0259 uy\u011fun istifad\u0259sin\u0259 v\u0259 \u00f6lk\u0259d\u0259 dil\u00e7iliyin inki\u015faf\u0131na dair D\u00f6vl\u0259t Proqram\u0131\u201dn\u0131 2013-c\u00fc il 9 aprel tarixli S\u0259r\u0259ncam\u0131 il\u0259 t\u0259sdiq etm\u0259si milli v\u0259 m\u0259n\u0259vi varl\u0131\u011f\u0131m\u0131z\u0131n g\u00fczg\u00fcs\u00fc olan ana dilimizin safl\u0131\u011f\u0131n\u0131n v\u0259 z\u0259nginliyinin qorunmas\u0131 bax\u0131m\u0131ndan m\u00fch\u00fcm tarixi hadis\u0259dir. Prezident \u0130lham \u018fliyevin \u201cAz\u0259rbaycan dilinin elektron m\u0259kanda daha geni\u015f istifad\u0259sinin t\u0259min edilm\u0259si il\u0259 ba\u011fl\u0131 bir s\u0131ra t\u0259dbirl\u0259r haqq\u0131nda\u201d 2018-ci il 17 iyul tarixli S\u0259r\u0259ncam\u0131 Az\u0259rbaycan dilinin inki\u015faf\u0131 v\u0259 t\u0259tbiqi dair\u0259sinin daha da geni\u015fl\u0259ndirilm\u0259si bax\u0131m\u0131ndan x\u00fcsusi \u0259h\u0259miyy\u0259t k\u0259sb edir. 2018-ci il noyabr\u0131n 1-d\u0259 \u00f6lk\u0259 ba\u015f\u00e7\u0131s\u0131n\u0131n imzalad\u0131\u011f\u0131 \u201cAz\u0259rbaycan dilinin safl\u0131\u011f\u0131n\u0131n qorunmas\u0131 v\u0259 d\u00f6vl\u0259t dilind\u0259n istifad\u0259nin daha da t\u0259kmill\u0259\u015fdirilm\u0259si il\u0259 ba\u011fl\u0131 t\u0259dbirl\u0259r haqq\u0131nda\u201d F\u0259rman\u0131 \u00f6lk\u0259mizd\u0259 d\u00f6vl\u0259t dilinin daim diqq\u0259t m\u0259rk\u0259zind\u0259 saxlan\u0131ld\u0131\u011f\u0131n\u0131 bir daha t\u0259sdiq edir.<\/p>\n<p>\u015eeyda \u018fzizq\u0131z\u0131<\/p>\n<p>\u00abAran Media\u00bb GROUP-un r\u0259hb\u0259ri<\/p>\n<p>&nbsp;<\/p>\n<p>&nbsp;<\/p>\n<p>&nbsp;<\/p>\n","protected":false},"excerpt":{"rendered":"<p>\u00dcmummilli Lider \u00f6z do\u011fma dilin\u0259 h\u0259r zaman daha b\u00f6y\u00fck \u00f6n\u0259m verirdi Ulu \u00f6nd\u0259r Heyd\u0259r \u018fliyevin imzalad\u0131\u011f\u0131 9 avqust 2001-ci il tarixli 552 n\u00f6mr\u0259li f\u0259rmanla h\u0259r il avqustun 1-i \u00f6lk\u0259mizd\u0259 Az\u0259rbaycan \u0259lifbas\u0131 v\u0259 Az\u0259rbaycan dili g\u00fcn\u00fc kimi qeyd edilir. Do\u011fma dilimizin d\u00f6vl\u0259t dili kimi t\u0259tbiqi i\u015finin t\u0259kmill\u0259\u015fdirilm\u0259si, beyn\u0259lxalq al\u0259md\u0259 n\u00fcfuzunun y\u00fcks\u0259lm\u0259si \u00fcmummilli lider Heyd\u0259r \u018fliyevin ad\u0131 il\u0259 ba\u011fl\u0131d\u0131r. \u00dcmumxalq s\u0259sverm\u0259si yolu il\u0259 q\u0259bul olunmu\u015f Konstitusiyan\u0131zda Az\u0259rbaycan dilinin d\u00f6vl\u0259t dili kimi t\u0259sbiti, onun r\u0259smi d\u00f6vl\u0259t dili statusuna y\u00fcks\u0259lm\u0259si milli d\u00f6vl\u0259t\u00e7ilik tariximizin \u0259n m\u00fch\u00fcm hadis\u0259l\u0259rind\u0259n biridir. B\u00fct\u00fcn bu s\u0259n\u0259dl\u0259r v\u0259 bu istiqam\u0259td\u0259 g\u00f6r\u00fcl\u0259n&hellip;<\/p>\n","protected":false},"author":2,"featured_media":741350,"comment_status":"closed","ping_status":"closed","sticky":false,"template":"","format":"standard","meta":{"om_disable_all_campaigns":false,"_monsterinsights_skip_tracking":false,"_monsterinsights_sitenote_active":false,"_monsterinsights_sitenote_note":"","_monsterinsights_sitenote_category":0},"categories":[19],"tags":[],"aioseo_notices":[],"gutentor_comment":0,"rttpg_featured_image_url":{"full":["https:\/\/arantv.az\/wp-content\/uploads\/2024\/08\/IMG-20240801-WA0003.jpg",1080,1080,false],"landscape":["https:\/\/arantv.az\/wp-content\/uploads\/2024\/08\/IMG-20240801-WA0003.jpg",1080,1080,false],"portraits":["https:\/\/arantv.az\/wp-content\/uploads\/2024\/08\/IMG-20240801-WA0003.jpg",1080,1080,false],"thumbnail":["https:\/\/arantv.az\/wp-content\/uploads\/2024\/08\/IMG-20240801-WA0003-500x280.jpg",500,280,true],"medium":["https:\/\/arantv.az\/wp-content\/uploads\/2024\/08\/IMG-20240801-WA0003-365x365.jpg",365,365,true],"large":["https:\/\/arantv.az\/wp-content\/uploads\/2024\/08\/IMG-20240801-WA0003-840x840.jpg",640,640,true],"1536x1536":["https:\/\/arantv.az\/wp-content\/uploads\/2024\/08\/IMG-20240801-WA0003.jpg",1080,1080,false],"2048x2048":["https:\/\/arantv.az\/wp-content\/uploads\/2024\/08\/IMG-20240801-WA0003.jpg",1080,1080,false],"post-thumbnail":["https:\/\/arantv.az\/wp-content\/uploads\/2024\/08\/IMG-20240801-WA0003-240x172.jpg",240,172,true],"advps-thumb-one":["https:\/\/arantv.az\/wp-content\/uploads\/2024\/08\/IMG-20240801-WA0003-1080x620.jpg",1080,620,true]},"rttpg_author":{"display_name":"V\u00fcsal Rafiqo\u011flu","author_link":"https:\/\/arantv.az\/?author=2"},"rttpg_comment":0,"rttpg_category":"<a href=\"https:\/\/arantv.az\/?cat=19\" rel=\"category\">G\u00fcnd\u0259m<\/a>","rttpg_excerpt":"\u00dcmummilli Lider \u00f6z do\u011fma dilin\u0259 h\u0259r zaman daha b\u00f6y\u00fck \u00f6n\u0259m verirdi Ulu \u00f6nd\u0259r Heyd\u0259r \u018fliyevin imzalad\u0131\u011f\u0131 9 avqust 2001-ci il tarixli 552 n\u00f6mr\u0259li f\u0259rmanla h\u0259r il avqustun 1-i \u00f6lk\u0259mizd\u0259 Az\u0259rbaycan \u0259lifbas\u0131 v\u0259 Az\u0259rbaycan dili g\u00fcn\u00fc kimi qeyd edilir. Do\u011fma dilimizin d\u00f6vl\u0259t dili kimi t\u0259tbiqi i\u015finin t\u0259kmill\u0259\u015fdirilm\u0259si, beyn\u0259lxalq al\u0259md\u0259 n\u00fcfuzunun y\u00fcks\u0259lm\u0259si \u00fcmummilli lider Heyd\u0259r \u018fliyevin ad\u0131&hellip;","_links":{"self":[{"href":"https:\/\/arantv.az\/index.php?rest_route=\/wp\/v2\/posts\/741349"}],"collection":[{"href":"https:\/\/arantv.az\/index.php?rest_route=\/wp\/v2\/posts"}],"about":[{"href":"https:\/\/arantv.az\/index.php?rest_route=\/wp\/v2\/types\/post"}],"author":[{"embeddable":true,"href":"https:\/\/arantv.az\/index.php?rest_route=\/wp\/v2\/users\/2"}],"replies":[{"embeddable":true,"href":"https:\/\/arantv.az\/index.php?rest_route=%2Fwp%2Fv2%2Fcomments&post=741349"}],"version-history":[{"count":1,"href":"https:\/\/arantv.az\/index.php?rest_route=\/wp\/v2\/posts\/741349\/revisions"}],"predecessor-version":[{"id":741351,"href":"https:\/\/arantv.az\/index.php?rest_route=\/wp\/v2\/posts\/741349\/revisions\/741351"}],"wp:featuredmedia":[{"embeddable":true,"href":"https:\/\/arantv.az\/index.php?rest_route=\/wp\/v2\/media\/741350"}],"wp:attachment":[{"href":"https:\/\/arantv.az\/index.php?rest_route=%2Fwp%2Fv2%2Fmedia&parent=741349"}],"wp:term":[{"taxonomy":"category","embeddable":true,"href":"https:\/\/arantv.az\/index.php?rest_route=%2Fwp%2Fv2%2Fcategories&post=741349"},{"taxonomy":"post_tag","embeddable":true,"href":"https:\/\/arantv.az\/index.php?rest_route=%2Fwp%2Fv2%2Ftags&post=741349"}],"curies":[{"name":"wp","href":"https:\/\/api.w.org\/{rel}","templated":true}]}}