{"id":741352,"date":"2024-08-01T09:06:39","date_gmt":"2024-08-01T05:06:39","guid":{"rendered":"https:\/\/arantv.az\/?p=741352"},"modified":"2024-08-01T09:06:39","modified_gmt":"2024-08-01T05:06:39","slug":"agcab%c9%99di-rayon-sakinl%c9%99ri-10-%c9%99d%c9%99d-tuf%c9%99ngi-polis%c9%99-konullu-t%c9%99hvil-veribl%c9%99r","status":"publish","type":"post","link":"https:\/\/arantv.az\/?p=741352","title":{"rendered":"A\u011fcab\u0259di rayon sakinl\u0259ri 10 \u0259d\u0259d t\u00fcf\u0259ngi polis\u0259 k\u00f6n\u00fcll\u00fc t\u0259hvil veribl\u0259r"},"content":{"rendered":"<p>D\u0130N-in M\u0259tbuat Xidm\u0259tinin B\u0259rd\u0259 regional qrupundan Arantv.az -a veril\u0259n m\u0259lumata g\u00f6r\u0259, A\u011fcab\u0259di Rayon Polis \u015e\u00f6b\u0259sinin \u0259m\u0259kda\u015flar\u0131 t\u0259r\u0259find\u0259n v\u0259t\u0259nda\u015flarda olan qanunsuz silahlar\u0131n k\u00f6n\u00fcll\u00fc t\u0259hvil verilm\u0259sinin t\u0259mini istiqam\u0259tind\u0259 profilaktika davam etdirilir.<\/p>\n<p>&nbsp;<\/p>\n<p>\u00d6t\u0259n h\u0259ft\u0259 \u0259rzind\u0259 ke\u00e7iril\u0259n t\u0259dbirl\u0259rl\u0259 rayon sakinl\u0259ri ikisi yivli olmaqla, \u00fcmumilikd\u0259 10 \u0259d\u0259d m\u00fcxt\u0259lif markal\u0131 ov t\u00fcf\u0259ngini polis\u0259 k\u00f6n\u00fcll\u00fc t\u0259qdim edibl\u0259r.<\/p>\n","protected":false},"excerpt":{"rendered":"<p>D\u0130N-in M\u0259tbuat Xidm\u0259tinin B\u0259rd\u0259 regional qrupundan Arantv.az -a veril\u0259n m\u0259lumata g\u00f6r\u0259, A\u011fcab\u0259di Rayon Polis \u015e\u00f6b\u0259sinin \u0259m\u0259kda\u015flar\u0131 t\u0259r\u0259find\u0259n v\u0259t\u0259nda\u015flarda olan qanunsuz silahlar\u0131n k\u00f6n\u00fcll\u00fc t\u0259hvil verilm\u0259sinin t\u0259mini istiqam\u0259tind\u0259 profilaktika davam etdirilir. &nbsp; \u00d6t\u0259n h\u0259ft\u0259 \u0259rzind\u0259 ke\u00e7iril\u0259n t\u0259dbirl\u0259rl\u0259 rayon sakinl\u0259ri ikisi yivli olmaqla, \u00fcmumilikd\u0259 10 \u0259d\u0259d m\u00fcxt\u0259lif markal\u0131 ov t\u00fcf\u0259ngini polis\u0259 k\u00f6n\u00fcll\u00fc t\u0259qdim edibl\u0259r.<\/p>\n","protected":false},"author":2,"featured_media":741353,"comment_status":"closed","ping_status":"closed","sticky":false,"template":"","format":"standard","meta":{"om_disable_all_campaigns":false,"_monsterinsights_skip_tracking":false,"_monsterinsights_sitenote_active":false,"_monsterinsights_sitenote_note":"","_monsterinsights_sitenote_category":0},"categories":[2],"tags":[],"aioseo_notices":[],"gutentor_comment":0,"rttpg_featured_image_url":{"full":["https:\/\/arantv.az\/wp-content\/uploads\/2024\/08\/IMG-20240801-WA0013.jpg",1200,550,false],"landscape":["https:\/\/arantv.az\/wp-content\/uploads\/2024\/08\/IMG-20240801-WA0013.jpg",1200,550,false],"portraits":["https:\/\/arantv.az\/wp-content\/uploads\/2024\/08\/IMG-20240801-WA0013.jpg",1200,550,false],"thumbnail":["https:\/\/arantv.az\/wp-content\/uploads\/2024\/08\/IMG-20240801-WA0013-500x280.jpg",500,280,true],"medium":["https:\/\/arantv.az\/wp-content\/uploads\/2024\/08\/IMG-20240801-WA0013-660x303.jpg",660,303,true],"large":["https:\/\/arantv.az\/wp-content\/uploads\/2024\/08\/IMG-20240801-WA0013-840x385.jpg",640,293,true],"1536x1536":["https:\/\/arantv.az\/wp-content\/uploads\/2024\/08\/IMG-20240801-WA0013.jpg",1200,550,false],"2048x2048":["https:\/\/arantv.az\/wp-content\/uploads\/2024\/08\/IMG-20240801-WA0013.jpg",1200,550,false],"post-thumbnail":["https:\/\/arantv.az\/wp-content\/uploads\/2024\/08\/IMG-20240801-WA0013-240x172.jpg",240,172,true],"advps-thumb-one":["https:\/\/arantv.az\/wp-content\/uploads\/2024\/08\/IMG-20240801-WA0013.jpg",1200,550,false]},"rttpg_author":{"display_name":"V\u00fcsal Rafiqo\u011flu","author_link":"https:\/\/arantv.az\/?author=2"},"rttpg_comment":0,"rttpg_category":"<a href=\"https:\/\/arantv.az\/?cat=2\" rel=\"category\">Region X\u0259b\u0259rl\u0259ri<\/a>","rttpg_excerpt":"D\u0130N-in M\u0259tbuat Xidm\u0259tinin B\u0259rd\u0259 regional qrupundan Arantv.az -a veril\u0259n m\u0259lumata g\u00f6r\u0259, A\u011fcab\u0259di Rayon Polis \u015e\u00f6b\u0259sinin \u0259m\u0259kda\u015flar\u0131 t\u0259r\u0259find\u0259n v\u0259t\u0259nda\u015flarda olan qanunsuz silahlar\u0131n k\u00f6n\u00fcll\u00fc t\u0259hvil verilm\u0259sinin t\u0259mini istiqam\u0259tind\u0259 profilaktika davam etdirilir. &nbsp; \u00d6t\u0259n h\u0259ft\u0259 \u0259rzind\u0259 ke\u00e7iril\u0259n t\u0259dbirl\u0259rl\u0259 rayon sakinl\u0259ri ikisi yivli olmaqla, \u00fcmumilikd\u0259 10 \u0259d\u0259d m\u00fcxt\u0259lif markal\u0131 ov t\u00fcf\u0259ngini polis\u0259 k\u00f6n\u00fcll\u00fc t\u0259qdim edibl\u0259r.","_links":{"self":[{"href":"https:\/\/arantv.az\/index.php?rest_route=\/wp\/v2\/posts\/741352"}],"collection":[{"href":"https:\/\/arantv.az\/index.php?rest_route=\/wp\/v2\/posts"}],"about":[{"href":"https:\/\/arantv.az\/index.php?rest_route=\/wp\/v2\/types\/post"}],"author":[{"embeddable":true,"href":"https:\/\/arantv.az\/index.php?rest_route=\/wp\/v2\/users\/2"}],"replies":[{"embeddable":true,"href":"https:\/\/arantv.az\/index.php?rest_route=%2Fwp%2Fv2%2Fcomments&post=741352"}],"version-history":[{"count":1,"href":"https:\/\/arantv.az\/index.php?rest_route=\/wp\/v2\/posts\/741352\/revisions"}],"predecessor-version":[{"id":741354,"href":"https:\/\/arantv.az\/index.php?rest_route=\/wp\/v2\/posts\/741352\/revisions\/741354"}],"wp:featuredmedia":[{"embeddable":true,"href":"https:\/\/arantv.az\/index.php?rest_route=\/wp\/v2\/media\/741353"}],"wp:attachment":[{"href":"https:\/\/arantv.az\/index.php?rest_route=%2Fwp%2Fv2%2Fmedia&parent=741352"}],"wp:term":[{"taxonomy":"category","embeddable":true,"href":"https:\/\/arantv.az\/index.php?rest_route=%2Fwp%2Fv2%2Fcategories&post=741352"},{"taxonomy":"post_tag","embeddable":true,"href":"https:\/\/arantv.az\/index.php?rest_route=%2Fwp%2Fv2%2Ftags&post=741352"}],"curies":[{"name":"wp","href":"https:\/\/api.w.org\/{rel}","templated":true}]}}