{"id":741364,"date":"2024-08-01T10:22:45","date_gmt":"2024-08-01T06:22:45","guid":{"rendered":"https:\/\/arantv.az\/?p=741364"},"modified":"2024-08-01T10:22:45","modified_gmt":"2024-08-01T06:22:45","slug":"h%c9%99mkarlar-ittifaqlari-konfederasiyasi-yenid%c9%99n-formalasir-jurnalistl%c9%99r-d%c9%99-t%c9%99msil-olunmalidir","status":"publish","type":"post","link":"https:\/\/arantv.az\/?p=741364","title":{"rendered":"H\u0259mkarlar \u0130ttifaqlar\u0131 Konfederasiyas\u0131 yenid\u0259n formala\u015f\u0131r &#8211; jurnalistl\u0259r d\u0259 t\u0259msil olunmal\u0131d\u0131r"},"content":{"rendered":"<p><strong>R\u0259\u015fad M\u0259cid: \u201cJurnalist t\u0259\u015fkilatlar\u0131n\u0131n M\u0259tbuat \u015euras\u0131 il\u0259 birg\u0259 \u00fcmumi m\u00fczakir\u0259l\u0259rin\u0259 ehtiyac\u0131 olacaq\u201d<\/strong><\/p>\n<p>Az\u0259rbaycan H\u0259mkarlar \u0130ttifaqlar\u0131 Konfederasiyas\u0131 (AH\u0130K) \u0130craiyy\u0259 Komit\u0259sinin 26 iyul tarixli iclas\u0131nda qurumun n\u00f6vb\u0259d\u0259nk\u0259nar qurultay\u0131n\u0131n \u00e7a\u011f\u0131r\u0131lmas\u0131 m\u00fczakir\u0259 edilib. M\u00fczakir\u0259l\u0259rd\u0259n sonra AH\u0130K-in n\u00f6vb\u0259d\u0259nk\u0259nar qurultay\u0131n\u0131n bu il avqustun 26-da ke\u00e7irilm\u0259si bar\u0259d\u0259 q\u0259rar q\u0259bul olunub.<\/p>\n<p>Maraql\u0131d\u0131r ki, AH\u0130K-in sonuncu qurultay\u0131 2023-c\u00fc ilin 20 dekabr\u0131nda n\u00f6vb\u0259d\u0259nk\u0259nar qaydada ke\u00e7irilmi\u015fdi. H\u0259min qurultayda 6-c\u0131 \u00e7a\u011f\u0131r\u0131\u015f Milli M\u0259clisin deputat\u0131 S\u0259ttar M\u00f6hbal\u0131yev yenid\u0259n AH\u0130K-\u0259 s\u0259dr se\u00e7ilmi\u015fdi.<\/p>\n<p>B\u0259s 1 il tamam olmam\u0131\u015f AH\u0130K niy\u0259 yenid\u0259n n\u00f6vb\u0259d\u0259nk\u0259nar qurultay \u00e7a\u011f\u0131r\u0131r? H\u0259mkarlar \u0130ttifaqlar\u0131 Konfederasiyas\u0131ndak\u0131 m\u0259nb\u0259l\u0259rd\u0259n Modern.az-a daxil olan m\u0259lumata g\u00f6r\u0259, uzun ill\u0259rdir AH\u0130K s\u0259dri v\u0259zif\u0259sini tutan 6-c\u0131 \u00e7a\u011f\u0131r\u0131\u015f Milli M\u0259clisin deputat\u0131 S\u0259ttar M\u00f6hbal\u0131yev avqustun 26-da ke\u00e7iril\u0259c\u0259k n\u00f6vb\u0259d\u0259nk\u0259nar qurultayda istefa ver\u0259c\u0259k. Onun yenid\u0259n AH\u0130K s\u0259drliyin\u0259 namiz\u0259dliyi ir\u0259li s\u00fcr\u00fclm\u0259y\u0259c\u0259k. El\u0259 n\u00f6vb\u0259d\u0259nk\u0259nar VII qurultay\u0131n \u00e7a\u011f\u0131r\u0131lmas\u0131nda \u0259sas m\u0259qs\u0259d d\u0259 budur.<\/p>\n<p>Az\u0259rbaycan H\u0259mkarlar \u0130ttifaqlar\u0131 Konfederasiyas\u0131n\u0131n r\u0259hb\u0259rliyin\u0259 yeni simalar\u0131n g\u0259l\u0259c\u0259yi bildirilir.<\/p>\n<p>Qeyd ed\u0259k ki, AH\u0130K-in 28 \u00fczv t\u0259\u015fkilat\u0131 var. S\u0259hiyy\u0259, t\u0259hsil, g\u00f6mr\u00fck, n\u0259qliyyat, m\u0259d\u0259niyy\u0259t i\u015f\u00e7il\u0259ri, d\u0259miryol\u00e7ular, d\u00f6vl\u0259t qurumlar\u0131n\u0131n h\u0259mkarlar ittifaq\u0131 v\u0259 s. bu quruma \u00fczvd\u00fcr v\u0259 onlar imtiyazl\u0131 \u015f\u0259kild\u0259 m\u0259zuniyy\u0259t ke\u00e7irir, m\u00fcxt\u0259lif sanatoriyalara putyovkalar al\u0131r v\u0259 s. h\u00fcquqlardan istifad\u0259 edirl\u0259r.<\/p>\n<p>Az\u0259rbaycan jurnalistl\u0259ri is\u0259 \u0259n a\u011f\u0131r pe\u015f\u0259 da\u015f\u0131y\u0131c\u0131lar\u0131ndan, azg\u0259lirli kateqoriyaya aid olmalar\u0131na r\u0259\u011fm\u0259n m\u00fcst\u0259qillik d\u00f6vr\u00fcnd\u0259 bu h\u00fcquqdan yararlana bilm\u0259yibl\u0259r.<\/p>\n<p>N\u00f6vb\u0259ti d\u0259f\u0259 AH\u0130K formala\u015fark\u0259n jurnalistl\u0259rl\u0259 ba\u011fl\u0131 m\u00fcvafiq qurumun konfederasiyaya \u00fczv olmas\u0131 z\u0259rur\u0259ti var. B\u0259s bu i\u015fi kim t\u0259\u015fkil etm\u0259lidir, kim m\u0259s\u0259l\u0259 qald\u0131rmal\u0131d\u0131r?<\/p>\n<p><img src=\"https:\/\/kulis.az\/storage\/news\/2022\/september\/30\/big\/6336f9eb8d7526336f9eb8d75316645473076336f9eb8d7506336f9eb8d751.jpg\" alt=\"R\u0259\u015fad M\u0259cid: \u201cAnardan sonra Yaz\u0131\u00e7\u0131lar Birliyi...\u201d \u2013 M\u00fcsahib\u0259\" \/><\/p>\n<p><strong>R\u0259\u015fad M\u0259cid\u00a0<\/strong><\/p>\n<p><strong>M\u0259tbuat \u015euras\u0131n\u0131n s\u0259dri R\u0259\u015fad M\u0259cid m\u00f6vzu il\u0259 ba\u011fl\u0131 \u201cYeni M\u00fcsavat\u201da deyib ki, H\u0259mkarlar \u0130ttifaqlar\u0131 Konfederasiyas\u0131n\u0131n t\u0259rkibind\u0259 ayr\u0131ca jurnalistl\u0259r \u00fc\u00e7\u00fcn bel\u0259 bir qurum yoxdur:<\/strong>\u00a0&#8220;&#8221;525-ci q\u0259zet&#8221; ne\u00e7\u0259 ildir ki, m\u0259d\u0259niyy\u0259t sah\u0259si \u00fczr\u0259 AH\u0130K-\u0259 \u00fczvd\u00fcr. H\u0259rd\u0259n onlar\u0131n g\u00fcz\u0259\u015ftl\u0259rind\u0259n \u0259m\u0259kda\u015flar b\u0259hr\u0259l\u0259nir. Amma media sah\u0259sind\u0259 Jurnalistl\u0259rin H\u0259mkarlar \u0130ttifaq\u0131 v\u0259 bu kimi dig\u0259r qurumlar var. G\u0259l\u0259c\u0259kd\u0259, \u0259lb\u0259tt\u0259, jurnalistl\u0259rin bu h\u00fcquqlardan b\u0259hr\u0259l\u0259nm\u0259si, AH\u0130K-in tabeliyind\u0259 olan sanatoriyalarda istirah\u0259t etm\u0259si \u00fc\u00e7\u00fcn dan\u0131\u015f\u0131qlar apar\u0131b, hans\u0131sa q\u0259rarlar q\u0259bula oluna bil\u0259r. Jurnalistl\u0259rin d\u0259 AH\u0130K-in bu g\u00fcz\u0259\u015ftl\u0259rind\u0259n b\u0259hr\u0259l\u0259nm\u0259si vacibdir. Amma AH\u0130K-\u0259 \u00fczv olark\u0259n ora m\u00fc\u0259yy\u0259n \u00f6d\u0259ni\u015fl\u0259r edilir. H\u0259tta b\u0259zi yerl\u0259rd\u0259 f\u0259rdl\u0259r \u00f6zl\u0259ri inams\u0131zl\u0131qdan ir\u0259li g\u0259l\u0259r\u0259k AH\u0130K-\u0259 \u00fczvl\u00fck haqlar\u0131n\u0131 \u00f6d\u0259m\u0259kd\u0259n imtina edirl\u0259r. M\u0259nc\u0259, onlar inansalar ki, bu g\u00fcz\u0259\u015ftl\u0259rd\u0259n b\u0259hr\u0259l\u0259n\u0259 bil\u0259c\u0259kl\u0259r, o zaman bu m\u00f6vqel\u0259rind\u0259n d\u0259 \u0259l \u00e7\u0259k\u0259c\u0259kl\u0259r. H\u0259r halda, d\u00fc\u015f\u00fcn\u00fcr\u0259m ki, jurnalist t\u0259\u015fkilatlar\u0131n\u0131n M\u0259tbuat \u015euras\u0131 il\u0259 birg\u0259 \u00fcmumi m\u00fczakir\u0259l\u0259rin\u0259 ehtiyac\u0131 olacaq&#8221;.<\/p>\n<p><img src=\"https:\/\/teleqraf.com\/storage\/2022\/05\/06\/musfiq.jpg\" alt=\"Media haqq\u0131nda&quot; qanunda da... -\" \/><\/p>\n<p><strong>M\u00fc\u015ffiq \u018fl\u0259sg\u0259rli<\/strong><\/p>\n<p><strong>Jurnalistl\u0259rin H\u0259mkarlar \u0130ttifaq\u0131n\u0131n (JuH\u0130) s\u0259dri M\u00fc\u015ffiq \u018fl\u0259sg\u0259rli bundan \u0259vv\u0259l biziml\u0259 s\u00f6hb\u0259tind\u0259 bildirmi\u015fdi ki, Az\u0259rbaycanda 2022-ci ild\u0259 \u201cMedia haqq\u0131nda\u201d yeni qanun q\u0259bul\u00a0 olundu v\u0259 h\u0259min qanuna uy\u011fun olaraq Az\u0259rbaycanda media reyestri t\u0259tbiq olunub:<\/strong>\u00a0\u201cMedia Reyestrinin yarad\u0131lmas\u0131 imkan verir ki, art\u0131q jurnalistika il\u0259 ger\u00e7\u0259k m\u0259\u015f\u011ful olan \u015f\u0259xsl\u0259rin \u00e7evr\u0259si m\u00fc\u0259yy\u0259nl\u0259\u015fsin. Bu xaotik durum aradan qalxandan, jurnalistl\u0259rin say\u0131 bilin\u0259nd\u0259n sonra bu sah\u0259d\u0259 \u00e7al\u0131\u015fan adamlar\u0131n kimliyi bilin\u0259nd\u0259n sonra m\u00fc\u0259yy\u0259n g\u00fcz\u0259\u015ftl\u0259rin, imtiyazlar\u0131n t\u0259tbiq olunmas\u0131 asanla\u015facaq. Bu imtiyazlar\u0131n t\u0259tbiq olunmas\u0131na art\u0131q ba\u015flan\u0131b. Misal \u00fc\u00e7\u00fcn, MED\u0130A Agentliyi \u0130poteka Fonduna m\u00fcraci\u0259t ed\u0259r\u0259k jurnalistl\u0259rin g\u00fcz\u0259\u015ftli ipoteka g\u00f6t\u00fcrm\u0259si \u00fc\u00e7\u00fcn i\u015fl\u0259r g\u00f6r\u00fcb. Kiml\u0259r ki media reyestrind\u0259 qeydiyyatdan ke\u00e7ib, onlar sosial ipotekadan istifad\u0259 ed\u0259c\u0259kl\u0259r. H\u0259m\u00e7inin agentlik m\u00fc\u0259yy\u0259n tibb m\u00fc\u0259ssis\u0259l\u0259ri il\u0259 dan\u0131\u015fd\u0131 ki, reyestrd\u0259 qeydiyyatdan ke\u00e7mi\u015f jurnalistl\u0259r g\u00fcz\u0259\u015ftli tibbi m\u00fcayin\u0259 v\u0259 m\u00fcalic\u0259 ala bilsinl\u0259r. Y\u0259ni art\u0131q media il\u0259 ba\u011fl\u0131 yeni qanun q\u00fcvv\u0259y\u0259 minib, art\u0131q jurnalistikada \u0259m\u0259yi, f\u0259aliyy\u0259ti olan \u015f\u0259xsl\u0259rin \u00e7evr\u0259si m\u00fc\u0259yy\u0259nl\u0259\u015fir. Bu zaman g\u00fcz\u0259\u015ftl\u0259rin t\u0259tbiqi d\u0259 asanla\u015f\u0131r. Biz d\u0259 JuH\u0130 olaraq art\u0131q qanunla biz\u0259 verilmi\u015f s\u0259lahiyy\u0259tl\u0259rin icras\u0131n\u0131 h\u0259yata ke\u00e7ir\u0259 bil\u0259c\u0259yik. Bundan sonra \u00e7oxsayl\u0131 t\u0259\u015f\u0259bb\u00fcsl\u0259rimiz olacaq. El\u0259c\u0259 d\u0259 \u0259m\u0259k h\u00fcquqlar\u0131n\u0131 qorumaq da asan olacaq. Art\u0131q bu m\u0259s\u0259l\u0259y\u0259 ba\u015flam\u0131\u015f\u0131q, i\u015fimizi yenid\u0259n n\u0259z\u0259rd\u0259n ke\u00e7iririk. Yax\u0131n vaxtlarda ciddi d\u0259yi\u015fiklikl\u0259rin \u015fahidi olaca\u011f\u0131q\u201d.<\/p>\n<p>MED\u0130A Agentliyi il\u0259 d\u0259 m\u00f6vzu il\u0259 ba\u011fl\u0131 \u0259laq\u0259 saxlad\u0131q. Qurumdan bildirildi ki, bu m\u0259s\u0259l\u0259 agentliyin nizamnam\u0259sind\u0259 n\u0259z\u0259rd\u0259 tutulmay\u0131b, s\u0259lahiyy\u0259tl\u0259ri daxilind\u0259 deyil.<\/p>\n<p><strong>Afaq M\u0130RAY\u0130Q,<br \/>\n\u201cYeni M\u00fcsavat\u201d<\/strong><\/p>\n","protected":false},"excerpt":{"rendered":"<p>R\u0259\u015fad M\u0259cid: \u201cJurnalist t\u0259\u015fkilatlar\u0131n\u0131n M\u0259tbuat \u015euras\u0131 il\u0259 birg\u0259 \u00fcmumi m\u00fczakir\u0259l\u0259rin\u0259 ehtiyac\u0131 olacaq\u201d Az\u0259rbaycan H\u0259mkarlar \u0130ttifaqlar\u0131 Konfederasiyas\u0131 (AH\u0130K) \u0130craiyy\u0259 Komit\u0259sinin 26 iyul tarixli iclas\u0131nda qurumun n\u00f6vb\u0259d\u0259nk\u0259nar qurultay\u0131n\u0131n \u00e7a\u011f\u0131r\u0131lmas\u0131 m\u00fczakir\u0259 edilib. M\u00fczakir\u0259l\u0259rd\u0259n sonra AH\u0130K-in n\u00f6vb\u0259d\u0259nk\u0259nar qurultay\u0131n\u0131n bu il avqustun 26-da ke\u00e7irilm\u0259si bar\u0259d\u0259 q\u0259rar q\u0259bul olunub. Maraql\u0131d\u0131r ki, AH\u0130K-in sonuncu qurultay\u0131 2023-c\u00fc ilin 20 dekabr\u0131nda n\u00f6vb\u0259d\u0259nk\u0259nar qaydada ke\u00e7irilmi\u015fdi. H\u0259min qurultayda 6-c\u0131 \u00e7a\u011f\u0131r\u0131\u015f Milli M\u0259clisin deputat\u0131 S\u0259ttar M\u00f6hbal\u0131yev yenid\u0259n AH\u0130K-\u0259 s\u0259dr se\u00e7ilmi\u015fdi. B\u0259s 1 il tamam olmam\u0131\u015f AH\u0130K niy\u0259 yenid\u0259n n\u00f6vb\u0259d\u0259nk\u0259nar qurultay \u00e7a\u011f\u0131r\u0131r? H\u0259mkarlar \u0130ttifaqlar\u0131 Konfederasiyas\u0131ndak\u0131 m\u0259nb\u0259l\u0259rd\u0259n Modern.az-a daxil olan m\u0259lumata g\u00f6r\u0259, uzun ill\u0259rdir&hellip;<\/p>\n","protected":false},"author":2,"featured_media":741365,"comment_status":"closed","ping_status":"closed","sticky":false,"template":"","format":"standard","meta":{"om_disable_all_campaigns":false,"_monsterinsights_skip_tracking":false,"_monsterinsights_sitenote_active":false,"_monsterinsights_sitenote_note":"","_monsterinsights_sitenote_category":0},"categories":[19],"tags":[],"aioseo_notices":[],"gutentor_comment":0,"rttpg_featured_image_url":{"full":["https:\/\/arantv.az\/wp-content\/uploads\/2024\/08\/d5d8f34ee535efd5fc9694f2c1f63331.jpg",870,500,false],"landscape":["https:\/\/arantv.az\/wp-content\/uploads\/2024\/08\/d5d8f34ee535efd5fc9694f2c1f63331.jpg",870,500,false],"portraits":["https:\/\/arantv.az\/wp-content\/uploads\/2024\/08\/d5d8f34ee535efd5fc9694f2c1f63331.jpg",870,500,false],"thumbnail":["https:\/\/arantv.az\/wp-content\/uploads\/2024\/08\/d5d8f34ee535efd5fc9694f2c1f63331-500x280.jpg",500,280,true],"medium":["https:\/\/arantv.az\/wp-content\/uploads\/2024\/08\/d5d8f34ee535efd5fc9694f2c1f63331-635x365.jpg",635,365,true],"large":["https:\/\/arantv.az\/wp-content\/uploads\/2024\/08\/d5d8f34ee535efd5fc9694f2c1f63331-840x483.jpg",640,368,true],"1536x1536":["https:\/\/arantv.az\/wp-content\/uploads\/2024\/08\/d5d8f34ee535efd5fc9694f2c1f63331.jpg",870,500,false],"2048x2048":["https:\/\/arantv.az\/wp-content\/uploads\/2024\/08\/d5d8f34ee535efd5fc9694f2c1f63331.jpg",870,500,false],"post-thumbnail":["https:\/\/arantv.az\/wp-content\/uploads\/2024\/08\/d5d8f34ee535efd5fc9694f2c1f63331-240x172.jpg",240,172,true],"advps-thumb-one":["https:\/\/arantv.az\/wp-content\/uploads\/2024\/08\/d5d8f34ee535efd5fc9694f2c1f63331.jpg",870,500,false]},"rttpg_author":{"display_name":"V\u00fcsal Rafiqo\u011flu","author_link":"https:\/\/arantv.az\/?author=2"},"rttpg_comment":0,"rttpg_category":"<a href=\"https:\/\/arantv.az\/?cat=19\" rel=\"category\">G\u00fcnd\u0259m<\/a>","rttpg_excerpt":"R\u0259\u015fad M\u0259cid: \u201cJurnalist t\u0259\u015fkilatlar\u0131n\u0131n M\u0259tbuat \u015euras\u0131 il\u0259 birg\u0259 \u00fcmumi m\u00fczakir\u0259l\u0259rin\u0259 ehtiyac\u0131 olacaq\u201d Az\u0259rbaycan H\u0259mkarlar \u0130ttifaqlar\u0131 Konfederasiyas\u0131 (AH\u0130K) \u0130craiyy\u0259 Komit\u0259sinin 26 iyul tarixli iclas\u0131nda qurumun n\u00f6vb\u0259d\u0259nk\u0259nar qurultay\u0131n\u0131n \u00e7a\u011f\u0131r\u0131lmas\u0131 m\u00fczakir\u0259 edilib. M\u00fczakir\u0259l\u0259rd\u0259n sonra AH\u0130K-in n\u00f6vb\u0259d\u0259nk\u0259nar qurultay\u0131n\u0131n bu il avqustun 26-da ke\u00e7irilm\u0259si bar\u0259d\u0259 q\u0259rar q\u0259bul olunub. Maraql\u0131d\u0131r ki, AH\u0130K-in sonuncu qurultay\u0131 2023-c\u00fc ilin 20 dekabr\u0131nda n\u00f6vb\u0259d\u0259nk\u0259nar qaydada ke\u00e7irilmi\u015fdi.&hellip;","_links":{"self":[{"href":"https:\/\/arantv.az\/index.php?rest_route=\/wp\/v2\/posts\/741364"}],"collection":[{"href":"https:\/\/arantv.az\/index.php?rest_route=\/wp\/v2\/posts"}],"about":[{"href":"https:\/\/arantv.az\/index.php?rest_route=\/wp\/v2\/types\/post"}],"author":[{"embeddable":true,"href":"https:\/\/arantv.az\/index.php?rest_route=\/wp\/v2\/users\/2"}],"replies":[{"embeddable":true,"href":"https:\/\/arantv.az\/index.php?rest_route=%2Fwp%2Fv2%2Fcomments&post=741364"}],"version-history":[{"count":2,"href":"https:\/\/arantv.az\/index.php?rest_route=\/wp\/v2\/posts\/741364\/revisions"}],"predecessor-version":[{"id":741367,"href":"https:\/\/arantv.az\/index.php?rest_route=\/wp\/v2\/posts\/741364\/revisions\/741367"}],"wp:featuredmedia":[{"embeddable":true,"href":"https:\/\/arantv.az\/index.php?rest_route=\/wp\/v2\/media\/741365"}],"wp:attachment":[{"href":"https:\/\/arantv.az\/index.php?rest_route=%2Fwp%2Fv2%2Fmedia&parent=741364"}],"wp:term":[{"taxonomy":"category","embeddable":true,"href":"https:\/\/arantv.az\/index.php?rest_route=%2Fwp%2Fv2%2Fcategories&post=741364"},{"taxonomy":"post_tag","embeddable":true,"href":"https:\/\/arantv.az\/index.php?rest_route=%2Fwp%2Fv2%2Ftags&post=741364"}],"curies":[{"name":"wp","href":"https:\/\/api.w.org\/{rel}","templated":true}]}}