{"id":741829,"date":"2024-08-03T09:42:45","date_gmt":"2024-08-03T05:42:45","guid":{"rendered":"https:\/\/arantv.az\/?p=741829"},"modified":"2024-08-03T09:42:45","modified_gmt":"2024-08-03T05:42:45","slug":"qarabagda-v%c9%99-s%c9%99rqi-z%c9%99ng%c9%99zurda-genis-reabilitasiya-proqrami-h%c9%99yata-kecirilir","status":"publish","type":"post","link":"https:\/\/arantv.az\/?p=741829","title":{"rendered":"Qaraba\u011fda v\u0259 \u015e\u0259rqi Z\u0259ng\u0259zurda geni\u015f reabilitasiya proqram\u0131 h\u0259yata ke\u00e7irilir"},"content":{"rendered":"<p><strong><em>D\u00f6vl\u0259t ba\u015f\u00e7\u0131s\u0131 \u0130lham \u018fliyev bildirir ki, \u0259n b\u00f6y\u00fck mane\u0259 m\u0259hz minalard\u0131r<\/em><\/strong><\/p>\n<p>\u201cQaraba\u011f v\u0259 \u015e\u0259rqi Z\u0259ng\u0259zurda apar\u0131lan b\u0259rpa i\u015fl\u0259ri il\u0259 ba\u011fl\u0131 biz \u00e7ox nikbinik v\u0259 Az\u0259rbaycan c\u0259miyy\u0259ti d\u0259 olduqca nikbindir v\u0259 bu i\u015fl\u0259r\u0259 \u00e7ox h\u0259v\u0259sl\u0259 yana\u015f\u0131r. Bu, h\u0259r bir \u00f6lk\u0259nin m\u00fcv\u0259ff\u0259qiyy\u0259t\u0259 nail olmas\u0131 \u00fc\u00e7\u00fcn \u0259sas amildir. Burada rahatl\u0131q v\u0259 t\u0259hl\u00fck\u0259sizlik vacib amildir. Eyni zamanda, g\u00f6zl\u0259ntil\u0259r vacibdir. C\u0259miyy\u0259t g\u00f6r\u00fcr ki, uzun ill\u0259r can atd\u0131\u011f\u0131 m\u0259qs\u0259dl\u0259r art\u0131q reall\u0131\u011fa \u00e7evrilibdir.\u201d D\u00f6vl\u0259t ba\u015f\u00e7\u0131s\u0131 \u0130lham \u018fliyev 2-ci \u015eu\u015fa Qlobal Media Forumunda bu reall\u0131qlar\u0131\u00a0 da\u00a0 50-y\u0259 yax\u0131n \u00f6lk\u0259d\u0259n 150-d\u0259n \u00e7ox xarici qona\u011f\u0131n, o c\u00fcml\u0259d\u0259n 30-a yax\u0131n \u00f6lk\u0259nin informasiya agentliyinin, 3 beyn\u0259lxalq t\u0259\u015fkilat\u0131n v\u0259 82 media qurumunun\u00a0vasit\u0259sil\u0259 beyn\u0259lxalq ictimaiyy\u0259t\u0259 \u00e7atd\u0131rd\u0131 ki, i\u015f\u011faldan azad edilmi\u015f\u00a0 \u0259razil\u0259rin reabilitasiyas\u0131n\u0131n daha s\u00fcr\u0259tli apar\u0131lmas\u0131 \u00fc\u00e7\u00fcn infrastruktur layih\u0259l\u0259rinin v\u0259 ya\u015fay\u0131\u015f binalar\u0131n\u0131n in\u015fas\u0131na ba\u015flamam\u0131\u015fdan \u0259vv\u0259l o \u0259razil\u0259r minalardan t\u0259mizl\u0259nir. \u201cT\u0259\u0259ss\u00fcfl\u0259r olsun ki, bizim kifay\u0259t q\u0259d\u0259r resursumuz, t\u0259cr\u00fcb\u0259li hey\u0259timiz yoxdur. Beyn\u0259lxalq t\u0259\u015fkilatlar v\u0259 \u015firk\u0259tl\u0259r biz\u0259 el\u0259 qiym\u0259tl\u0259r t\u0259klif edirl\u0259r ki, h\u0259r bir kvadratmetr\u0259 t\u0259klif edil\u0259n qiym\u0259t 5-10 d\u0259f\u0259 art\u0131qd\u0131r. \u00c7\u00fcnki bizim d\u0259 \u00f6z\u00fcm\u00fcz\u00fcn Minat\u0259mizl\u0259m\u0259 Agentliyimiz v\u0259 \u015firk\u0259tl\u0259rimiz var. Bu, n\u0259 q\u0259d\u0259r davam ed\u0259c\u0259k, bunu dem\u0259k \u00e7ox \u00e7\u0259tindir\u00bb s\u00f6yl\u0259y\u0259n c\u0259nab \u0130lham \u018fliyev vur\u011fulad\u0131 ki, bu g\u00fcn bizd\u0259 olan m\u0259lumata g\u00f6r\u0259, orada bir milyondan art\u0131q mina basd\u0131r\u0131l\u0131b. 2020-ci ilin 10 noyabr tarixli \u00fc\u00e7t\u0259r\u0259fli B\u0259yanat\u0131ndan sonra,\u00a0 bizim La\u00e7\u0131n d\u0259hlizi \u00fcz\u0259rind\u0259 n\u0259zar\u0259timiz olmad\u0131\u011f\u0131 d\u00f6vrd\u0259 Erm\u0259nistandan mina da\u015f\u0131n\u0131rd\u0131 v\u0259 onlar orada basd\u0131r\u0131l\u0131rd\u0131: \u00abBiz bunu nec\u0259 bilirik? \u00c7\u00fcnki o minalar\u0131n \u00fcz\u0259rind\u0259 \u201c\u0130stehsal tarixi 2021-ci il, Erm\u0259nistanda istehsal edilmi\u015fdir\u201d yaz\u0131lar\u0131 var. Y\u0259ni, t\u0259s\u0259vv\u00fcr edin ki, \u0130kinci Qaraba\u011f m\u00fcharib\u0259si ba\u015fa \u00e7atd\u0131qdan sonra bel\u0259 onlar biz\u0259 qar\u015f\u0131 mina terroru h\u0259yata ke\u00e7irirdil\u0259r.\u201d<\/p>\n<p><strong>\u018fvv\u0259lc\u0259 \u015eu\u015fa, C\u0259bray\u0131l, K\u0259lb\u0259c\u0259r, Xank\u0259ndi v\u0259 Xocal\u0131&#8230;<\/strong><\/p>\n<p>H\u0259min Forumda d\u00f6vl\u0259timizin ba\u015f\u00e7\u0131s\u0131 onu da bildirdi ki, qay\u0131d\u0131\u015f m\u0259s\u0259l\u0259sin\u0259 g\u0259ldikd\u0259, d\u00f6rd \u015f\u0259h\u0259r\u0259 v\u0259 d\u00f6rd k\u0259nd\u0259 v\u0259t\u0259nda\u015flar art\u0131q qay\u0131d\u0131blar. F\u00fczuli, La\u00e7\u0131n, \u015eu\u015fa v\u0259 Xocal\u0131 \u015f\u0259h\u0259rl\u0259ri, A\u011fal\u0131, Tal\u0131\u015f, Zabux v\u0259 Sus k\u0259ndl\u0259ri sakinl\u0259rin\u0259 qovu\u015fub. K\u00f6\u00e7 bu g\u00fcn d\u0259 davam edir. Bu il planda C\u0259bray\u0131l v\u0259 K\u0259lb\u0259c\u0259r \u015f\u0259h\u0259rl\u0259rinin d\u0259 sakinl\u0259rin\u0259 qovu\u015fmas\u0131 n\u0259z\u0259rd\u0259 tutulur. Xat\u0131rlasaq, d\u00f6vl\u0259timizin ba\u015f\u00e7\u0131s\u0131 \u0130lham \u018fliyev ilin \u0259vv\u0259lind\u0259 \u0259n\u0259n\u0259vi olaraq yerli televiziya kanallar\u0131na m\u00fcsahib\u0259sind\u0259n cari il \u00fc\u00e7\u00fcn h\u0259d\u0259fl\u0259rd\u0259n b\u0259hs ed\u0259rk\u0259n h\u0259yata ke\u00e7iril\u0259n infrastruktur layih\u0259l\u0259rinin \u0259sas\u0131nda bildirmi\u015fdir ki, biz bu il daha b\u00f6y\u00fck sayda ke\u00e7mi\u015f k\u00f6\u00e7k\u00fcnl\u0259ri \u00f6z d\u0259d\u0259-baba torpaqlar\u0131na qaytaracaq v\u0259 onlar\u0131n bu il qaytar\u0131lacaqlar\u0131 \u015f\u0259h\u0259rl\u0259r aras\u0131nda\u00a0 \u015eu\u015fa, C\u0259bray\u0131l, K\u0259lb\u0259c\u0259r, Xank\u0259ndi v\u0259 Xocal\u0131 \u015f\u0259h\u0259rl\u0259ri olacaq. A\u011fdam, Z\u0259ngilan, Qubadl\u0131 \u015f\u0259h\u0259rl\u0259rin\u0259 is\u0259 ke\u00e7mi\u015f m\u0259cburi k\u00f6\u00e7k\u00fcnl\u0259rin 2025-ci ild\u0259 qay\u0131tmas\u0131 n\u0259z\u0259rd\u0259 tutulur. Bununla paralel olaraq \u00a0bir ne\u00e7\u0259 k\u0259nd\u0259 ke\u00e7mi\u015f k\u00f6\u00e7k\u00fcnl\u0259r qay\u0131dacaqlar. La\u00e7\u0131n rayonunun Sus k\u0259ndi haz\u0131r olacaq. Ondan sonra Xocal\u0131 rayonunun K\u0259rkicahan, Mal\u0131b\u0259yli, Tur\u015fsu k\u0259ndl\u0259rinin d\u0259 b\u0259rpas\u0131na art\u0131q start verilib. 2026-c\u0131 ilin sonuna q\u0259d\u0259r\u00a0 h\u0259d\u0259fimiz 140 min ke\u00e7mi\u015f k\u00f6\u00e7k\u00fcn\u00fc \u00f6z d\u0259d\u0259-baba torpaqlar\u0131na qaytarmaqd\u0131r: \u00ab\u018fmin\u0259m ki, biz buna da nail olaca\u011f\u0131q. Onu da bir daha bildirm\u0259liy\u0259m ki, b\u00fct\u00fcn bunlar\u0131 biz \u00f6z daxili imkanlar hesab\u0131na edirik. He\u00e7 bir donor t\u0259\u015fkilat\u0131, he\u00e7 bir dig\u0259r t\u0259r\u0259f biz\u0259 k\u00f6m\u0259k g\u00f6st\u0259rmir. Ancaq \u00d6zb\u0259kistan v\u0259 Qazax\u0131stan F\u00fczulid\u0259 iki m\u0259kt\u0259bin tikintisi il\u0259 ba\u011fl\u0131 biz\u0259 qarda\u015f d\u0259st\u0259yi g\u00f6st\u0259rmi\u015fdir, b\u00fct\u00fcn qalan layih\u0259l\u0259r daxili imkanlar hesab\u0131na realla\u015fd\u0131r\u0131l\u0131r.\u00bb H\u0259min d\u00f6vr\u00fcn statistikas\u0131na g\u00f6r\u0259 azad edilmi\u015f \u0259razil\u0259rd\u0259 art\u0131q 8 min\u0259 yax\u0131n \u0259hali ya\u015fay\u0131rd\u0131. C\u0259nab \u0130lham \u018fliyev ilin sonuna q\u0259d\u0259r bu r\u0259q\u0259min 20 min\u0259 \u00e7atd\u0131r\u0131laca\u011f\u0131n\u0131 bildirdi. Bu m\u00fch\u00fcm m\u0259qam da x\u00fcsusi qeyd edildi ki, Qaraba\u011fda v\u0259 \u015e\u0259rqi Z\u0259ng\u0259zurda geni\u015f reabilitasiya proqram\u0131 h\u0259yata ke\u00e7irilir.<\/p>\n<p><strong>Azad edilmi\u015f \u0259razil\u0259rd\u0259 bu g\u00fcn geni\u015f yol-n\u0259qliyyat infrastrukturu yarad\u0131l\u0131r<\/strong><\/p>\n<p>Qeyd etdiyimiz kimi, bunlar d\u00f6vl\u0259timizin ba\u015f\u00e7\u0131s\u0131 \u0130lham \u018fliyevin 2024-c\u00fc il \u00a0il\u0259 ba\u011fl\u0131 h\u0259d\u0259fl\u0259ri idi. Art\u0131q h\u0259min vaxtdan 7 ay ke\u00e7ib. \u00d6t\u0259n bu d\u00f6vr \u0259rzind\u0259 bu torpaqlarda g\u00f6r\u00fcl\u0259n i\u015fl\u0259rin miqyas\u0131 qar\u015f\u0131ya qoyulan h\u0259d\u0259f\u0259 y\u00fcks\u0259k s\u0259viyy\u0259d\u0259 nail olaca\u011f\u0131m\u0131za \u0259sas yarad\u0131r. Bel\u0259 ki,\u00a0 c\u0259nab \u0130lham \u018fliyev \u00f6t\u0259n ay \u015eu\u015fan\u0131n ev sahibliyi etdiyi T\u00fcrk D\u00f6vl\u0259tl\u0259ri\u00a0 T\u0259\u015fkilat\u0131n\u0131n qeyri-r\u0259smi Zirv\u0259 g\u00f6r\u00fc\u015f\u00fcnd\u0259, h\u0259m\u00e7inin Qlobal Media Forumunda diqq\u0259ti tarixi sahibin\u0259 qovu\u015fan \u0259razil\u0259rimizd\u0259 apar\u0131lan b\u0259rpa-quruculuq i\u015fl\u0259rin\u0259 y\u00f6n\u0259ltdi. T\u0259bii ki, bu \u0259razil\u0259rimizin ev sahibliyi etdiyi beyn\u0259lxalq \u0259h\u0259miyy\u0259tli t\u0259dbirl\u0259r\u00a0 art\u0131q tarix\u0259 qovu\u015fan Qaraba\u011f m\u00fcnaqi\u015f\u0259si il\u0259 ba\u011fl\u0131 h\u0259qiq\u0259tl\u0259rin, h\u0259m\u00e7inin erm\u0259ni v\u0259h\u015filikl\u0259rinin t\u0259qdimat\u0131nda \u0259h\u0259miyy\u0259tli rol oynay\u0131r. T\u0259dbir i\u015ftirak\u00e7\u0131lar\u0131 reall\u0131qlar\u0131n canl\u0131 \u015fahidin\u0259 \u00e7evrilm\u0259kl\u0259 g\u00f6rd\u00fckl\u0259rinin \u00f6z \u00f6lk\u0259l\u0259rind\u0259 t\u0259bli\u011fat\u00e7\u0131s\u0131na \u00e7evrilirl\u0259r. C\u0259nab \u0130lham \u018fliyev Zirv\u0259 g\u00f6r\u00fc\u015f\u00fcnd\u0259 bu reall\u0131qlar\u0131 bir daha dost, qarda\u015f \u00f6lk\u0259l\u0259r\u0259 \u00e7atd\u0131rd\u0131. Bildirdi ki, bu g\u00fcn Qaraba\u011f v\u0259 \u015e\u0259rqi Z\u0259ng\u0259zurda B\u00f6y\u00fck Qay\u0131d\u0131\u015f Proqram\u0131 icra olunur. Erm\u0259nistan i\u015f\u011fal d\u00f6vr\u00fcnd\u0259 bu \u0259razil\u0259rd\u0259 b\u00fct\u00fcn \u015f\u0259h\u0259r v\u0259 k\u0259ndl\u0259ri yerl\u0259-yeksan etmi\u015fdir. \u0130ndi is\u0259 bu torpaqlara h\u0259yat qay\u0131d\u0131r. \u201cB\u00f6y\u00fck Qay\u0131d\u0131\u015f\u201d Proqram\u0131n\u0131n icras\u0131 \u00e7\u0259r\u00e7iv\u0259sind\u0259 bu g\u00fcn\u0259 q\u0259d\u0259r 8 min\u0259 yax\u0131n ke\u00e7mi\u015f m\u0259cburi k\u00f6\u00e7k\u00fcn La\u00e7\u0131n, F\u00fczuli, \u015eu\u015fa, Xocal\u0131 \u015f\u0259h\u0259rl\u0259rin\u0259 v\u0259 d\u00f6rd k\u0259nd\u0259 qay\u0131d\u0131b. Bu ilin sonuna q\u0259d\u0259r 20 min insan azad edilmi\u015f torpaqlara qay\u0131dacaq. T\u00fcrk d\u00f6vl\u0259tl\u0259rinin r\u0259hb\u0259rl\u0259rinin azad edilmi\u015f torpaqlara s\u0259f\u0259rl\u0259ri qarda\u015fl\u0131q h\u0259mr\u0259yliyinin t\u0259zah\u00fcr\u00fcd\u00fcr. T\u00fcrkiy\u0259 Prezidenti \u015eu\u015fa, F\u00fczuli, Z\u0259ngilan v\u0259 C\u0259bray\u0131la, \u00d6zb\u0259kistan v\u0259 Qazax\u0131stan prezidentl\u0259ri \u015eu\u015fa v\u0259 F\u00fczuliy\u0259, Q\u0131r\u011f\u0131z\u0131stan Prezidenti F\u00fczuli v\u0259 A\u011fdama s\u0259f\u0259rl\u0259r etmi\u015fl\u0259r. Qarda\u015fl\u0131\u011f\u0131m\u0131z\u0131n r\u0259mzi olan m\u0259kt\u0259b v\u0259 yarad\u0131c\u0131l\u0131q m\u0259rk\u0259zin\u0259 v\u0259 el\u0259c\u0259 d\u0259 tikil\u0259c\u0259k m\u0259kt\u0259bl\u0259r\u0259 g\u00f6r\u0259 qarda\u015f \u00f6lk\u0259l\u0259rin d\u00f6vl\u0259t v\u0259 h\u00f6kum\u0259t ba\u015f\u00e7\u0131lar\u0131na \u00a0t\u0259\u015f\u0259kk\u00fcr\u00fcn\u00fc bildir\u0259n c\u0259nab \u0130lham \u018fliyev bu m\u0259qam\u0131 da b\u00f6y\u00fck q\u00fcrur hissi il\u0259 diqq\u0259t\u0259 \u00e7atd\u0131rd\u0131 ki, 44 g\u00fcnl\u00fck V\u0259t\u0259n m\u00fcharib\u0259si zaman\u0131 Az\u0259rbaycan Ordusu d\u00f6y\u00fc\u015f meydan\u0131nda 300-d\u0259n \u00e7ox \u015f\u0259h\u0259r v\u0259 k\u0259ndi Erm\u0259nistan\u0131n t\u0259xmin\u0259n 30 il davam ed\u0259n i\u015f\u011fal\u0131ndan azad etdi. Ke\u00e7\u0259n il sentyabr\u0131n 20-d\u0259 Az\u0259rbaycan \u00f6z \u0259razi b\u00fct\u00f6vl\u00fcy\u00fcn\u00fc v\u0259 suverenliyini tam b\u0259rpa ed\u0259nd\u0259n sonra \u015eu\u015fada ke\u00e7iril\u0259n\u00a0 Zirv\u0259 g\u00f6r\u00fc\u015f\u00fc r\u0259mzi m\u0259na da\u015f\u0131y\u0131r. C\u0259nab \u0130lham \u018fliyev b\u00fct\u00fcn \u00e7\u0131x\u0131\u015flar\u0131nda b\u00f6y\u00fck q\u00fcrurla v\u0259 inamla bildirir ki, biz bu g\u00fcn A\u011fdamday\u0131q, F\u00fczulid\u0259yik, La\u00e7\u0131nday\u0131q, C\u0259bray\u0131lday\u0131q, Z\u0259ngilanday\u0131q, Qubadl\u0131day\u0131q, K\u0259lb\u0259c\u0259rd\u0259yik, \u015eu\u015faday\u0131q, Hadrutday\u0131q, Xocal\u0131day\u0131q, A\u011fd\u0259r\u0259d\u0259yik, \u018fsg\u0259randay\u0131q, Xank\u0259ndid\u0259yik! Yeni d\u00f6vr u\u011furla ba\u015flay\u0131r, \u00a0u\u011furla da davam ed\u0259c\u0259k. Azad edilmi\u015f \u0259razil\u0259rd\u0259 bu g\u00fcn geni\u015f yol-n\u0259qliyyat infrastrukturu yarad\u0131l\u0131r v\u0259 bu n\u0259h\u0259ng layih\u0259l\u0259rin icras\u0131nda T\u00fcrkiy\u0259d\u0259n olan \u015firk\u0259tl\u0259r f\u0259al i\u015ftirak edirl\u0259r. \u0130ndi \u015eu\u015faya ged\u0259n h\u0259r bir insan yeni \u00e7\u0259kil\u0259n avtomagistraldan ke\u00e7\u0259r\u0259k \u00f6z g\u00f6z\u00fc il\u0259 g\u00f6r\u00fcr ki, orada 7 tunel, 9 viaduk, bir \u00e7ox k\u00f6rp\u00fcl\u0259r in\u015fa edilir v\u0259 podrat\u00e7\u0131lar\u0131n \u0259ks\u0259riyy\u0259ti T\u00fcrkiy\u0259d\u0259n olan \u015firk\u0259tl\u0259rdir. Eyni zamanda, d\u0259mir yolunun b\u0259rpas\u0131 prosesi d\u0259 s\u00fcr\u0259tl\u0259 gedir. Horadiz-A\u011fb\u0259nd d\u0259mir yolunun podrat\u00e7\u0131s\u0131 da T\u00fcrkiy\u0259 \u015firk\u0259tl\u0259ridir. Y\u0259ni\u00a0 azad edilmi\u015f torpaqlarda t\u00fcrk d\u00fcnyas\u0131n\u0131n birliyini \u0259yani \u015f\u0259kild\u0259 g\u00f6r\u00fcr\u00fck. Bu, h\u0259m bizi sevindirir, h\u0259m d\u0259 b\u00fct\u00fcn T\u00fcrk d\u00fcnyas\u0131 \u00f6lk\u0259l\u0259rinin bir-birin\u0259 n\u0259 q\u0259d\u0259r ba\u011fl\u0131 olmas\u0131ndan x\u0259b\u0259r verir.<\/p>\n<p>D\u00f6vl\u0259t ba\u015f\u00e7\u0131s\u0131 \u0130lham \u018fliyev tarixi Z\u0259f\u0259rimizd\u0259n d\u0259rhal sonra b\u0259rpa-quruculuq i\u015fl\u0259rin\u0259 ba\u015fland\u0131\u011f\u0131 andan bel\u0259 bir \u00e7a\u011f\u0131r\u0131\u015f\u0131 etdi ki, b\u0259rpa-quruculuq i\u015fl\u0259rind\u0259\u00a0 dost \u00f6lk\u0259l\u0259rin i\u015ftirak\u0131n\u0131 ist\u0259rdik.\u00a0 \u00d6t\u0259n\u00a0 d\u00f6rd\u00a0 il\u0259 yax\u0131n zamanda i\u015f\u011faldan azad edilmi\u015f \u0259razil\u0259rimizd\u0259 apar\u0131lan geni\u015fmiqyasl\u0131 b\u0259rpa-qurculuq i\u015fl\u0259rinin miqyas\u0131na diqq\u0259t yetirm\u0259k kifay\u0259tdir.\u00a0 Prezident\u00a0 \u0130lham \u018fliyevin v\u0259 birinci xan\u0131m Mehriban \u018fliyevan\u0131n i\u015f\u011faldan azad edilmi\u015f \u0259razil\u0259rimiz\u0259\u00a0 davaml\u0131 s\u0259f\u0259rl\u0259rinin h\u0259r biri bu torpaqlarda\u00a0 yeni sosial obyektl\u0259rin a\u00e7\u0131l\u0131\u015f v\u0259 t\u0259m\u0259lqoyma m\u0259rasiml\u0259rinin ke\u00e7irilm\u0259si il\u0259 yadda qal\u0131r.<\/p>\n<p><strong>Minalarla \u0259n \u00e7ox \u00e7irkl\u0259nmi\u015f \u00f6lk\u0259l\u0259r s\u0131ras\u0131nda<\/strong><\/p>\n<p>Yaz\u0131n\u0131n \u0259vv\u0259lind\u0259 d\u0259 qeyd etdiyimiz kimi, i\u015f\u011faldan azad edilmi\u015f \u0259razil\u0259rd\u0259 i\u015fl\u0259rin s\u00fcr\u0259tin\u0259 t\u0259sir g\u00f6st\u0259r\u0259n amill\u0259rd\u0259n biri bu torpaqlar\u0131n \u00a0Erm\u0259nistan t\u0259r\u0259find\u0259n minalanmas\u0131, \u0259n \u0259sas\u0131 minalanm\u0131\u015f sah\u0259l\u0259rin x\u0259rit\u0259l\u0259rinin verilm\u0259m\u0259sidir. Bu bax\u0131mdan\u00a0 minalar\u0131n t\u0259mizl\u0259nm\u0259si xeyli vaxt itkisin\u0259 s\u0259b\u0259b olur. Bir m\u00fcdd\u0259t \u00f6nc\u0259 \u00a0\u00f6lk\u0259mizd\u0259 ke\u00e7iril\u0259n\u00a0 \u201cMina t\u0259hl\u00fck\u0259si il\u0259 m\u00fcbariz\u0259 \u2013 dayan\u0131ql\u0131 inki\u015fafa ged\u0259n yol\u201d m\u00f6vzusunda beyn\u0259lxalq konfrans\u0131n i\u015ftirak\u00e7\u0131lar\u0131na m\u00fcraci\u0259tind\u0259\u00a0\u00a0 d\u00f6vl\u0259t ba\u015f\u00e7\u0131s\u0131 \u0130lham \u018fliyev bu m\u00fch\u00fcm m\u0259qam\u0131 xususi qeyd etdi ki, Erm\u0259nistan\u0131n m\u0259qs\u0259dy\u00f6nl\u00fc siyas\u0259ti n\u0259tic\u0259sind\u0259 Az\u0259rbaycan d\u00fcnyada minalar v\u0259 partlamam\u0131\u015f h\u0259rbi sursatlar il\u0259 \u0259n \u00e7ox \u00e7irkl\u0259nmi\u015f \u00f6lk\u0259l\u0259r s\u0131ras\u0131nda yer al\u0131b. Erm\u0259nistan i\u015f\u011fal d\u00f6vr\u00fcnd\u0259 torpaqlar\u0131m\u0131za ilkin qiym\u0259tl\u0259ndirm\u0259l\u0259r\u0259 g\u00f6r\u0259 1,5 milyondan art\u0131q mina basd\u0131rm\u0131\u015fd\u0131r. \u0130kinci Qaraba\u011f m\u00fcharib\u0259si ba\u015fa \u00e7atandan bu g\u00fcn\u0259 q\u0259d\u0259r 302 n\u0259f\u0259r v\u0259t\u0259nda\u015f mina qurban\u0131 olub. \u00dcmumilikd\u0259 Erm\u0259nistan\u0131n Az\u0259rbaycana qar\u015f\u0131 h\u0259rbi t\u0259cav\u00fcz\u00fcn\u00fcn ba\u015flad\u0131\u011f\u0131 d\u00f6vrd\u0259n indiy\u0259d\u0259k 3400-\u0259 yax\u0131n v\u0259t\u0259nda\u015f\u0131m\u0131z minalardan z\u0259r\u0259r \u00e7\u0259kib. Az\u0259rbaycan\u0131n \u00fczl\u0259\u015fdiyi mina t\u0259hl\u00fck\u0259si k\u00fctl\u0259vi q\u0131r\u011f\u0131n silahlar\u0131n\u0131n do\u011furdu\u011fu d\u0259h\u015f\u0259t il\u0259 m\u00fcqayis\u0259 oluna bil\u0259r. M\u00fcraci\u0259td\u0259 o da qeyd edildi ki, \u00f6z yurd-yuvalar\u0131ndan did\u0259rgin d\u00fc\u015fm\u00fc\u015f soyda\u015flar\u0131m\u0131z\u0131n tezlikl\u0259 k\u00f6n\u00fcll\u00fc, t\u0259hl\u00fck\u0259siz\u00a0 \u015f\u0259kild\u0259 do\u011fma torpaqlar\u0131na qay\u0131tmas\u0131 \u00fc\u00e7\u00fcn i\u015f\u011faldan azad olunmu\u015f \u0259razil\u0259rimizd\u0259 d\u0259rhal geni\u015fmiqyasl\u0131 quruculuq i\u015fl\u0259rin\u0259 start verildi.\u00a0 Haz\u0131rda i\u015f\u011fal d\u00f6vr\u00fcnd\u0259 da\u011f\u0131d\u0131lm\u0131\u015f b\u00fct\u00fcn infrastruktur yenid\u0259n b\u0259rpa olunur, \u201cya\u015f\u0131l enerji\u201d zonas\u0131 elan edilmi\u015f Qaraba\u011f v\u0259 \u015e\u0259rqi Z\u0259ng\u0259zurda yeni \u015f\u0259h\u0259rl\u0259r v\u0259 k\u0259ndl\u0259r in\u015fa edilir. Torpaqlar\u0131m\u0131z\u0131n k\u00fctl\u0259vi \u015f\u0259kild\u0259 minalarla \u00e7irkl\u0259nm\u0259si haz\u0131rda burada apard\u0131\u011f\u0131m\u0131z b\u0259rpa v\u0259 yenid\u0259nqurma i\u015fl\u0259rini l\u0259ngitm\u0259kl\u0259 yana\u015f\u0131, insanlar\u0131n h\u0259yat v\u0259 sa\u011flaml\u0131\u011f\u0131na ciddi t\u0259hdid yarad\u0131r, uzun ill\u0259r do\u011fma torpaqlar\u0131na d\u00f6nm\u0259k arzusu il\u0259 ya\u015fayan y\u00fcz minl\u0259rl\u0259 m\u0259cburi k\u00f6\u00e7k\u00fcn\u00fcn h\u00fcquqlar\u0131n\u0131n realla\u015fd\u0131r\u0131lmas\u0131na \u0259ng\u0259l t\u00f6r\u0259dir. \u00dczl\u0259\u015fdiyimiz mina probleminin n\u0259 q\u0259d\u0259r b\u00f6y\u00fck v\u0259 m\u00fcr\u0259kk\u0259b, qar\u015f\u0131m\u0131zdak\u0131 yolun is\u0259 h\u0259l\u0259 uzun olmas\u0131na baxmayaraq, \u00f6lk\u0259miz m\u00fcmk\u00fcn \u0259n q\u0131sa m\u00fcdd\u0259td\u0259 bunun \u00f6hd\u0259sind\u0259n g\u0259lm\u0259k \u00fc\u00e7\u00fcn b\u00fct\u00fcn g\u00fcc\u00fcn\u00fc s\u0259f\u0259rb\u0259r edib. Minat\u0259mizl\u0259m\u0259 f\u0259aliyy\u0259timizin 90 faizind\u0259n \u00e7oxu \u00f6lk\u0259mizin daxili resurslar\u0131 hesab\u0131na apar\u0131l\u0131r.\u00a0 Az\u0259rbaycan \u00f6z\u00fcn\u00fcn minat\u0259mizl\u0259m\u0259 probleminin h\u0259lli il\u0259 yana\u015f\u0131, qlobal s\u0259viyy\u0259d\u0259 d\u0259 humanitar minat\u0259mizl\u0259m\u0259 prosesin\u0259 t\u00f6hf\u0259 verir.<\/p>\n<p><em><strong>Yegan\u0259 \u018fliyeva, \u201c\u0130ki sahil\u201d<\/strong><\/em><\/p>\n","protected":false},"excerpt":{"rendered":"<p>D\u00f6vl\u0259t ba\u015f\u00e7\u0131s\u0131 \u0130lham \u018fliyev bildirir ki, \u0259n b\u00f6y\u00fck mane\u0259 m\u0259hz minalard\u0131r \u201cQaraba\u011f v\u0259 \u015e\u0259rqi Z\u0259ng\u0259zurda apar\u0131lan b\u0259rpa i\u015fl\u0259ri il\u0259 ba\u011fl\u0131 biz \u00e7ox nikbinik v\u0259 Az\u0259rbaycan c\u0259miyy\u0259ti d\u0259 olduqca nikbindir v\u0259 bu i\u015fl\u0259r\u0259 \u00e7ox h\u0259v\u0259sl\u0259 yana\u015f\u0131r. Bu, h\u0259r bir \u00f6lk\u0259nin m\u00fcv\u0259ff\u0259qiyy\u0259t\u0259 nail olmas\u0131 \u00fc\u00e7\u00fcn \u0259sas amildir. Burada rahatl\u0131q v\u0259 t\u0259hl\u00fck\u0259sizlik vacib amildir. Eyni zamanda, g\u00f6zl\u0259ntil\u0259r vacibdir. C\u0259miyy\u0259t g\u00f6r\u00fcr ki, uzun ill\u0259r can atd\u0131\u011f\u0131 m\u0259qs\u0259dl\u0259r art\u0131q reall\u0131\u011fa \u00e7evrilibdir.\u201d D\u00f6vl\u0259t ba\u015f\u00e7\u0131s\u0131 \u0130lham \u018fliyev 2-ci \u015eu\u015fa Qlobal Media Forumunda bu reall\u0131qlar\u0131\u00a0 da\u00a0 50-y\u0259 yax\u0131n \u00f6lk\u0259d\u0259n 150-d\u0259n \u00e7ox xarici qona\u011f\u0131n, o c\u00fcml\u0259d\u0259n 30-a yax\u0131n \u00f6lk\u0259nin&hellip;<\/p>\n","protected":false},"author":2,"featured_media":741830,"comment_status":"closed","ping_status":"closed","sticky":false,"template":"","format":"standard","meta":{"om_disable_all_campaigns":false,"_monsterinsights_skip_tracking":false,"_monsterinsights_sitenote_active":false,"_monsterinsights_sitenote_note":"","_monsterinsights_sitenote_category":0},"categories":[8],"tags":[],"aioseo_notices":[],"gutentor_comment":0,"rttpg_featured_image_url":{"full":["https:\/\/arantv.az\/wp-content\/uploads\/2024\/08\/bf40d1cb172260707895666659611094990.jpg",975,540,false],"landscape":["https:\/\/arantv.az\/wp-content\/uploads\/2024\/08\/bf40d1cb172260707895666659611094990.jpg",975,540,false],"portraits":["https:\/\/arantv.az\/wp-content\/uploads\/2024\/08\/bf40d1cb172260707895666659611094990.jpg",975,540,false],"thumbnail":["https:\/\/arantv.az\/wp-content\/uploads\/2024\/08\/bf40d1cb172260707895666659611094990-500x280.jpg",500,280,true],"medium":["https:\/\/arantv.az\/wp-content\/uploads\/2024\/08\/bf40d1cb172260707895666659611094990-660x365.jpg",660,365,true],"large":["https:\/\/arantv.az\/wp-content\/uploads\/2024\/08\/bf40d1cb172260707895666659611094990-840x465.jpg",640,354,true],"1536x1536":["https:\/\/arantv.az\/wp-content\/uploads\/2024\/08\/bf40d1cb172260707895666659611094990.jpg",975,540,false],"2048x2048":["https:\/\/arantv.az\/wp-content\/uploads\/2024\/08\/bf40d1cb172260707895666659611094990.jpg",975,540,false],"post-thumbnail":["https:\/\/arantv.az\/wp-content\/uploads\/2024\/08\/bf40d1cb172260707895666659611094990-240x172.jpg",240,172,true],"advps-thumb-one":["https:\/\/arantv.az\/wp-content\/uploads\/2024\/08\/bf40d1cb172260707895666659611094990.jpg",975,540,false]},"rttpg_author":{"display_name":"V\u00fcsal Rafiqo\u011flu","author_link":"https:\/\/arantv.az\/?author=2"},"rttpg_comment":0,"rttpg_category":"<a href=\"https:\/\/arantv.az\/?cat=8\" rel=\"category\">\u018fsas s\u0259hif\u0259<\/a>","rttpg_excerpt":"D\u00f6vl\u0259t ba\u015f\u00e7\u0131s\u0131 \u0130lham \u018fliyev bildirir ki, \u0259n b\u00f6y\u00fck mane\u0259 m\u0259hz minalard\u0131r \u201cQaraba\u011f v\u0259 \u015e\u0259rqi Z\u0259ng\u0259zurda apar\u0131lan b\u0259rpa i\u015fl\u0259ri il\u0259 ba\u011fl\u0131 biz \u00e7ox nikbinik v\u0259 Az\u0259rbaycan c\u0259miyy\u0259ti d\u0259 olduqca nikbindir v\u0259 bu i\u015fl\u0259r\u0259 \u00e7ox h\u0259v\u0259sl\u0259 yana\u015f\u0131r. Bu, h\u0259r bir \u00f6lk\u0259nin m\u00fcv\u0259ff\u0259qiyy\u0259t\u0259 nail olmas\u0131 \u00fc\u00e7\u00fcn \u0259sas amildir. Burada rahatl\u0131q v\u0259 t\u0259hl\u00fck\u0259sizlik vacib amildir. Eyni zamanda, g\u00f6zl\u0259ntil\u0259r vacibdir.&hellip;","_links":{"self":[{"href":"https:\/\/arantv.az\/index.php?rest_route=\/wp\/v2\/posts\/741829"}],"collection":[{"href":"https:\/\/arantv.az\/index.php?rest_route=\/wp\/v2\/posts"}],"about":[{"href":"https:\/\/arantv.az\/index.php?rest_route=\/wp\/v2\/types\/post"}],"author":[{"embeddable":true,"href":"https:\/\/arantv.az\/index.php?rest_route=\/wp\/v2\/users\/2"}],"replies":[{"embeddable":true,"href":"https:\/\/arantv.az\/index.php?rest_route=%2Fwp%2Fv2%2Fcomments&post=741829"}],"version-history":[{"count":1,"href":"https:\/\/arantv.az\/index.php?rest_route=\/wp\/v2\/posts\/741829\/revisions"}],"predecessor-version":[{"id":741831,"href":"https:\/\/arantv.az\/index.php?rest_route=\/wp\/v2\/posts\/741829\/revisions\/741831"}],"wp:featuredmedia":[{"embeddable":true,"href":"https:\/\/arantv.az\/index.php?rest_route=\/wp\/v2\/media\/741830"}],"wp:attachment":[{"href":"https:\/\/arantv.az\/index.php?rest_route=%2Fwp%2Fv2%2Fmedia&parent=741829"}],"wp:term":[{"taxonomy":"category","embeddable":true,"href":"https:\/\/arantv.az\/index.php?rest_route=%2Fwp%2Fv2%2Fcategories&post=741829"},{"taxonomy":"post_tag","embeddable":true,"href":"https:\/\/arantv.az\/index.php?rest_route=%2Fwp%2Fv2%2Ftags&post=741829"}],"curies":[{"name":"wp","href":"https:\/\/api.w.org\/{rel}","templated":true}]}}