{"id":741832,"date":"2024-08-03T09:44:31","date_gmt":"2024-08-03T05:44:31","guid":{"rendered":"https:\/\/arantv.az\/?p=741832"},"modified":"2024-08-03T09:44:31","modified_gmt":"2024-08-03T05:44:31","slug":"cop29-g%c9%99ncl%c9%99r-ucun-yeni-furs%c9%99t","status":"publish","type":"post","link":"https:\/\/arantv.az\/?p=741832","title":{"rendered":"COP29: G\u0259ncl\u0259r \u00fc\u00e7\u00fcn yeni f\u00fcrs\u0259t"},"content":{"rendered":"<p><em><strong>COP29 g\u0259nc k\u00f6n\u00fcll\u00fcl\u0259r\u0259 qlobal iqlim siyas\u0259tin\u0259 t\u00f6hf\u0259 verm\u0259k \u00fc\u00e7\u00fcn f\u00fcrs\u0259t yarad\u0131r<\/strong><\/em><\/p>\n<p>COP29 davaml\u0131l\u0131q v\u0259 \u0259traf m\u00fchitin m\u00fchafiz\u0259si sah\u0259sind\u0259 m\u00fch\u00fcm add\u0131mlar\u0131n at\u0131ld\u0131\u011f\u0131 beyn\u0259lxalq platformad\u0131r. Bu il Az\u0259rbaycanda ke\u00e7iril\u0259c\u0259k COP29 konfrans\u0131 ya\u015f\u0131l t\u0259\u015f\u0259bb\u00fcsl\u0259rin v\u0259 davaml\u0131 t\u0259cr\u00fcb\u0259l\u0259rin \u00f6n planda oldu\u011fu bir t\u0259dbir kimi se\u00e7ilir. Konfrans\u0131n ekoloji c\u0259h\u0259td\u0259n t\u0259miz t\u0259cr\u00fcb\u0259l\u0259rin v\u0259 davaml\u0131l\u0131q prinsipl\u0259rinin q\u0259bul edilm\u0259si dig\u0259r t\u0259dbirl\u0259r \u00fc\u00e7\u00fcn n\u00fcmun\u0259dir.<\/p>\n<p>\u00d6lk\u0259mizin ev sahibliyi ed\u0259c\u0259yi COP29 d\u00fcnya medias\u0131n\u0131n diqq\u0259tind\u0259dir. Bel\u0259 ki, m\u00f6t\u0259b\u0259r t\u0259dbirl\u0259 ba\u011fl\u0131 m\u00fcxt\u0259lif \u00f6lk\u0259l\u0259rin tan\u0131nm\u0131\u015f media orqanlar\u0131nda m\u0259qal\u0259l\u0259r d\u0259rc olunur. Az\u0259rbaycan\u0131n ekologiya v\u0259 \u0259traf m\u00fchitin m\u00fchafiz\u0259si, qlobal ekoloji b\u00f6hranlarla ba\u011fl\u0131 \u00f6lk\u0259mizin y\u00fcr\u00fctd\u00fcy\u00fc siyas\u0259tind\u0259n s\u00f6z a\u00e7\u0131l\u0131r.<\/p>\n<p>Bu g\u00fcnl\u0259rd\u0259 Birl\u0259\u015fmi\u015f \u018fr\u0259b \u018fmirlikl\u0259rinin \u201cThe National News\u201d n\u0259\u015frind\u0259 \u00f6lk\u0259mizin COP29-a ev sahibliyi etm\u0259y\u0259 haz\u0131rla\u015fmas\u0131na dair m\u0259qal\u0259 yay\u0131mlan\u0131b. M\u0259qal\u0259d\u0259 qeyd olunub ki, Az\u0259rbaycan bu ilin noyabr\u0131nda COP29-a ev sahibliyi etm\u0259kl\u0259 d\u00fcnyan\u0131n m\u00fcxt\u0259lif b\u00f6lg\u0259l\u0259ri aras\u0131nda n\u00f6vb\u0259ti d\u0259f\u0259 k\u00f6rp\u00fc rolu oynayacaq. Az\u0259rbaycan Prezidentinin \u201cBizim \u00fc\u00e7\u00fcn bu, misilsiz bir \u015fansd\u0131r ki, \u0259n y\u00fcks\u0259k liqaya daxil oluruq\u201d, &#8211; s\u00f6zl\u0259rini x\u00fcsusi vur\u011fulayan m\u00fc\u0259llif qeyd edib ki, \u0130lham \u018fliyev Az\u0259rbaycan\u0131n Qlobal C\u0259nub v\u0259 Qlobal \u015eimal aras\u0131nda k\u00f6rp\u00fcl\u0259r qurur.<\/p>\n<p>Yaz\u0131da Az\u0259rbaycan\u0131n neft s\u0259nayesinin tarixind\u0259n geni\u015f b\u0259hs olunub, d\u00fcnyada s\u0259naye \u00fcsulu il\u0259 ilk neft quyusunun \u00f6lk\u0259mizd\u0259 qaz\u0131ld\u0131\u011f\u0131, Bak\u0131n\u0131n bir vaxtlar d\u00fcnyan\u0131n neft\u0259 olan t\u0259l\u0259bat\u0131n\u0131n yar\u0131s\u0131n\u0131 \u00f6d\u0259diyi vur\u011fulan\u0131b. Bildirilib ki, h\u0259m d\u0259 buna g\u00f6r\u0259 Az\u0259rbaycan q\u0259dim d\u00f6vrl\u0259rd\u0259n \u201cOdlar yurdu\u201d adland\u0131r\u0131l\u0131r.<\/p>\n<p>M\u00fc\u0259llif qeyd edib ki, z\u0259ngin qaz\u0131nt\u0131 yanaca\u011f\u0131 resurslar\u0131na malik \u00f6lk\u0259 haz\u0131rda iqlim d\u0259yi\u015fikliyi m\u0259s\u0259l\u0259l\u0259rinin m\u00fczakir\u0259 olundu\u011fu COP29 kimi m\u00f6t\u0259b\u0259r t\u0259dbir\u0259 ev sahibliyi etm\u0259y\u0259 haz\u0131rla\u015f\u0131r. T\u0259xmin\u0259n \u00fc\u00e7 aydan sonra 200-\u0259 yax\u0131n \u00f6lk\u0259d\u0259n n\u00fcmay\u0259nd\u0259l\u0259r Bak\u0131da bir araya g\u0259l\u0259r\u0259k iqlim d\u0259yi\u015fikliyi m\u0259s\u0259l\u0259sini h\u0259ll etm\u0259y\u0259 \u00e7al\u0131\u015facaqlar. Az\u0259rbaycan\u0131n iqlim d\u0259yi\u015fikliyind\u0259n \u0259ziyy\u0259t \u00e7\u0259k\u0259n \u00f6lk\u0259l\u0259rin probleml\u0259rin\u0259 x\u00fcsusi h\u0259ssasl\u0131q g\u00f6st\u0259rdiyi vur\u011fulan\u0131b. Prezident \u0130lham \u018fliyevin iqlim d\u0259yi\u015fikliyi m\u0259s\u0259l\u0259sind\u0259 h\u0259l\u0259 d\u0259 qeyri-m\u00fc\u0259yy\u0259nlikl\u0259rin olmas\u0131, x\u00fcsusil\u0259 Q\u0259rbin bu m\u0259s\u0259l\u0259d\u0259 qeyri-obyektiv m\u00f6vqeyi bar\u0259d\u0259 fikirl\u0259ri diqq\u0259t\u0259 \u00e7atd\u0131r\u0131l\u0131b.<\/p>\n<p>G\u00f6r\u00fcnd\u00fcy\u00fc kimi, beyn\u0259lxalq al\u0259m Az\u0259rbaycan\u0131n bu platformada liderliyi ger\u00e7\u0259kl\u0259\u015fdirm\u0259si il\u0259 d\u00fcnyada iqlim d\u0259yi\u015fikliyi il\u0259 m\u00fcbariz\u0259d\u0259 birg\u0259 s\u0259yl\u0259rin yarad\u0131lmas\u0131na t\u00f6hf\u0259 ver\u0259c\u0259yin\u0259 d\u0259 \u0259mindir. \u00c7\u00fcnki Az\u0259rbaycan COP29-a ev sahibliyi etm\u0259kl\u0259 qlobal iqlim d\u0259yi\u015fikliyi istiqam\u0259tind\u0259 d\u00fcnyaya \u00f6n\u0259mli t\u00f6hf\u0259l\u0259r verm\u0259yi, davaml\u0131 inki\u015faf m\u0259qs\u0259dl\u0259rin\u0259 nail olma\u011f\u0131 qar\u015f\u0131ya m\u00fch\u00fcm v\u0259zif\u0259 kimi qoyub. Bir s\u00f6zl\u0259, enerji siyas\u0259tind\u0259ki u\u011furlar\u0131, b\u0259rpaolunan enerji resurslar\u0131na s\u0259rmay\u0259 qoymaq ist\u0259yi v\u0259 iqlim d\u0259yi\u015fikliyi il\u0259 m\u00fcbariz\u0259 \u0259zmi respublikam\u0131z\u0131n davaml\u0131 g\u0259l\u0259c\u0259k \u00fc\u00e7\u00fcn atd\u0131\u011f\u0131 add\u0131mlar\u0131n t\u0259zah\u00fcr\u00fcd\u00fcr.<\/p>\n<p>Bu beyn\u0259lxalq t\u0259dbirin \u00f6lk\u0259mizd\u0259 ke\u00e7irilm\u0259si g\u0259ncl\u0259r \u00fc\u00e7\u00fcn d\u0259 geni\u015f imkanlar yarad\u0131r. COP29 konfrans\u0131n\u0131n Az\u0259rbaycanda ke\u00e7irilm\u0259si g\u0259ncl\u0259r\u0259 qlobal iqlim siyas\u0259tin\u0259 t\u00f6hf\u0259 verm\u0259k \u00fc\u00e7\u00fcn f\u00fcrs\u0259t yarad\u0131r. H\u0259l\u0259 may ay\u0131nda\u00a0 k\u00f6n\u00fcll\u00fcl\u0259rin i\u015ftirak\u0131n\u0131 t\u0259min etm\u0259k \u00fc\u00e7\u00fcn qeydiyyat prosesin\u0259 start verilmi\u015fdi. Konfrans\u0131n t\u0259\u015fkilati i\u015fl\u0259ri il\u0259 ba\u011fl\u0131 z\u0259ruri \u0259m\u0259liyyatlar\u0131n icras\u0131 m\u0259qs\u0259dil\u0259 COP29 Az\u0259rbaycan \u018fm\u0259liyyat \u015eirk\u0259tinin f\u0259aliyy\u0259ti \u00e7\u0259r\u00e7iv\u0259sind\u0259 h\u0259m yerli, h\u0259m d\u0259 xarici v\u0259t\u0259nda\u015flar\u0131n, \u00fcmumilikd\u0259 is\u0259\u00a0 minl\u0259rl\u0259 k\u00f6n\u00fcll\u00fcn\u00fcn proses\u0259 c\u0259lb olunmas\u0131 g\u00f6zl\u0259nilirdi. Bir ay \u0259rzind\u0259 platformaya\u00a0 m\u00fcraci\u0259t ed\u0259n 16 min g\u0259ncin aras\u0131ndan ya\u015f\u0131 \u0259n az\u0131 16 olan, habel\u0259 bilik v\u0259 bacar\u0131qlara,\u00a0 motivasiyaya, xarici dil bilgil\u0259rin\u0259 v\u0259 bu kimi m\u00fcxt\u0259lif\u00a0 meyarlara sahib 3000 k\u00f6n\u00fcll\u00fc se\u00e7ilib t\u0259liml\u0259r\u0259 c\u0259lb edildi. Daha \u00f6nc\u0259 \u00f6lk\u0259mizd\u0259 ke\u00e7iril\u0259n m\u00fcxt\u0259lif irimiqyasl\u0131 t\u0259dbirl\u0259rd\u0259 k\u00f6n\u00fcll\u00fcl\u00fck proqram\u0131n\u0131n i\u015ftirak\u00e7\u0131s\u0131 olmu\u015f g\u0259ncl\u0259r haz\u0131rda COP29-un pe\u015f\u0259kar komandas\u0131n\u0131n \u00fczvl\u0259ridir. Onlar\u0131n qlobal-\u0259h\u0259miyy\u0259tli COP29-un t\u0259\u015fkilind\u0259 d\u0259 m\u00fch\u00fcm rol oynayaca\u011f\u0131na he\u00e7 bir \u015f\u00fcbh\u0259 yoxdur.<\/p>\n<p>K\u00f6n\u00fcll\u00fcl\u0259rin m\u00fcasir t\u0259l\u0259bl\u0259r\u0259 cavab ver\u0259n f\u0259rqli sah\u0259l\u0259rd\u0259 i\u015fl\u0259m\u0259k bacar\u0131qlar\u0131n\u0131n inki\u015faf etdirilm\u0259sind\u0259 COP29 K\u00f6n\u00fcll\u00fcl\u00fck proqram\u0131 x\u00fcsusi \u0259h\u0259miyy\u0259t k\u0259sb edir. Proqram \u00e7\u0259r\u00e7iv\u0259sind\u0259 komanda ruhunun t\u0259\u015fviqi, kollektivd\u0259 i\u015fl\u0259m\u0259k v\u0259 \u00fcnsiyy\u0259t bacar\u0131qlar\u0131n\u0131n t\u0259kmill\u0259\u015fdirilm\u0259si m\u0259qs\u0259dil\u0259 m\u00fcxt\u0259lif t\u0259dbirl\u0259rin t\u0259\u015fkili d\u0259 n\u0259z\u0259rd\u0259 tutulmu\u015fdur. COP29-un K\u00f6n\u00fcll\u00fcl\u00fck proqram\u0131n\u0131n \u0259sas m\u0259qs\u0259dl\u0259ri dayan\u0131ql\u0131l\u0131q s\u0259firl\u0259ri kimi \u00e7\u0131x\u0131\u015f ed\u0259c\u0259k k\u00f6n\u00fcll\u00fcl\u0259rin unikal bacar\u0131qlar\u0131n\u0131n real h\u0259ll\u0259rin d\u0259st\u0259kl\u0259nm\u0259sin\u0259 y\u00f6n\u0259ldilm\u0259si, \u0259m\u0259kda\u015fl\u0131q m\u0259d\u0259niyy\u0259tinin t\u0259\u015fviqi \u00fc\u00e7\u00fcn h\u0259r s\u0259sin e\u015fidildiyi, h\u0259r t\u00f6hf\u0259nin qiym\u0259tl\u0259ndirildiyi inkl\u00fcziv m\u00fchitin t\u0259min edilm\u0259sidir. Bu m\u0259qs\u0259dl\u0259 se\u00e7im v\u0259 t\u0259liml\u0259r prosesi zaman\u0131 y\u00fcks\u0259k motivasiyal\u0131 v\u0259 m\u00fc\u015ft\u0259r\u0259k \u00f6hd\u0259likl\u0259 bir araya g\u0259l\u0259n g\u0259ncl\u0259rd\u0259n ibar\u0259t komanda formala\u015fd\u0131r\u0131lacaq. Bu bax\u0131mdan, COP29 K\u00f6n\u00fcll\u00fcl\u00fck proqram\u0131 \u00f6lk\u0259nin g\u0259l\u0259c\u0259k kadr potensial\u0131n\u0131n formala\u015fmas\u0131nda \u0259h\u0259miyy\u0259tli rol oynay\u0131r.<\/p>\n<p>Qeyd ed\u0259k ki, COP k\u00f6n\u00fcll\u00fcl\u0259ri art\u0131q m\u00fcxt\u0259lif f\u0259aliyy\u0259tl\u0259r\u0259 ba\u015flay\u0131blar. Bel\u0259 ki, bu g\u00fcnl\u0259rd\u0259 COP29 k\u00f6n\u00fcll\u00fcl\u0259ri paytaxtda \u201cYa\u015f\u0131l g\u0259l\u0259c\u0259k namin\u0259 toxum \u0259k\u201d \u015f\u00fcarl\u0131 aksiya ke\u00e7iribl\u0259r. Aksiya Bak\u0131n\u0131n m\u0259rk\u0259zi \u0259razil\u0259rind\u0259 \u0259halinin ekoloji f\u0259all\u0131\u011f\u0131n\u0131n art\u0131r\u0131lmas\u0131 v\u0259 \u0259traf m\u00fchitin m\u00fchafiz\u0259si istiqam\u0259tind\u0259 maarifl\u0259ndirilm\u0259si m\u0259qs\u0259dil\u0259 ba\u015f tutub. COP29 Az\u0259rbaycan \u018fm\u0259liyyat \u015eirk\u0259tinin m\u0259tbuat xidm\u0259tind\u0259n bildirilib ki, ekoloji dayan\u0131ql\u0131l\u0131\u011f\u0131n, ya\u015f\u0131l h\u0259yat t\u0259rzinin t\u0259\u015fviqin\u0259 y\u00f6n\u0259l\u0259n aksiyaya qat\u0131lan 50 k\u00f6n\u00fcll\u00fc yerli sakinl\u0259ri d\u0259 kampaniyaya c\u0259lb edibl\u0259r.<\/p>\n<p>T\u0259dbir \u201cZir\u0259 G\u00fcl\u00e7\u00fcl\u00fck\u201d kompleksind\u0259 start g\u00f6t\u00fcr\u00fcb. Burada k\u00f6n\u00fcll\u00fcl\u0259r kompleksin f\u0259aliyy\u0259ti il\u0259 tan\u0131\u015f olub, m\u00fcxt\u0259lif bitki n\u00f6vl\u0259ri v\u0259 dayan\u0131ql\u0131 ba\u011f\u00e7\u0131l\u0131q t\u0259cr\u00fcb\u0259l\u0259ri haqq\u0131nda m\u0259lumat \u0259ld\u0259 edibl\u0259r. Tur ba\u015fa \u00e7atd\u0131qdan sonra k\u00f6n\u00fcll\u00fcl\u0259r \u015f\u0259h\u0259r sakinl\u0259rin\u0259 \u0259vv\u0259lc\u0259d\u0259n haz\u0131rlanm\u0131\u015f toxum torbalar\u0131n\u0131n paylan\u0131lmas\u0131 v\u0259 dayan\u0131ql\u0131 ba\u011f\u00e7\u0131l\u0131q v\u0259rdi\u015fl\u0259rinin t\u0259\u015fviqi \u00fc\u00e7\u00fcn H\u00fcseyn Cavid park\u0131, Sahil ba\u011f\u0131, \u0130\u00e7\u0259ri\u015f\u0259h\u0259r, el\u0259c\u0259 d\u0259 d\u0259nizk\u0259nar\u0131 bulvar \u0259razisind\u0259 yerl\u0259\u015f\u0259n COP29 M\u0259lumat M\u0259rk\u0259zi kimi m\u00fcxt\u0259lif m\u0259kanlara ba\u015f \u00e7\u0259kibl\u0259r. Aksiya \u00e7\u0259r\u00e7iv\u0259sind\u0259 \u0259hali il\u0259 m\u0259lumatland\u0131r\u0131c\u0131 s\u00f6hb\u0259tl\u0259r v\u0259 sor\u011fular aparan k\u00f6n\u00fcll\u00fcl\u0259r paytaxt sakinl\u0259rin\u0259 ekoloji \u00f6hd\u0259likl\u0259ri yerin\u0259 yetirm\u0259k \u00fc\u00e7\u00fcn atd\u0131qlar\u0131 add\u0131mlar v\u0259 dig\u0259r t\u0259\u015f\u0259bb\u00fcsl\u0259r bar\u0259d\u0259 suallar \u00fcnvanlay\u0131b, m\u00fcvafiq sah\u0259l\u0259rd\u0259 praktiki m\u0259sl\u0259h\u0259tl\u0259ri b\u00f6l\u00fc\u015f\u00fcbl\u0259r.<\/p>\n<p><strong>Nigar Orucova,<\/strong>\u00a0<em>\u201c\u0130ki sahil\u201d<\/em><\/p>\n","protected":false},"excerpt":{"rendered":"<p>COP29 g\u0259nc k\u00f6n\u00fcll\u00fcl\u0259r\u0259 qlobal iqlim siyas\u0259tin\u0259 t\u00f6hf\u0259 verm\u0259k \u00fc\u00e7\u00fcn f\u00fcrs\u0259t yarad\u0131r COP29 davaml\u0131l\u0131q v\u0259 \u0259traf m\u00fchitin m\u00fchafiz\u0259si sah\u0259sind\u0259 m\u00fch\u00fcm add\u0131mlar\u0131n at\u0131ld\u0131\u011f\u0131 beyn\u0259lxalq platformad\u0131r. Bu il Az\u0259rbaycanda ke\u00e7iril\u0259c\u0259k COP29 konfrans\u0131 ya\u015f\u0131l t\u0259\u015f\u0259bb\u00fcsl\u0259rin v\u0259 davaml\u0131 t\u0259cr\u00fcb\u0259l\u0259rin \u00f6n planda oldu\u011fu bir t\u0259dbir kimi se\u00e7ilir. Konfrans\u0131n ekoloji c\u0259h\u0259td\u0259n t\u0259miz t\u0259cr\u00fcb\u0259l\u0259rin v\u0259 davaml\u0131l\u0131q prinsipl\u0259rinin q\u0259bul edilm\u0259si dig\u0259r t\u0259dbirl\u0259r \u00fc\u00e7\u00fcn n\u00fcmun\u0259dir. \u00d6lk\u0259mizin ev sahibliyi ed\u0259c\u0259yi COP29 d\u00fcnya medias\u0131n\u0131n diqq\u0259tind\u0259dir. Bel\u0259 ki, m\u00f6t\u0259b\u0259r t\u0259dbirl\u0259 ba\u011fl\u0131 m\u00fcxt\u0259lif \u00f6lk\u0259l\u0259rin tan\u0131nm\u0131\u015f media orqanlar\u0131nda m\u0259qal\u0259l\u0259r d\u0259rc olunur. Az\u0259rbaycan\u0131n ekologiya v\u0259 \u0259traf m\u00fchitin m\u00fchafiz\u0259si, qlobal ekoloji b\u00f6hranlarla ba\u011fl\u0131 \u00f6lk\u0259mizin y\u00fcr\u00fctd\u00fcy\u00fc siyas\u0259tind\u0259n s\u00f6z&hellip;<\/p>\n","protected":false},"author":2,"featured_media":741833,"comment_status":"closed","ping_status":"closed","sticky":false,"template":"","format":"standard","meta":{"om_disable_all_campaigns":false,"_monsterinsights_skip_tracking":false,"_monsterinsights_sitenote_active":false,"_monsterinsights_sitenote_note":"","_monsterinsights_sitenote_category":0},"categories":[19],"tags":[],"aioseo_notices":[],"gutentor_comment":0,"rttpg_featured_image_url":{"full":["https:\/\/arantv.az\/wp-content\/uploads\/2024\/08\/a11ce019172173979156287593310079430.jpg",975,540,false],"landscape":["https:\/\/arantv.az\/wp-content\/uploads\/2024\/08\/a11ce019172173979156287593310079430.jpg",975,540,false],"portraits":["https:\/\/arantv.az\/wp-content\/uploads\/2024\/08\/a11ce019172173979156287593310079430.jpg",975,540,false],"thumbnail":["https:\/\/arantv.az\/wp-content\/uploads\/2024\/08\/a11ce019172173979156287593310079430-500x280.jpg",500,280,true],"medium":["https:\/\/arantv.az\/wp-content\/uploads\/2024\/08\/a11ce019172173979156287593310079430-660x365.jpg",660,365,true],"large":["https:\/\/arantv.az\/wp-content\/uploads\/2024\/08\/a11ce019172173979156287593310079430-840x465.jpg",640,354,true],"1536x1536":["https:\/\/arantv.az\/wp-content\/uploads\/2024\/08\/a11ce019172173979156287593310079430.jpg",975,540,false],"2048x2048":["https:\/\/arantv.az\/wp-content\/uploads\/2024\/08\/a11ce019172173979156287593310079430.jpg",975,540,false],"post-thumbnail":["https:\/\/arantv.az\/wp-content\/uploads\/2024\/08\/a11ce019172173979156287593310079430-240x172.jpg",240,172,true],"advps-thumb-one":["https:\/\/arantv.az\/wp-content\/uploads\/2024\/08\/a11ce019172173979156287593310079430.jpg",975,540,false]},"rttpg_author":{"display_name":"V\u00fcsal Rafiqo\u011flu","author_link":"https:\/\/arantv.az\/?author=2"},"rttpg_comment":0,"rttpg_category":"<a href=\"https:\/\/arantv.az\/?cat=19\" rel=\"category\">G\u00fcnd\u0259m<\/a>","rttpg_excerpt":"COP29 g\u0259nc k\u00f6n\u00fcll\u00fcl\u0259r\u0259 qlobal iqlim siyas\u0259tin\u0259 t\u00f6hf\u0259 verm\u0259k \u00fc\u00e7\u00fcn f\u00fcrs\u0259t yarad\u0131r COP29 davaml\u0131l\u0131q v\u0259 \u0259traf m\u00fchitin m\u00fchafiz\u0259si sah\u0259sind\u0259 m\u00fch\u00fcm add\u0131mlar\u0131n at\u0131ld\u0131\u011f\u0131 beyn\u0259lxalq platformad\u0131r. Bu il Az\u0259rbaycanda ke\u00e7iril\u0259c\u0259k COP29 konfrans\u0131 ya\u015f\u0131l t\u0259\u015f\u0259bb\u00fcsl\u0259rin v\u0259 davaml\u0131 t\u0259cr\u00fcb\u0259l\u0259rin \u00f6n planda oldu\u011fu bir t\u0259dbir kimi se\u00e7ilir. Konfrans\u0131n ekoloji c\u0259h\u0259td\u0259n t\u0259miz t\u0259cr\u00fcb\u0259l\u0259rin v\u0259 davaml\u0131l\u0131q prinsipl\u0259rinin q\u0259bul edilm\u0259si dig\u0259r t\u0259dbirl\u0259r \u00fc\u00e7\u00fcn n\u00fcmun\u0259dir.&hellip;","_links":{"self":[{"href":"https:\/\/arantv.az\/index.php?rest_route=\/wp\/v2\/posts\/741832"}],"collection":[{"href":"https:\/\/arantv.az\/index.php?rest_route=\/wp\/v2\/posts"}],"about":[{"href":"https:\/\/arantv.az\/index.php?rest_route=\/wp\/v2\/types\/post"}],"author":[{"embeddable":true,"href":"https:\/\/arantv.az\/index.php?rest_route=\/wp\/v2\/users\/2"}],"replies":[{"embeddable":true,"href":"https:\/\/arantv.az\/index.php?rest_route=%2Fwp%2Fv2%2Fcomments&post=741832"}],"version-history":[{"count":2,"href":"https:\/\/arantv.az\/index.php?rest_route=\/wp\/v2\/posts\/741832\/revisions"}],"predecessor-version":[{"id":741835,"href":"https:\/\/arantv.az\/index.php?rest_route=\/wp\/v2\/posts\/741832\/revisions\/741835"}],"wp:featuredmedia":[{"embeddable":true,"href":"https:\/\/arantv.az\/index.php?rest_route=\/wp\/v2\/media\/741833"}],"wp:attachment":[{"href":"https:\/\/arantv.az\/index.php?rest_route=%2Fwp%2Fv2%2Fmedia&parent=741832"}],"wp:term":[{"taxonomy":"category","embeddable":true,"href":"https:\/\/arantv.az\/index.php?rest_route=%2Fwp%2Fv2%2Fcategories&post=741832"},{"taxonomy":"post_tag","embeddable":true,"href":"https:\/\/arantv.az\/index.php?rest_route=%2Fwp%2Fv2%2Ftags&post=741832"}],"curies":[{"name":"wp","href":"https:\/\/api.w.org\/{rel}","templated":true}]}}