{"id":741859,"date":"2024-08-03T10:56:14","date_gmt":"2024-08-03T06:56:14","guid":{"rendered":"https:\/\/arantv.az\/?p=741859"},"modified":"2024-08-03T10:56:14","modified_gmt":"2024-08-03T06:56:14","slug":"t%c9%99cili-az%c9%99rbaycan-polisi-qarabagda-h%c9%99r%c9%99k%c9%99t%c9%99-kecdi-silahlar","status":"publish","type":"post","link":"https:\/\/arantv.az\/?p=741859","title":{"rendered":"T\u018fC\u0130L\u0130! Az\u0259rbaycan polisi Qaraba\u011fda H\u018fR\u018fK\u018fT\u018f KE\u00c7D\u0130 &#8211; Silahlar&#8230;"},"content":{"rendered":"<div class=\"text-content\" data-id=\"\" data-url=\"\">\n<p><em>\u0130\u015f\u011faldan azad olunan b\u00f6lg\u0259l\u0259rin t\u0259hl\u00fck\u0259siz \u0259raziy\u0259 \u00e7evrilm\u0259si \u00fc\u00e7\u00fcn D\u0130N \u0259m\u0259kda\u015flar\u0131 t\u0259r\u0259find\u0259n t\u0259dbirl\u0259r davam etdirilir<\/em><\/p>\n<p><strong>V\u0259t\u0259n m\u00fcharib\u0259si v\u0259 antiterror \u0259m\u0259liyyatlar\u0131ndan sonra B\u00f6y\u00fck Qay\u0131d\u0131\u015f prosesinin s\u00fcr\u0259tl\u0259ndirilm\u0259si v\u0259 t\u0259hl\u00fck\u0259sizliyin etibarl\u0131 t\u0259min edilm\u0259si m\u0259qs\u0259dil\u0259 Daxili \u0130\u015fl\u0259r Nazirliyinin \u0259m\u0259kda\u015flar\u0131 qar\u015f\u0131ya qoyulan tap\u015f\u0131r\u0131qlar\u0131 pe\u015f\u0259karl\u0131qla icra edirl\u0259r.<\/strong><\/p>\n<p>Bu bar\u0259d\u0259\u00a0<strong>Musavat.com<\/strong>-a Daxili \u0130\u015fl\u0259r Nazirliyind\u0259n m\u0259lumat verilib.<\/p>\n<p>Bildirilib ki, m\u00fcharib\u0259 qal\u0131qlar\u0131, t\u0259hl\u00fck\u0259 m\u0259nb\u0259l\u0259rinin a\u015fkarlan\u0131b z\u0259r\u0259rsizl\u0259\u015fdirilm\u0259si prosesi fasil\u0259siz davam etdirilir. B\u00f6lg\u0259nin silah-sursatlardan, partlay\u0131c\u0131 madd\u0259l\u0259rd\u0259n t\u0259mizl\u0259nm\u0259si i\u015fi xidm\u0259t\u0259 c\u0259lb edil\u0259n daxili i\u015fl\u0259r orqanlar\u0131 \u0259m\u0259kda\u015flar\u0131n\u0131n \u0259sas f\u0259aliyy\u0259t istiqam\u0259tl\u0259rind\u0259n biridir.<\/p>\n<p>&#8220;H\u0259yata ke\u00e7iril\u0259n t\u0259dbirl\u0259rl\u0259 27 iyul-2 avqust tarixl\u0259rind\u0259 polis \u0259m\u0259kda\u015flar\u0131 t\u0259r\u0259find\u0259n Xank\u0259ndi \u015f\u0259h\u0259ri \u0259razisind\u0259n 60 avtomat silah\u0131, 3 pulemyot, 21 tapan\u00e7a, 29 t\u00fcf\u0259ng, 125 qumbara, 1 qumbaraatan, 63 al\u0131\u015fd\u0131r\u0131c\u0131, 48 m\u0259rmi, 91 s\u00fcng\u00fc-b\u0131\u00e7aq, 71 rabit\u0259 vasit\u0259si, 34 dron bombac\u0131\u011f\u0131, 190 partlay\u0131c\u0131, 9 trotil, 17 \u015fa\u015fka, 34 detonator, 27 gec\u0259g\u00f6rm\u0259 cihaz\u0131, 2 dron, 2 mina, 2 partlay\u0131c\u0131 madd\u0259, 2 kiloqram partlay\u0131c\u0131, 126 kiloqram bar\u0131t, 11 fi\u015f\u0259ng, 1 stasionar radiostansiya, 3 \u201cMUV\u201d partlad\u0131c\u0131s\u0131, 1 s\u0259sg\u00fccl\u0259ndirici, 1 s\u0259sbo\u011fucu, 1 m\u00fc\u015fahid\u0259 kameras\u0131, 611 patron dara\u011f\u0131, 75532 \u0259d\u0259d m\u00fcxt\u0259lif \u00e7apl\u0131 patron v\u0259 dig\u0259r sursatlar, Xocal\u0131 rayonunun \u018fsg\u0259ran q\u0259s\u0259b\u0259si \u0259razisind\u0259n 2 \u0259d\u0259d qumbara, \u015eu\u015fa rayonu \u0259razisind\u0259n 1 avtomat silah\u0131, 7 \u0259d\u0259d qumbara, Xocav\u0259nd rayonu \u0259razisind\u0259n 6 avtomat silah\u0131, 3 t\u00fcf\u0259ng, 36 qumbara, 6 pulemyot, 1 gec\u0259g\u00f6rm\u0259 cihaz\u0131, 1 ni\u015fangah, 5 s\u00fcng\u00fc-b\u0131\u00e7aq, 12 \u201cUZRQM\u201d, 25 patron dara\u011f\u0131 v\u0259 1175 \u0259d\u0259d m\u00fcxt\u0259lif \u00e7apl\u0131 patron a\u015fkar edil\u0259r\u0259k g\u00f6t\u00fcr\u00fcl\u00fcb&#8221; &#8211; m\u0259lumatda qeyd edilib.<\/p>\n<p><strong>Musavat.com<\/strong><\/p>\n<\/div>\n<div>\n<div class=\"form-group\"><img class=\"img-responsive\" src=\"https:\/\/cdn.musavat.com\/news\/images\/Gugu\/gg\/WhatsApp%20Image%202024-08-03%20at%2010.06.49.jpeg\" \/><\/div>\n<div class=\"form-group\"><img class=\"img-responsive\" src=\"https:\/\/cdn.musavat.com\/news\/images\/Gugu\/gg\/WhatsApp%20Image%202024-08-03%20at%2010.07.49.jpeg\" \/><\/div>\n<\/div>\n<div><\/div>\n<div class=\"inner-social-box\">\n<div class=\"subs-in-social subs-whatsapp\"><\/div>\n<\/div>\n","protected":false},"excerpt":{"rendered":"<p>\u0130\u015f\u011faldan azad olunan b\u00f6lg\u0259l\u0259rin t\u0259hl\u00fck\u0259siz \u0259raziy\u0259 \u00e7evrilm\u0259si \u00fc\u00e7\u00fcn D\u0130N \u0259m\u0259kda\u015flar\u0131 t\u0259r\u0259find\u0259n t\u0259dbirl\u0259r davam etdirilir V\u0259t\u0259n m\u00fcharib\u0259si v\u0259 antiterror \u0259m\u0259liyyatlar\u0131ndan sonra B\u00f6y\u00fck Qay\u0131d\u0131\u015f prosesinin s\u00fcr\u0259tl\u0259ndirilm\u0259si v\u0259 t\u0259hl\u00fck\u0259sizliyin etibarl\u0131 t\u0259min edilm\u0259si m\u0259qs\u0259dil\u0259 Daxili \u0130\u015fl\u0259r Nazirliyinin \u0259m\u0259kda\u015flar\u0131 qar\u015f\u0131ya qoyulan tap\u015f\u0131r\u0131qlar\u0131 pe\u015f\u0259karl\u0131qla icra edirl\u0259r. Bu bar\u0259d\u0259\u00a0Musavat.com-a Daxili \u0130\u015fl\u0259r Nazirliyind\u0259n m\u0259lumat verilib. Bildirilib ki, m\u00fcharib\u0259 qal\u0131qlar\u0131, t\u0259hl\u00fck\u0259 m\u0259nb\u0259l\u0259rinin a\u015fkarlan\u0131b z\u0259r\u0259rsizl\u0259\u015fdirilm\u0259si prosesi fasil\u0259siz davam etdirilir. B\u00f6lg\u0259nin silah-sursatlardan, partlay\u0131c\u0131 madd\u0259l\u0259rd\u0259n t\u0259mizl\u0259nm\u0259si i\u015fi xidm\u0259t\u0259 c\u0259lb edil\u0259n daxili i\u015fl\u0259r orqanlar\u0131 \u0259m\u0259kda\u015flar\u0131n\u0131n \u0259sas f\u0259aliyy\u0259t istiqam\u0259tl\u0259rind\u0259n biridir. &#8220;H\u0259yata ke\u00e7iril\u0259n t\u0259dbirl\u0259rl\u0259 27 iyul-2 avqust tarixl\u0259rind\u0259 polis \u0259m\u0259kda\u015flar\u0131 t\u0259r\u0259find\u0259n Xank\u0259ndi \u015f\u0259h\u0259ri \u0259razisind\u0259n 60&hellip;<\/p>\n","protected":false},"author":2,"featured_media":741860,"comment_status":"closed","ping_status":"closed","sticky":false,"template":"","format":"standard","meta":{"om_disable_all_campaigns":false,"_monsterinsights_skip_tracking":false,"_monsterinsights_sitenote_active":false,"_monsterinsights_sitenote_note":"","_monsterinsights_sitenote_category":0},"categories":[5],"tags":[],"aioseo_notices":[],"gutentor_comment":0,"rttpg_featured_image_url":{"full":["https:\/\/arantv.az\/wp-content\/uploads\/2024\/08\/e5afeae9c6444a20727cbc39b7f1ca55.jpg",720,457,false],"landscape":["https:\/\/arantv.az\/wp-content\/uploads\/2024\/08\/e5afeae9c6444a20727cbc39b7f1ca55.jpg",720,457,false],"portraits":["https:\/\/arantv.az\/wp-content\/uploads\/2024\/08\/e5afeae9c6444a20727cbc39b7f1ca55.jpg",720,457,false],"thumbnail":["https:\/\/arantv.az\/wp-content\/uploads\/2024\/08\/e5afeae9c6444a20727cbc39b7f1ca55-500x280.jpg",500,280,true],"medium":["https:\/\/arantv.az\/wp-content\/uploads\/2024\/08\/e5afeae9c6444a20727cbc39b7f1ca55-575x365.jpg",575,365,true],"large":["https:\/\/arantv.az\/wp-content\/uploads\/2024\/08\/e5afeae9c6444a20727cbc39b7f1ca55.jpg",640,406,false],"1536x1536":["https:\/\/arantv.az\/wp-content\/uploads\/2024\/08\/e5afeae9c6444a20727cbc39b7f1ca55.jpg",720,457,false],"2048x2048":["https:\/\/arantv.az\/wp-content\/uploads\/2024\/08\/e5afeae9c6444a20727cbc39b7f1ca55.jpg",720,457,false],"post-thumbnail":["https:\/\/arantv.az\/wp-content\/uploads\/2024\/08\/e5afeae9c6444a20727cbc39b7f1ca55-240x172.jpg",240,172,true],"advps-thumb-one":["https:\/\/arantv.az\/wp-content\/uploads\/2024\/08\/e5afeae9c6444a20727cbc39b7f1ca55.jpg",720,457,false]},"rttpg_author":{"display_name":"V\u00fcsal Rafiqo\u011flu","author_link":"https:\/\/arantv.az\/?author=2"},"rttpg_comment":0,"rttpg_category":"<a href=\"https:\/\/arantv.az\/?cat=5\" rel=\"category\">Hadis\u0259<\/a>","rttpg_excerpt":"\u0130\u015f\u011faldan azad olunan b\u00f6lg\u0259l\u0259rin t\u0259hl\u00fck\u0259siz \u0259raziy\u0259 \u00e7evrilm\u0259si \u00fc\u00e7\u00fcn D\u0130N \u0259m\u0259kda\u015flar\u0131 t\u0259r\u0259find\u0259n t\u0259dbirl\u0259r davam etdirilir V\u0259t\u0259n m\u00fcharib\u0259si v\u0259 antiterror \u0259m\u0259liyyatlar\u0131ndan sonra B\u00f6y\u00fck Qay\u0131d\u0131\u015f prosesinin s\u00fcr\u0259tl\u0259ndirilm\u0259si v\u0259 t\u0259hl\u00fck\u0259sizliyin etibarl\u0131 t\u0259min edilm\u0259si m\u0259qs\u0259dil\u0259 Daxili \u0130\u015fl\u0259r Nazirliyinin \u0259m\u0259kda\u015flar\u0131 qar\u015f\u0131ya qoyulan tap\u015f\u0131r\u0131qlar\u0131 pe\u015f\u0259karl\u0131qla icra edirl\u0259r. Bu bar\u0259d\u0259\u00a0Musavat.com-a Daxili \u0130\u015fl\u0259r Nazirliyind\u0259n m\u0259lumat verilib. Bildirilib ki, m\u00fcharib\u0259 qal\u0131qlar\u0131, t\u0259hl\u00fck\u0259 m\u0259nb\u0259l\u0259rinin a\u015fkarlan\u0131b z\u0259r\u0259rsizl\u0259\u015fdirilm\u0259si&hellip;","_links":{"self":[{"href":"https:\/\/arantv.az\/index.php?rest_route=\/wp\/v2\/posts\/741859"}],"collection":[{"href":"https:\/\/arantv.az\/index.php?rest_route=\/wp\/v2\/posts"}],"about":[{"href":"https:\/\/arantv.az\/index.php?rest_route=\/wp\/v2\/types\/post"}],"author":[{"embeddable":true,"href":"https:\/\/arantv.az\/index.php?rest_route=\/wp\/v2\/users\/2"}],"replies":[{"embeddable":true,"href":"https:\/\/arantv.az\/index.php?rest_route=%2Fwp%2Fv2%2Fcomments&post=741859"}],"version-history":[{"count":1,"href":"https:\/\/arantv.az\/index.php?rest_route=\/wp\/v2\/posts\/741859\/revisions"}],"predecessor-version":[{"id":741861,"href":"https:\/\/arantv.az\/index.php?rest_route=\/wp\/v2\/posts\/741859\/revisions\/741861"}],"wp:featuredmedia":[{"embeddable":true,"href":"https:\/\/arantv.az\/index.php?rest_route=\/wp\/v2\/media\/741860"}],"wp:attachment":[{"href":"https:\/\/arantv.az\/index.php?rest_route=%2Fwp%2Fv2%2Fmedia&parent=741859"}],"wp:term":[{"taxonomy":"category","embeddable":true,"href":"https:\/\/arantv.az\/index.php?rest_route=%2Fwp%2Fv2%2Fcategories&post=741859"},{"taxonomy":"post_tag","embeddable":true,"href":"https:\/\/arantv.az\/index.php?rest_route=%2Fwp%2Fv2%2Ftags&post=741859"}],"curies":[{"name":"wp","href":"https:\/\/api.w.org\/{rel}","templated":true}]}}