{"id":741868,"date":"2024-08-03T10:59:00","date_gmt":"2024-08-03T06:59:00","guid":{"rendered":"https:\/\/arantv.az\/?p=741868"},"modified":"2024-08-03T10:59:00","modified_gmt":"2024-08-03T06:59:00","slug":"s%c9%99fiq%c9%99-m%c9%99mm%c9%99dovani-qucaqlayib-opdum-t%c9%99s%c9%99lli-verdim-seyx-%c9%99bduld%c9%99n-on%c9%99mli-aciqlamalar","status":"publish","type":"post","link":"https:\/\/arantv.az\/?p=741868","title":{"rendered":"\u201c\u015e\u0259fiq\u0259 M\u0259mm\u0259dovan\u0131 qucaqlay\u0131b \u00f6pd\u00fcm, t\u0259s\u0259lli verdim\u201d &#8211; \u015eeyx \u018fbd\u00fcld\u0259n \u00f6n\u0259mli A\u00c7IQLAMALAR"},"content":{"rendered":"<p><strong>Rejissorla kino s\u00f6hb\u0259ti: \u201cMilli kinomuz el\u0259 bir v\u0259ziyy\u0259td\u0259dir ki, biz onu yaln\u0131z d\u00f6vl\u0259t s\u0259viyy\u0259sind\u0259 xilas ed\u0259 bil\u0259rik\u201d<\/strong><\/p>\n<p>H\u0259r il avqustun 2-si Az\u0259rbaycanda Milli Kino G\u00fcn\u00fc qeyd olunur. Xat\u0131rladaq ki, m\u0259rhum prezident Heyd\u0259r \u018fliyevin 2000-ci il 18 dekabr tarixli S\u0259r\u0259ncam\u0131 il\u0259 avqustun 2-si kino i\u015f\u00e7il\u0259rinin pe\u015f\u0259 bayram\u0131 &#8211; Az\u0259rbaycan Kinosu G\u00fcn\u00fc kimi qeyd olunur. Art\u0131q Az\u0259rbaycan kinosunun yaranmas\u0131ndan 126-c\u0131 il \u00f6t\u00fcr. Fransada ke\u00e7irilmi\u015f ilk kinoseansdan iki il sonra &#8211; 1898-ci il avqustun 2-d\u0259 Bak\u0131 elmi-foto d\u0259rn\u0259yinin katibi, na\u015fir v\u0259 fotoqraf Aleksandr Mi\u015fon \u00f6z\u00fcn\u00fcn lent\u0259 ald\u0131\u011f\u0131 \u201cBibiheyb\u0259td\u0259 neft fontan\u0131 yan\u011f\u0131n\u0131\u201d, \u201c\u018flah\u0259zr\u0259t Buxara \u0259mirinin yolasalma m\u0259rasimi\u201d, \u201cQafqaz r\u0259qsi\u201d xronikal s\u0259n\u0259dli v\u0259 \u201c\u0130li\u015fdin\u201d adl\u0131 b\u0259dii s\u00fcjetl\u0259rini n\u00fcmayi\u015f etdirmi\u015fdi. H\u0259min g\u00fcn milli kinonun yaranma g\u00fcn\u00fc hesab olunur.<\/p>\n<p><strong>Milli Kino G\u00fcn\u00fc m\u00fcnasib\u0259ti il\u0259 \u201cYeni M\u00fcsavat\u201d\u0131n \u0259m\u0259kda\u015f\u0131 Xalq artisti, kinorejissor, ssenarist v\u0259 aktyor \u015eeyx \u018fbd\u00fcl Mahmudovla s\u00f6hb\u0259tl\u0259\u015fib.<\/strong><\/p>\n<p>M\u00fcsahib\u0259ni t\u0259qdim edirik:<\/p>\n<p><strong>&#8211; \u018fbd\u00fcl b\u0259y, \u00f6nc\u0259 Milli Kino G\u00fcn\u00fc m\u00fcnasib\u0259ti il\u0259 sizi t\u0259brik edirik. Milli kinomuzda sizin d\u0259 \u00f6z\u00fcn\u00fcz\u0259 m\u0259xsus yeriniz, imzan\u0131z var. Bu g\u00fcn \u201cAz\u0259rbaycan kinosu can verir\u201d, \u201cmilli kinomuz \u00e7oxdan \u00e7\u00f6k\u00fcb\u201d kimi fikirl\u0259rl\u0259 tez-tez rastla\u015f\u0131r\u0131q. Nec\u0259 d\u00fc\u015f\u00fcn\u00fcrs\u00fcn\u00fcz, milli kinomuz \u0259vv\u0259lki simas\u0131na n\u0259 zaman geri d\u00f6n\u0259 bil\u0259c\u0259k?\u00a0<\/strong><\/p>\n<p>&#8211; B\u0259li, 2 avqust\u00a0 bizim bayram\u0131m\u0131zd\u0131r. Bu m\u00fcnasib\u0259tl\u0259 Nizami Kino M\u0259rk\u0259zind\u0259 b\u00f6y\u00fck t\u0259dbirimiz olacaq (m\u00fcsahib\u0259 2 avqustda al\u0131n\u0131b). Y\u0259ni, haz\u0131rda olmayan, amma n\u0259 vaxtsa olan kinomuzun bayram\u0131n\u0131 ke\u00e7irm\u0259y\u0259 \u00e7al\u0131\u015f\u0131r\u0131q. G\u00fcn o g\u00fcn olsun ki, milli kinomuz \u0259vv\u0259lki simas\u0131na geri d\u00f6ns\u00fcn, b\u0259rpa olunsun, h\u0259min g\u00fcn\u00fc d\u0259 bayram kimi qeyd ed\u0259k.<\/p>\n<p>B\u0259li, bu g\u00fcn milli kinomuz el\u0259 bir v\u0259ziyy\u0259td\u0259dir ki, biz onu yaln\u0131z d\u00f6vl\u0259t s\u0259viyy\u0259sind\u0259 xilas ed\u0259 bil\u0259rik. A\u015fa\u011f\u0131 s\u0259viyy\u0259d\u0259 biz yaln\u0131z onun m\u00fczakir\u0259sini apar\u0131b, t\u0259klifl\u0259r ver\u0259 bil\u0259rik. Y\u0259ni, kinonuzun yenid\u0259n dirilm\u0259si \u00fc\u00e7\u00fcn y\u00fcks\u0259k s\u0259viyy\u0259d\u0259 d\u00f6vl\u0259t qay\u011f\u0131s\u0131 laz\u0131md\u0131r.<\/p>\n<p>\u00dcmumiyy\u0259tl\u0259, biz bu m\u0259s\u0259l\u0259ni 30 il uzatd\u0131q, gecikdirdik, \u0259limizd\u0259 olan texnika da art\u0131q m\u00fcasir t\u0259l\u0259bl\u0259r\u0259 cavab vermir. Amma n\u0259 yax\u015f\u0131 ki, bu g\u00fcn M\u0259d\u0259niyy\u0259t Nazirliyind\u0259 bu m\u0259s\u0259l\u0259 il\u0259 ba\u011fl\u0131 ciddi maraqlan\u0131rlar, x\u00fcsusi qay\u011f\u0131 var. \u015e\u0259xs\u0259n m\u0259n \u00f6z\u00fcm nazir Adil K\u0259rimli il\u0259 d\u0259f\u0259l\u0259rl\u0259 g\u00f6r\u00fc\u015f\u00fcb, kinomuz haqq\u0131nda m\u00fczakir\u0259l\u0259r apar\u0131b, t\u0259klifl\u0259rimi vermi\u015f\u0259m. G\u00f6r\u00fcn\u0259ni budur ki, Adil K\u0259rimli kinomuzun dir\u00e7\u0259lm\u0259sin\u0259 \u00e7al\u0131\u015f\u0131r v\u0259 biz d\u0259 \u00fcmid edirik ki, yax\u0131n vaxtlarda u\u011furlu n\u0259tic\u0259 olacaq.<\/p>\n<p>Hesab edir\u0259m ki, teatrlar kimi kinomuza da d\u00f6vl\u0259t statusu verilsin.<\/p>\n<p><strong>&#8211; 126 il \u0259rzind\u0259 xeyli filml\u0259rimiz \u00e7\u0259kilib. H\u0259min filml\u0259r aras\u0131nda hans\u0131 sizin \u00fc\u00e7\u00fcn klassikad\u0131r, m\u00f6ht\u0259\u015f\u0259mdir?<\/strong><\/p>\n<p>&#8211; Bug\u00fcnk\u00fc eyb\u0259c\u0259r, r\u00fcsvay\u00e7\u0131 prodak\u015fnlar\u0131n fonunda bizim b\u00fct\u00fcn milli kinolar\u0131m\u0131z klassikad\u0131r.<\/p>\n<p><strong>&#8211; Son vaxtlar hans\u0131sa milli kinolar\u0131m\u0131z\u0131n m\u0259sx\u0259r\u0259y\u0259 qoyuldu\u011funu, bar\u0259sind\u0259 \u201che\u00e7 bir m\u0259nas\u0131 yoxdur\u201d kimi fikirl\u0259r s\u0259sl\u0259ndiyinin \u015fahidi oluruq&#8230;<\/strong><\/p>\n<p>&#8211; Bir daha qeyd edir\u0259m, haz\u0131rda prodak\u015fnlar\u0131n \u00e7\u0259kdiyi filml\u0259rin he\u00e7 bir pe\u015f\u0259karl\u0131\u011fa, milli kinomuza d\u0259xliliyi, aidiyy\u0259ti yoxdur. O ki qald\u0131 k\u00f6hn\u0259 filml\u0259rimiz\u0259, qeyd etdiyim kimi, onlar\u0131n h\u0259r biri yeni \u00e7\u0259kil\u0259nl\u0259rin fonunda klassikad\u0131r.<\/p>\n<p><strong>&#8211; M\u0259lum oldu\u011fu kimi, bu ilin mart ay\u0131nda iki kino ittifaq\u0131 birl\u0259\u015fdi, s\u0259dri Xalq artisti, d\u0259y\u0259rli aktyorumuz Rasim Balayev se\u00e7ildi. Bu d\u00f6vr \u0259rzind\u0259 kinematoqrafiya\u00e7\u0131lar aras\u0131nda birlik yarana bildimi, bir araya g\u0259lindimi?<\/strong><\/p>\n<p>&#8211; B\u0259li, Allaha \u015f\u00fck\u00fcr ki, iki ittifaq\u0131 bir araya g\u0259tirib, birl\u0259\u015fdirdik. Amma bir m\u0259s\u0259l\u0259 var, prinsip\u0259 \u0259sas\u0259n kino ittifaq\u0131n\u0131n kino istehsalat\u0131na he\u00e7 bir aidiyy\u0259ti yoxdur. Y\u0259ni, Az\u0259rbaycan Kinematoqrafiya\u00e7\u0131lar \u0130ttifaq\u0131 sad\u0259c\u0259 kinoda \u00f6m\u00fcr-g\u00fcn s\u00fcr\u0259n, haz\u0131rda x\u0259st\u0259, ehtiyac\u0131 olan kino\u00e7ulara m\u00fc\u0259yy\u0259n d\u0259st\u0259k verir v\u0259 yaxud bar\u0259l\u0259rind\u0259 prezident\u0259, nazirliy\u0259 m\u00fc\u0259yy\u0259n t\u0259qdimatlar, m\u0259ktublar g\u00f6nd\u0259rirl\u0259r. Bir daha qeyd edir\u0259m, qurum kimi onun Az\u0259rbaycan kino yarad\u0131c\u0131l\u0131\u011f\u0131na he\u00e7 bir aidiyy\u0259ti, t\u0259siri yoxdur, yaln\u0131z ictimai i\u015fl\u0259rl\u0259 m\u0259\u015f\u011fuldur.<\/p>\n<p>O ki qald\u0131 kino\u00e7ular\u0131 birl\u0259\u015fm\u0259sin\u0259, bir araya g\u0259lm\u0259sin\u0259, b\u0259li, birl\u0259\u015fdik. Xat\u0131rlay\u0131rs\u0131n\u0131zsa, mart ay\u0131nda quruma s\u0259dr se\u00e7il\u0259nd\u0259 alayar\u0131m\u00e7\u0131q, g\u00fclm\u0259li d\u0259 olsa bir konfrans ke\u00e7irdik. Rasim Balayev quruma s\u0259dr se\u00e7ildi, \u015e\u0259fiq\u0259 M\u0259mm\u0259dova da r\u0259smi istefa verdi. Buna baxmayaraq, \u015e\u0259fiq\u0259 M\u0259mm\u0259dova 5 ayd\u0131r ki, ittifaqa aid olan ota\u011f\u0131, n\u0259 d\u0259 ma\u015f\u0131n\u0131n a\u00e7ar\u0131n\u0131 t\u0259hvil vermir. \u00dcmumiyy\u0259tl\u0259, bu m\u0259s\u0259l\u0259ni kinoya aid etm\u0259k, qar\u0131\u015fd\u0131rmaq olmaz. Bu, ictimai problemdir v\u0259 hesab edir\u0259m ki, yax\u0131n zamanlarda \u00f6z yoluna qoyaca\u011f\u0131q.<\/p>\n<p>&#8211; B\u0259s \u015e\u0259fiq\u0259 M\u0259mm\u0259dova il\u0259 m\u00fcnasib\u0259tl\u0259riniz nec\u0259, d\u00fcz\u0259libmi?<\/p>\n<p><strong>&#8211; \u00c7ox yax\u015f\u0131d\u0131r. Biz onunla t\u0259l\u0259b\u0259 yolda\u015f\u0131 olmu\u015fuq. Konfransda istefa ver\u0259nd\u0259n sonra g\u00f6rd\u00fcm ki, t\u0259k-t\u0259nha qal\u0131b. \u018ftraf\u0131nda, ba\u015f\u0131nda birl\u0259\u015fib, onun hesab\u0131na g\u00fcnd\u0259m\u0259 g\u0259l\u0259nl\u0259rd\u0259n biri d\u0259 h\u0259min vaxt ona yax\u0131n g\u0259lm\u0259di. Amma m\u0259n ona yax\u0131nla\u015fd\u0131m, qucaqlay\u0131b, \u00f6pd\u00fcm, t\u0259s\u0259lli d\u0259 verdim. O da bunu normal qar\u015f\u0131lad\u0131.\u00a0<\/strong><\/p>\n<p>\u00dcmumiyy\u0259tl\u0259, h\u0259min konfrans \u00e7ox q\u0259rib\u0259 \u015f\u0259kild\u0259 ke\u00e7irilmi\u015fdi v\u0259 m\u0259tbuat da bilir, m\u0259n se\u00e7kid\u0259 i\u015ftirak etm\u0259dim. Konfransda n\u0259 hesabatlar verildi, n\u0259 m\u00fczakir\u0259l\u0259r apar\u0131ld\u0131. T\u0259l\u0259m-t\u0259l\u0259sik \u015e\u0259fiq\u0259 M\u0259mm\u0259dovaya istefa verdirib, Rasim Balayevi s\u0259dr se\u00e7dil\u0259r. Amma 5 ayd\u0131r ki, t\u0259\u015fkilat yoxdur, Rasim Balayev bir qap\u0131da, \u015e\u0259fiq\u0259 M\u0259mm\u0259dova da dig\u0259r qap\u0131da qal\u0131b. Y\u0259ni ortada bir anla\u015f\u0131lmaz v\u0259ziyy\u0259t var. Amma bir daha qeyd edir\u0259m, \u0259sas m\u0259s\u0259l\u0259 milli kinomuzun dir\u00e7\u0259lm\u0259si, kinostudiyam\u0131zd\u0131r.<\/p>\n<p><strong>&#8211; Kinostudiyadan s\u00f6z d\u00fc\u015fm\u00fc\u015fk\u0259n, bu g\u00fcnl\u0259rd\u0259 \u201cAz\u0259rbaycanfilm\u201din r\u0259hb\u0259rliyi g\u00f6zl\u0259nilm\u0259d\u0259n istefa verdi, sonrada qurumda xeyli sayda istefalar oldu\u011funu e\u015fitdik. N\u0259 m\u0259s\u0259l\u0259dir? Kinostudiyada n\u0259 ba\u015f verir? Haz\u0131rda v\u0259ziyy\u0259t nec\u0259dir?<\/strong><\/p>\n<p>&#8211; M\u0259n ayda 3 d\u0259f\u0259 haz\u0131rda xarabal\u0131\u011fa \u00e7evrilmi\u015f o kinostudiyaya gedib bax\u0131ram, k\u00f6vr\u0259lir\u0259m, a\u011flay\u0131ram, \u0259s\u0259bil\u0259\u015fir\u0259m, sonra da geri d\u00f6n\u00fcr\u0259m. Dem\u0259k, vaxtil\u0259 2 mind\u0259n \u00e7ox i\u015f\u00e7isi olan kinostudiyada bu g\u00fcn c\u0259mi 40 adam qal\u0131b. Haz\u0131rda studiyan\u0131n r\u0259hb\u0259ri bizim \u00f6z kadr\u0131m\u0131z, Moskvada t\u0259hsil alm\u0131\u015f Az\u0259r m\u00fc\u0259llimdir. Onunla g\u00f6r\u00fc\u015fd\u00fcm, m\u0259n\u0259 dedi ki, c\u0259mi 40 i\u015f\u00e7isi var, onlar\u0131n da aras\u0131nda 2 n\u0259f\u0259r xan\u0131m anal\u0131q m\u0259zuniyy\u0259tind\u0259dir, dig\u0259r iki n\u0259f\u0259r d\u0259 x\u0259st\u0259dir. Kinostudiyan\u0131n i\u015f\u0131q v\u0259 su pulunu da \u00f6d\u0259y\u0259 bilmirl\u0259r, g\u0259lib tez-tez k\u0259sirl\u0259r, onlar da qaranl\u0131qda, susuz qal\u0131rlar. Y\u0259ni haz\u0131rda kinostudiyada v\u0259ziyy\u0259t bu c\u00fcr ac\u0131nacaql\u0131d\u0131r.<\/p>\n<p><strong>&#8211; Tama\u015fa\u00e7\u0131lar sizi daha \u00e7ox \u201cYeddi o\u011ful ist\u0259r\u0259m\u201d filmind\u0259ki Qas\u0131m obraz\u0131 il\u0259 tan\u0131y\u0131rlar. Y\u0259ni \u015eeyx \u018fbd\u00fcl Mahmudov dey\u0259nd\u0259 g\u00f6z\u00fcm\u00fcz\u00fcn \u00f6n\u00fcn\u0259 ilk olaraq, Qas\u0131m obraz\u0131 g\u0259lir. B\u0259s sizin \u00fc\u00e7\u00fcn hans\u0131 obraz v\u0259 yaxud hans\u0131 film daha do\u011fma, yax\u0131nd\u0131r?<\/strong><\/p>\n<p>&#8211; M\u0259nim \u00fc\u00e7\u00fcn obraz\u0131n b\u00f6y\u00fck-ki\u00e7iyi yoxdur. M\u0259nim ruhumun rolu \u201cN\u0259simi\u201d filmind\u0259ki D\u0259rvi\u015fdir, amma m\u0259d\u0259ni ideologiyam\u0131n ba\u015f\u0131nda \u201cYeddi o\u011ful filmi\u201d dayan\u0131r, insan obraz\u0131 kimi is\u0259 m\u0259ni \u00e7ox k\u00f6vr\u0259ld\u0259n \u201c\u015e\u0259rikli \u00e7\u00f6r\u0259k\u201d flmind\u0259ki aldad\u0131lan o\u011flan obraz\u0131d\u0131r. Ruhum v\u0259 \u0259qid\u0259m is\u0259 \u201c\u015eah \u0130smay\u0131l X\u0259tai\u201d, \u201cA\u011fa M\u0259mm\u0259d \u015eah Qacar\u201d filmidir ki, onlar\u0131n da art\u0131q ssenarisi haz\u0131rd\u0131r v\u0259 son n\u0259f\u0259sim\u0259 q\u0259d\u0259r \u00e7al\u0131\u015faca\u011fam ki, onlar\u0131 \u00e7\u0259kim, \u0259rs\u0259y\u0259 g\u0259tirim.<\/p>\n<p><strong>&#8211; May ay\u0131nda sizin 80 ya\u015f\u0131n\u0131z tamam oldu. Amma n\u0259d\u0259ns\u0259 yubiley t\u0259dbirini g\u00f6rm\u0259dik. S\u0259b\u0259b n\u0259dir? \u0130l \u0259rzind\u0259 80 illik yubileyinizi qeyd etm\u0259yi d\u00fc\u015f\u00fcn\u00fcrs\u00fcn\u00fczm\u00fc?<\/strong><\/p>\n<p>&#8211; S\u0259b\u0259b m\u0259nim kinomuz u\u011frunda apard\u0131\u011f\u0131m m\u00fcbariz\u0259dir. H\u0259r zaman haqq\u0131 t\u0259l\u0259b edir\u0259m. Fikirl\u0259rim d\u0259 \u00e7ox zaman kiml\u0259rins\u0259 xo\u015funa g\u0259lmir. Do\u011frudur, m\u0259d\u0259niyy\u0259t naziri Adil K\u0259rimli \u015f\u0259xs\u0259n m\u0259ni \u00e7a\u011f\u0131r\u0131b, yubileyimi t\u0259brik etdi. Alim Qas\u0131mov v\u0259 dig\u0259rl\u0259ri d\u0259 orada idi. Amma yubileyim yarad\u0131c\u0131l\u0131q \u015f\u0259klind\u0259 qeyd olunmad\u0131. Milli Kino G\u00fcn\u00fcn\u00fc gerid\u0259 qoyum, bundan sonra bu m\u0259s\u0259l\u0259ni g\u00fcnd\u0259m\u0259 g\u0259tir\u0259c\u0259m. \u0130nsanlar\u0131n z\u0259hm\u0259t haqq\u0131n\u0131 verm\u0259k laz\u0131md\u0131r.<\/p>\n<p><strong>&#8211; Az\u0259rbaycan Kinematoqrafiya\u00e7\u0131lar \u0130ttifaq\u0131 da yubileyiniz\u0259 bigan\u0259 yana\u015fd\u0131?<\/strong><\/p>\n<p>-B\u0259li. Onlar m\u0259n\u0259 d\u00fc\u015fm\u0259n kimi yana\u015f\u0131rlar. M\u0259ni he\u00e7 t\u0259brik d\u0259 etm\u0259dil\u0259r. Halbuki iki kino ittifaq\u0131n\u0131 m\u0259n birl\u0259\u015fdirdim, Rasim Balayev d\u0259 g\u0259lib s\u0259dr se\u00e7ildi. S\u00f6z\u00fcn do\u011frusu, m\u0259n onlardan he\u00e7 t\u0259brik g\u00f6zl\u0259mirdim d\u0259. \u00c7\u00fcnki onlar m\u0259nim \u00fc\u00e7\u00fcn kino ad\u0131na he\u00e7 bir \u0259h\u0259miyy\u0259t k\u0259sb etmirl\u0259r. Halbuki, h\u0259min ittifaqda oturanlar zaman\u0131nda m\u0259ni \u00f6zl\u0259rin\u0259 m\u00fc\u0259llim kimi g\u00f6r\u00fcr, m\u0259niml\u0259 g\u00f6r\u00fc\u015fm\u0259yi \u00f6zl\u0259rin\u0259 \u015f\u0259r\u0259f say\u0131rd\u0131lar. B\u0259s indi n\u0259 oldu, n\u0259 d\u0259yi\u015fdi? M\u0259n \u00f6mr\u00fcm\u00fcn 60 ilini bu kinoya h\u0259sr etmi\u015f\u0259m. H\u0259tta Xalq artisti Hac\u0131 \u0130smay\u0131lov m\u0259ni t\u0259brik edib v\u0259 m\u0259n h\u0259min vaxt \u00f6lk\u0259d\u0259 olmad\u0131\u011f\u0131m \u00fc\u00e7\u00fcn t\u0259brik teleqram\u0131n\u0131 ittifaqa g\u00f6nd\u0259rib, ittifaq is\u0259 o m\u0259ktubu bel\u0259 m\u0259n\u0259 verm\u0259yib&#8230;<\/p>\n<p>Amma bu g\u00fcn, 2 avqust bizim bayram\u0131m\u0131zd\u0131r. Ona g\u00f6r\u0259 d\u0259 b\u00fct\u00fcn kino\u00e7ular\u0131 bu bayram m\u00fcnasib\u0259ti il\u0259 t\u0259brik edir\u0259m. \u0130nan\u0131ram ki, milli kinomuz tezlikl\u0259 b\u0259rpa olunacaq.<\/p>\n<p><strong>Xalid\u0259 G\u018fRAY,<br \/>\n\u201cYeni M\u00fcsavat\u201d<\/strong><\/p>\n","protected":false},"excerpt":{"rendered":"<p>Rejissorla kino s\u00f6hb\u0259ti: \u201cMilli kinomuz el\u0259 bir v\u0259ziyy\u0259td\u0259dir ki, biz onu yaln\u0131z d\u00f6vl\u0259t s\u0259viyy\u0259sind\u0259 xilas ed\u0259 bil\u0259rik\u201d H\u0259r il avqustun 2-si Az\u0259rbaycanda Milli Kino G\u00fcn\u00fc qeyd olunur. Xat\u0131rladaq ki, m\u0259rhum prezident Heyd\u0259r \u018fliyevin 2000-ci il 18 dekabr tarixli S\u0259r\u0259ncam\u0131 il\u0259 avqustun 2-si kino i\u015f\u00e7il\u0259rinin pe\u015f\u0259 bayram\u0131 &#8211; Az\u0259rbaycan Kinosu G\u00fcn\u00fc kimi qeyd olunur. Art\u0131q Az\u0259rbaycan kinosunun yaranmas\u0131ndan 126-c\u0131 il \u00f6t\u00fcr. Fransada ke\u00e7irilmi\u015f ilk kinoseansdan iki il sonra &#8211; 1898-ci il avqustun 2-d\u0259 Bak\u0131 elmi-foto d\u0259rn\u0259yinin katibi, na\u015fir v\u0259 fotoqraf Aleksandr Mi\u015fon \u00f6z\u00fcn\u00fcn lent\u0259 ald\u0131\u011f\u0131 \u201cBibiheyb\u0259td\u0259 neft fontan\u0131 yan\u011f\u0131n\u0131\u201d, \u201c\u018flah\u0259zr\u0259t Buxara&hellip;<\/p>\n","protected":false},"author":2,"featured_media":741869,"comment_status":"closed","ping_status":"closed","sticky":false,"template":"","format":"standard","meta":{"om_disable_all_campaigns":false,"_monsterinsights_skip_tracking":false,"_monsterinsights_sitenote_active":false,"_monsterinsights_sitenote_note":"","_monsterinsights_sitenote_category":0},"categories":[1],"tags":[],"aioseo_notices":[],"gutentor_comment":0,"rttpg_featured_image_url":{"full":["https:\/\/arantv.az\/wp-content\/uploads\/2024\/08\/775a18eb7e0c9480d19e345664d3420f.jpg",781,500,false],"landscape":["https:\/\/arantv.az\/wp-content\/uploads\/2024\/08\/775a18eb7e0c9480d19e345664d3420f.jpg",781,500,false],"portraits":["https:\/\/arantv.az\/wp-content\/uploads\/2024\/08\/775a18eb7e0c9480d19e345664d3420f.jpg",781,500,false],"thumbnail":["https:\/\/arantv.az\/wp-content\/uploads\/2024\/08\/775a18eb7e0c9480d19e345664d3420f-500x280.jpg",500,280,true],"medium":["https:\/\/arantv.az\/wp-content\/uploads\/2024\/08\/775a18eb7e0c9480d19e345664d3420f-570x365.jpg",570,365,true],"large":["https:\/\/arantv.az\/wp-content\/uploads\/2024\/08\/775a18eb7e0c9480d19e345664d3420f.jpg",640,410,false],"1536x1536":["https:\/\/arantv.az\/wp-content\/uploads\/2024\/08\/775a18eb7e0c9480d19e345664d3420f.jpg",781,500,false],"2048x2048":["https:\/\/arantv.az\/wp-content\/uploads\/2024\/08\/775a18eb7e0c9480d19e345664d3420f.jpg",781,500,false],"post-thumbnail":["https:\/\/arantv.az\/wp-content\/uploads\/2024\/08\/775a18eb7e0c9480d19e345664d3420f-240x172.jpg",240,172,true],"advps-thumb-one":["https:\/\/arantv.az\/wp-content\/uploads\/2024\/08\/775a18eb7e0c9480d19e345664d3420f.jpg",781,500,false]},"rttpg_author":{"display_name":"V\u00fcsal Rafiqo\u011flu","author_link":"https:\/\/arantv.az\/?author=2"},"rttpg_comment":0,"rttpg_category":"<a href=\"https:\/\/arantv.az\/?cat=1\" rel=\"category\">C\u0259miyy\u0259t<\/a>","rttpg_excerpt":"Rejissorla kino s\u00f6hb\u0259ti: \u201cMilli kinomuz el\u0259 bir v\u0259ziyy\u0259td\u0259dir ki, biz onu yaln\u0131z d\u00f6vl\u0259t s\u0259viyy\u0259sind\u0259 xilas ed\u0259 bil\u0259rik\u201d H\u0259r il avqustun 2-si Az\u0259rbaycanda Milli Kino G\u00fcn\u00fc qeyd olunur. Xat\u0131rladaq ki, m\u0259rhum prezident Heyd\u0259r \u018fliyevin 2000-ci il 18 dekabr tarixli S\u0259r\u0259ncam\u0131 il\u0259 avqustun 2-si kino i\u015f\u00e7il\u0259rinin pe\u015f\u0259 bayram\u0131 &#8211; Az\u0259rbaycan Kinosu G\u00fcn\u00fc kimi qeyd olunur. Art\u0131q Az\u0259rbaycan&hellip;","_links":{"self":[{"href":"https:\/\/arantv.az\/index.php?rest_route=\/wp\/v2\/posts\/741868"}],"collection":[{"href":"https:\/\/arantv.az\/index.php?rest_route=\/wp\/v2\/posts"}],"about":[{"href":"https:\/\/arantv.az\/index.php?rest_route=\/wp\/v2\/types\/post"}],"author":[{"embeddable":true,"href":"https:\/\/arantv.az\/index.php?rest_route=\/wp\/v2\/users\/2"}],"replies":[{"embeddable":true,"href":"https:\/\/arantv.az\/index.php?rest_route=%2Fwp%2Fv2%2Fcomments&post=741868"}],"version-history":[{"count":1,"href":"https:\/\/arantv.az\/index.php?rest_route=\/wp\/v2\/posts\/741868\/revisions"}],"predecessor-version":[{"id":741870,"href":"https:\/\/arantv.az\/index.php?rest_route=\/wp\/v2\/posts\/741868\/revisions\/741870"}],"wp:featuredmedia":[{"embeddable":true,"href":"https:\/\/arantv.az\/index.php?rest_route=\/wp\/v2\/media\/741869"}],"wp:attachment":[{"href":"https:\/\/arantv.az\/index.php?rest_route=%2Fwp%2Fv2%2Fmedia&parent=741868"}],"wp:term":[{"taxonomy":"category","embeddable":true,"href":"https:\/\/arantv.az\/index.php?rest_route=%2Fwp%2Fv2%2Fcategories&post=741868"},{"taxonomy":"post_tag","embeddable":true,"href":"https:\/\/arantv.az\/index.php?rest_route=%2Fwp%2Fv2%2Ftags&post=741868"}],"curies":[{"name":"wp","href":"https:\/\/api.w.org\/{rel}","templated":true}]}}